{"id":95643,"date":"2026-01-29T06:48:05","date_gmt":"2026-01-29T06:48:05","guid":{"rendered":"https:\/\/ikimisli.tr\/?p=95643"},"modified":"2026-01-29T06:48:05","modified_gmt":"2026-01-29T06:48:05","slug":"sac-ordugu-icin-gorevden-uzaklastirilan-hemsireden-zehir-zemberek-aciklama","status":"publish","type":"post","link":"https:\/\/ikimisli.tr\/index.php\/2026\/01\/29\/sac-ordugu-icin-gorevden-uzaklastirilan-hemsireden-zehir-zemberek-aciklama\/","title":{"rendered":"Sa\u00e7 \u00f6rd\u00fc\u011f\u00fc i\u00e7in g\u00f6revden uzakla\u015ft\u0131r\u0131lan hem\u015fireden zehir zemberek a\u00e7\u0131klama"},"content":{"rendered":"<p>Suriye&#8217;de ter\u00f6r \u00f6rg\u00fct\u00fc YPG\/SDG&#8217;li bir bayan\u0131n, Suriye ordusu taraf\u0131ndan sa\u00e7\u0131n\u0131n kesilmesinin akabinde DEM Partililer toplumsal medyada sa\u00e7 \u00f6rme ak\u0131m\u0131 ba\u015flatt\u0131.<\/p>\n<p>Ak\u0131ma kat\u0131lanlardan biri de Kocaeli Gebze Fatih Devlet Hastanesi&#8217;nde vazife yapan hem\u015fire \u0130.A. idi.<\/p>\n<p>Hem\u015fire \u0130.A., sa\u00e7lar\u0131n\u0131 \u00f6r\u00fcp &#8216;Ayn\u0131 sa\u00e7 de\u011fil tahminen ancak birebir ac\u0131, birebir his&#8217; notu ve K\u00fcrt\u00e7e bir m\u00fczikle toplumsal medyada payla\u015f\u0131m yapt\u0131. <\/p>\n<p>G\u00f6zalt\u0131na al\u0131nan hem\u015fire ifadesinde, &#8220;Pi\u015fman\u0131m benim devlet yanl\u0131s\u0131 payla\u015f\u0131mlar\u0131m da var. Zazay\u0131m, K\u00fcrt\u00e7e bilmiyorum m\u00fczik kelamlar\u0131n\u0131 bilmiyorum&#8221; s\u00f6zlerini kullanm\u0131\u015ft\u0131.<\/p>\n<p><b>&#8216;G\u00d6REV\u0130MDEN UZAKLA\u015eTIRILDIM&#8217;<\/b><\/p>\n<p>Serbest b\u0131rak\u0131lan hem\u015fire \u0130.A. yapt\u0131\u011f\u0131 a\u00e7\u0131klamada &#8220;Ters kelep\u00e7eyle ak\u015fam saatlerinde g\u00f6zalt\u0131na al\u0131nd\u0131m ve sonras\u0131nda konutum arand\u0131. Yurt d\u0131\u015f\u0131 yasa\u011f\u0131yla tutuksuz yarg\u0131lanmama karar verildi. Vazifemden uzakla\u015ft\u0131r\u0131ld\u0131m&#8221; dedi. <\/p>\n<p><b>&#8216;TAZM\u0130NATI SOKAK HAYVANLARINA BA\u011eI\u015eLAYACA\u011eIM&#8217;<\/b><\/p>\n<p>Hem\u015firenin toplumsal medyadan yapt\u0131\u011f\u0131 a\u00e7\u0131klaman\u0131n tamam\u0131 \u015f\u00f6yle:<\/p>\n<p>Bu m\u00fchlet zarf\u0131nda hakk\u0131mda temelsiz yay\u0131n, payla\u015f\u0131m yapan, vefat tehditlerinde bulunan, k\u00fcf\u00fcr, hakaret eden herkes hakk\u0131nda; c\u00fcr\u00fcm duyurusunda bulunaca\u011f\u0131m\u0131 buradan bildiriyorum. Oradan gelen maddi manevi tazminatlar\u0131 da sokak hayvanlar\u0131na ba\u011f\u0131\u015flayaca\u011f\u0131m.<\/p>\n<p>\u015eimdi de birebir omurgas\u0131zlar tabirimle alakal\u0131 temelsiz, ger\u00e7ek d\u0131\u015f\u0131 telaffuzlarla benim \u00fczerimden takip\u00e7i kasmak, izlenme almak ve etkile\u015fimi art\u0131rmak ismine payla\u015f\u0131mlar\u0131na devam etmektedirler. Ben s\u00f6z\u00fcmde \u00fczerime at\u0131l\u0131 su\u00e7lamalar\u0131 kabul etmedi\u011fimi, bayan haklar\u0131na, bayan cinayetlerine hassas oldu\u011fumu, sa\u00e7 \u00f6rmenin TCK ve 657 Devlet Memurlar\u0131 Kanunu hususlar\u0131na nazaran c\u00fcr\u00fcm te\u015fkil etmedi\u011fini, hakk\u0131mda alg\u0131 yarat\u0131lmaya \u00e7al\u0131\u015f\u0131ld\u0131\u011f\u0131n\u0131, devlet memuru, Diyarbak\u0131rl\u0131 ve K\u00fcrt oldu\u011fumu, K\u00fcrt\u00e7e bilmedi\u011fimi, ana dilimin Zazaca oldu\u011funu ve bundan \u00f6t\u00fcr\u00fc bu muameleyi g\u00f6rd\u00fc\u011f\u00fcm\u00fc beyan ettim.<\/p>\n<p><b>&#8216;BEN\u0130MLE TIPKI H\u0130STE OLAN HERKES TE\u015eEKK\u00dcR EDER\u0130M&#8217;<\/b><\/p>\n<p>Bu m\u00fchlet zarf\u0131nda takviyesini derinden hissetti\u011fim; siyaset\u00e7i, hukuk\u00e7u, sanat\u00e7\u0131, gurbet\u00e7i, K\u00fcrt, T\u00fcrk, Alevi diye ayr\u0131mc\u0131l\u0131k yapmadan yan\u0131mda olan, gerek arayan gerek bildirilerini ileten herkese te\u015fekk\u00fcr\u00fc bor\u00e7 biliyorum. Sa\u00e7lar\u0131 t\u0131pk\u0131 sa\u00e7 olmay\u0131p bu s\u00fcre\u00e7te benimle t\u0131pk\u0131 ac\u0131 ve birebir histe olan herkesi sevgiyle kucakl\u0131yorum.\u201d<\/p>\n<p><img decoding=\"async\" src=\"https:\/\/ikimisli.tr\/wp-content\/uploads\/2026\/01\/sac-ordugu-icin-gorevden-uzaklastirilan-hemsireden-zehir-zemberek-aciklama-0-sRJ6NmtR.jpg\"\/><\/p>\n","protected":false},"excerpt":{"rendered":"<p>Suriye&#8217;de ter\u00f6r \u00f6rg\u00fct\u00fc YPG\/SDG mensubu bir bayan\u0131n Suriye ordusu taraf\u0131ndan sa\u00e7\u0131n\u0131n kesilmesinin akabinde toplumsal medyada ba\u015flat\u0131lan &#8216;sa\u00e7 \u00f6rme&#8217; ak\u0131m\u0131na kat\u0131lan Hem\u015fire \u0130.A. g\u00f6zalt\u0131na al\u0131nm\u0131\u015ft\u0131. Tabirinin akabinde \u00f6zg\u00fcr b\u0131rak\u0131lan Hem\u015fire \u0130.A. yeni yapt\u0131\u011f\u0131 a\u00e7\u0131klamada &#8220;Bu m\u00fcddet zarf\u0131nda hakk\u0131mda temelsiz yay\u0131n herkes hakk\u0131nda; kabahat duyurusunda bulunaca\u011f\u0131m\u0131 buradan bildiriyorum. Oradan gelen maddi tazminatlar\u0131 da sokak hayvanlar\u0131na ba\u011f\u0131\u015flayaca\u011f\u0131m&#8221; tabirlerini kulland\u0131.<\/p>\n","protected":false},"author":1,"featured_media":95644,"comment_status":"open","ping_status":"open","sticky":false,"template":"","format":"standard","meta":{"footnotes":""},"categories":[25],"tags":[9972,1914,2086],"class_list":["post-95643","post","type-post","status-publish","format-standard","has-post-thumbnail","hentry","category-gundem","tag-hemsire","tag-kurt","tag-sac"],"_links":{"self":[{"href":"https:\/\/ikimisli.tr\/index.php\/wp-json\/wp\/v2\/posts\/95643","targetHints":{"allow":["GET"]}}],"collection":[{"href":"https:\/\/ikimisli.tr\/index.php\/wp-json\/wp\/v2\/posts"}],"about":[{"href":"https:\/\/ikimisli.tr\/index.php\/wp-json\/wp\/v2\/types\/post"}],"author":[{"embeddable":true,"href":"https:\/\/ikimisli.tr\/index.php\/wp-json\/wp\/v2\/users\/1"}],"replies":[{"embeddable":true,"href":"https:\/\/ikimisli.tr\/index.php\/wp-json\/wp\/v2\/comments?post=95643"}],"version-history":[{"count":1,"href":"https:\/\/ikimisli.tr\/index.php\/wp-json\/wp\/v2\/posts\/95643\/revisions"}],"predecessor-version":[{"id":95646,"href":"https:\/\/ikimisli.tr\/index.php\/wp-json\/wp\/v2\/posts\/95643\/revisions\/95646"}],"wp:featuredmedia":[{"embeddable":true,"href":"https:\/\/ikimisli.tr\/index.php\/wp-json\/wp\/v2\/media\/95644"}],"wp:attachment":[{"href":"https:\/\/ikimisli.tr\/index.php\/wp-json\/wp\/v2\/media?parent=95643"}],"wp:term":[{"taxonomy":"category","embeddable":true,"href":"https:\/\/ikimisli.tr\/index.php\/wp-json\/wp\/v2\/categories?post=95643"},{"taxonomy":"post_tag","embeddable":true,"href":"https:\/\/ikimisli.tr\/index.php\/wp-json\/wp\/v2\/tags?post=95643"}],"curies":[{"name":"wp","href":"https:\/\/api.w.org\/{rel}","templated":true}]}}