{"id":95658,"date":"2026-01-29T07:36:08","date_gmt":"2026-01-29T07:36:08","guid":{"rendered":"https:\/\/ikimisli.tr\/?p=95658"},"modified":"2026-01-29T07:36:08","modified_gmt":"2026-01-29T07:36:08","slug":"antalyada-jet-ski-ile-kendisine-carpan-kisinin-bulunmasini-istiyor","status":"publish","type":"post","link":"https:\/\/ikimisli.tr\/index.php\/2026\/01\/29\/antalyada-jet-ski-ile-kendisine-carpan-kisinin-bulunmasini-istiyor\/","title":{"rendered":"Antalya&#8217;da jet ski ile kendisine \u00e7arpan ki\u015finin bulunmas\u0131n\u0131 istiyor"},"content":{"rendered":"<p>Olay, ge\u00e7en 15 Temmuz&#8217;da Konyaalt\u0131 K\u0131y\u0131s\u0131&#8217;nda meydana geldi. Muratpa\u015fa il\u00e7esinde ya\u015fayan Ceyhun Solmaz, s\u0131cak havadan bunalan o\u011fluyla k\u0131y\u0131ya gitti. K\u0131y\u0131da o\u011fluyla birlikte y\u00fczmeye ba\u015flayan Solmaz&#8217;a, jet-ski \u00e7arpt\u0131. Ne oldu\u011funu anlamaya \u00e7al\u0131\u015fan Solmaz, sudan \u00e7\u0131kmaya \u00e7al\u0131\u015ft\u0131. Bu s\u0131rada kendisine \u00e7arpan jet-skinin uzakla\u015ft\u0131\u011f\u0131n\u0131 g\u00f6ren Solmaz, sol omzunun \u00e7\u0131kt\u0131\u011f\u0131n\u0131 fark etti. Tek kolunu kullanarak zahmetle sudan \u00e7\u0131kan Solmaz, hastaneye gitti. Muayenede, Solmaz&#8217;\u0131n omzunun \u00e7\u0131kt\u0131\u011f\u0131, kolunda da y\u0131rt\u0131k ve k\u0131r\u0131k oldu\u011fu tespit edildi. Ameliyat olan ve ge\u00e7en 6 aya kar\u015f\u0131n kolunu kullanamayan Solmaz, savc\u0131l\u0131\u011fa hata duyurusunda bulundu. Bu denli vakittir sonu\u00e7 alamayan Solmaz, kendisine \u00e7arpan jet-ski \u015fof\u00f6r\u00fcn\u00fcn bulunmas\u0131n\u0131 istiyor.<\/p>\n<p><strong>&#8216;KOLUM AKS\u0130 D\u00d6NM\u00dc\u015eT\u00dc&#8217;<\/strong><\/p>\n<p>O\u011flunun yan\u0131nda olmas\u0131 nedeniyle b\u00fcy\u00fck endi\u015fe ya\u015fad\u0131\u011f\u0131n\u0131 s\u00f6yleyen Ceyhun Solmaz, &#8220;O\u011flumla Konyaalt\u0131 K\u0131y\u0131s\u0131&#8217;na gittik. Serinlemek i\u00e7in denize girdik. K\u0131y\u0131ya \u00e7ok yak\u0131ndayd\u0131m. Saniyelik bir \u015feydi. Bir anda jet-ski geldi \u00e7arpt\u0131 ve suya batt\u0131m. Kolum ayk\u0131r\u0131 d\u00f6nm\u00fc\u015ft\u00fc. Tek elimle k\u0131y\u0131ya \u00e7\u0131kt\u0131m. Bakt\u0131\u011f\u0131mda jet-ski baya uzakla\u015fm\u0131\u015ft\u0131. Yaln\u0131zca renginin beyaz oldu\u011funu hat\u0131rl\u0131yorum. Hastaneye gittim ve omzun \u00e7\u0131kt\u0131\u011f\u0131n\u0131 s\u00f6ylediler. Tedaviye ba\u015flad\u0131\u011f\u0131mda kolumda k\u0131r\u0131k ve y\u0131rt\u0131k oldu\u011fu s\u00f6ylendi. Ameliyat oldum&#8221; dedi.<\/p>\n<p><strong>&#8216;\u00d6L\u00dcMLE B\u0130LE SONU\u00c7LANAB\u0130L\u0130RD\u0130&#8217;<\/strong><\/p>\n<p>Aradan ge\u00e7en vakte kar\u015f\u0131n kendisine \u00e7arpan jet-ski \u015fof\u00f6r\u00fcn\u00fcn bulunamad\u0131\u011f\u0131n\u0131 belirten Solmaz, &#8220;Yakla\u015f\u0131k 6 ay ge\u00e7ti \u00fczerinden lakin omzum hala hasarl\u0131. Savc\u0131l\u0131\u011fa kabahat duyurusunda bulundum. Birebir vakitte K\u0131y\u0131 G\u00fcvenli\u011fe de ba\u015fvurdum. Bu denli vakte kar\u015f\u0131n fail hala bulunamad\u0131. Yan\u0131mda o\u011flum vard\u0131, ona da \u00e7arpabilirdi. Benim ba\u015f\u0131ma \u00f6nemli hasar verebilirdi. Vefatla bile sonu\u00e7lanabilirdi. Ucuz kurtulduk&#8221; diye konu\u015ftu.<\/p>\n","protected":false},"excerpt":{"rendered":"<p>Antalya&#8217;da k\u0131y\u0131da o\u011fluyla y\u00fczen Ceyhun Solmaz (36), jet-skinin \u00e7arpmas\u0131 sonucu yaraland\u0131. Kolundaki hasar nedeniyle 6 ayd\u0131r i\u015fine devam edemeyen Solmaz, jet-skiyle kendisine \u00e7arpan ki\u015finin bulunmas\u0131n\u0131 istiyor.<\/p>\n","protected":false},"author":1,"featured_media":95659,"comment_status":"open","ping_status":"open","sticky":false,"template":"","format":"standard","meta":{"footnotes":""},"categories":[25],"tags":[10072,9723],"class_list":["post-95658","post","type-post","status-publish","format-standard","has-post-thumbnail","hentry","category-gundem","tag-jet-ski","tag-solmaz"],"_links":{"self":[{"href":"https:\/\/ikimisli.tr\/index.php\/wp-json\/wp\/v2\/posts\/95658","targetHints":{"allow":["GET"]}}],"collection":[{"href":"https:\/\/ikimisli.tr\/index.php\/wp-json\/wp\/v2\/posts"}],"about":[{"href":"https:\/\/ikimisli.tr\/index.php\/wp-json\/wp\/v2\/types\/post"}],"author":[{"embeddable":true,"href":"https:\/\/ikimisli.tr\/index.php\/wp-json\/wp\/v2\/users\/1"}],"replies":[{"embeddable":true,"href":"https:\/\/ikimisli.tr\/index.php\/wp-json\/wp\/v2\/comments?post=95658"}],"version-history":[{"count":1,"href":"https:\/\/ikimisli.tr\/index.php\/wp-json\/wp\/v2\/posts\/95658\/revisions"}],"predecessor-version":[{"id":95660,"href":"https:\/\/ikimisli.tr\/index.php\/wp-json\/wp\/v2\/posts\/95658\/revisions\/95660"}],"wp:featuredmedia":[{"embeddable":true,"href":"https:\/\/ikimisli.tr\/index.php\/wp-json\/wp\/v2\/media\/95659"}],"wp:attachment":[{"href":"https:\/\/ikimisli.tr\/index.php\/wp-json\/wp\/v2\/media?parent=95658"}],"wp:term":[{"taxonomy":"category","embeddable":true,"href":"https:\/\/ikimisli.tr\/index.php\/wp-json\/wp\/v2\/categories?post=95658"},{"taxonomy":"post_tag","embeddable":true,"href":"https:\/\/ikimisli.tr\/index.php\/wp-json\/wp\/v2\/tags?post=95658"}],"curies":[{"name":"wp","href":"https:\/\/api.w.org\/{rel}","templated":true}]}}