{"id":95786,"date":"2026-01-29T15:12:07","date_gmt":"2026-01-29T15:12:07","guid":{"rendered":"https:\/\/ikimisli.tr\/?p=95786"},"modified":"2026-01-29T15:12:07","modified_gmt":"2026-01-29T15:12:07","slug":"tegmenlerin-iade-kararindan-bir-gun-once-msbden-hamle","status":"publish","type":"post","link":"https:\/\/ikimisli.tr\/index.php\/2026\/01\/29\/tegmenlerin-iade-kararindan-bir-gun-once-msbden-hamle\/","title":{"rendered":"Te\u011fmenlerin iade karar\u0131ndan bir g\u00fcn \u00f6nce MSB&#8217;den hamle"},"content":{"rendered":"<p>30 A\u011fustos 2024 Kara Harp Okulu Mezuniyeti sonras\u0131 yap\u0131lan k\u0131l\u0131\u00e7l\u0131 yemin 5 gen\u00e7 te\u011fmenin TSK&#8217;dan ihrac\u0131 ile sonu\u00e7land\u0131. Te\u011fmenlerin a\u00e7t\u0131\u011f\u0131 iptal davalar\u0131ndan ise kararlar gelmeye ba\u015flad\u0131. Te\u011fmen Deniz Demirta\u015f&#8217;\u0131n ihra\u00e7 karar\u0131 kald\u0131r\u0131ld\u0131. Demirta\u015f mahkeme karar\u0131 ile misyonuna iade edildi.<\/p>\n<p><strong>S\u00d6ZC\u00dc Muhabiri \u0130lknur Ya\u011fumli&#8217;nin haberine g\u00f6re<\/strong>, Karar te\u011fmen Demirta\u015f&#8217;a bildirim edilmeden bir g\u00fcn evvel Ulusal Savunma Bakanl\u0131\u011f\u0131&#8217;n\u0131n ek bir beyan sundu\u011fu ortaya \u00e7\u0131kt\u0131. Bakanl\u0131k iade karar\u0131ndan bir g\u00fcn evvel davan\u0131n reddini talep etti.<\/p>\n<p><img decoding=\"async\" src=\"https:\/\/ikimisli.tr\/wp-content\/uploads\/2026\/01\/tegmenlerin-iade-kararindan-bir-gun-once-msbden-hamle-0-u56RQUq5.jpeg\"\/><\/p>\n<p><b>SOSYAL MEDYA PAYLA\u015eIMLARI EVRAKA SUNULDU<\/b><\/p>\n<p>Te\u011fmen Demirta\u015f&#8217;\u0131n iade karar\u0131 Aral\u0131k 2025&#8217;te al\u0131nd\u0131 fakat karar 23 Ocak&#8217;ta Demirta\u015f&#8217;a iletildi. Bildirimden bir g\u00fcn evvel 22 Ocak&#8217;ta Bakanl\u0131k, Te\u011fmen Demirta\u015f&#8217;\u0131n toplumsal medyada yapt\u0131\u011f\u0131 bir payla\u015f\u0131m\u0131 mahkemeye sundu.<\/p>\n<p>Demirta\u015f&#8217;\u0131n payla\u015f\u0131m\u0131nda Bakan Ya\u015far G\u00fcler&#8217;in &#8220;Te\u011fmenler Mustafa Kemal&#8217;in Askerleriyiz dedikleri i\u00e7in ihra\u00e7 edilmediler.&#8221; kelamlar\u0131na cevap yer al\u0131yordu. Demirta\u015f G\u00fcler&#8217;e kar\u015f\u0131l\u0131k olarak &#8220;Bizlerin oturdu\u011fu s\u0131ralarda sizler de oturup yemin ederek Atat\u00fcrk&#8217;\u00fc and\u0131n\u0131z. Atat\u00fcrk&#8217;\u00fcn siyaset \u00fcst\u00fc oldu\u011funu bildi\u011finiz halde bunu siyaset gereci olup bizler ihra\u00e7 edilirken buna g\u00f6z yumdunuz&#8221; s\u00f6zlerini kulland\u0131. Bakanl\u0131k TSK&#8217;n\u0131n prestijinin bu payla\u015f\u0131mla zedelendi\u011fini sav ederek davan\u0131n reddedilmesini istedi.\u00a0<\/p>\n<p>Karar bir g\u00fcn sonra Bakanl\u0131\u011f\u0131n talebinin bilakis Deniz Demirta\u015f&#8217;\u0131n misyona iadesi taraf\u0131nda oldu.<\/p>\n<p>\u0130hra\u00e7 edilen bir \u00f6b\u00fcr te\u011fmen olan Serhat G\u00fcndar hakk\u0131nda da ek beyan sunan Bakanl\u0131k, G\u00fcndar&#8217;\u0131n Ya\u015far G\u00fcler&#8217;e verdi\u011fi cevab\u0131 m\u00fcnasebet g\u00f6stererek davan\u0131n reddini talep etti. Her iki beyanda da payla\u015f\u0131mlara ait ekran imajlar\u0131, payla\u015f\u0131m tarihleri ve etkile\u015fim say\u0131lar\u0131 yer ald\u0131. Bakanl\u0131k te\u011fmenlerin kamuoyunda nas\u0131l kar\u015f\u0131l\u0131k buldu\u011funu takip ederken g\u00f6zler \u00f6teki te\u011fmenler hakk\u0131nda verilecek kararlarda. \u0130hra\u00e7 edilen te\u011fmenlerde Serhat G\u00fcndar ve \u0130zzet Talip Akarsu&#8217;nun birinci duru\u015fmalar\u0131 25 \u015eubat&#8217;ta g\u00f6r\u00fclecek<\/p>\n","protected":false},"excerpt":{"rendered":"<p>30 A\u011fustos 2024 Kara Harp Okulu Mezuniyeti sonras\u0131 yap\u0131lan k\u0131l\u0131\u00e7l\u0131 yemin 5 gen\u00e7 te\u011fmenin TSK&#8217;dan ihrac\u0131 ile sonu\u00e7land\u0131. Te\u011fmen Deniz Demirta\u015f mahkeme karar\u0131 ile misyonuna iade edildi. Karardan bir g\u00fcn evvel Ulusal Savunma Bakanl\u0131\u011f\u0131&#8217;n\u0131n ek bir beyan sundu\u011fu ortaya \u00e7\u0131kt\u0131.<\/p>\n","protected":false},"author":1,"featured_media":95787,"comment_status":"open","ping_status":"open","sticky":false,"template":"","format":"standard","meta":{"footnotes":""},"categories":[25],"tags":[2495,89,775,2239,2560],"class_list":["post-95786","post","type-post","status-publish","format-standard","has-post-thumbnail","hentry","category-gundem","tag-bakanlik","tag-gun","tag-kara","tag-paylasim","tag-tegmen"],"_links":{"self":[{"href":"https:\/\/ikimisli.tr\/index.php\/wp-json\/wp\/v2\/posts\/95786","targetHints":{"allow":["GET"]}}],"collection":[{"href":"https:\/\/ikimisli.tr\/index.php\/wp-json\/wp\/v2\/posts"}],"about":[{"href":"https:\/\/ikimisli.tr\/index.php\/wp-json\/wp\/v2\/types\/post"}],"author":[{"embeddable":true,"href":"https:\/\/ikimisli.tr\/index.php\/wp-json\/wp\/v2\/users\/1"}],"replies":[{"embeddable":true,"href":"https:\/\/ikimisli.tr\/index.php\/wp-json\/wp\/v2\/comments?post=95786"}],"version-history":[{"count":1,"href":"https:\/\/ikimisli.tr\/index.php\/wp-json\/wp\/v2\/posts\/95786\/revisions"}],"predecessor-version":[{"id":95789,"href":"https:\/\/ikimisli.tr\/index.php\/wp-json\/wp\/v2\/posts\/95786\/revisions\/95789"}],"wp:featuredmedia":[{"embeddable":true,"href":"https:\/\/ikimisli.tr\/index.php\/wp-json\/wp\/v2\/media\/95787"}],"wp:attachment":[{"href":"https:\/\/ikimisli.tr\/index.php\/wp-json\/wp\/v2\/media?parent=95786"}],"wp:term":[{"taxonomy":"category","embeddable":true,"href":"https:\/\/ikimisli.tr\/index.php\/wp-json\/wp\/v2\/categories?post=95786"},{"taxonomy":"post_tag","embeddable":true,"href":"https:\/\/ikimisli.tr\/index.php\/wp-json\/wp\/v2\/tags?post=95786"}],"curies":[{"name":"wp","href":"https:\/\/api.w.org\/{rel}","templated":true}]}}