{"id":95869,"date":"2026-01-29T19:48:07","date_gmt":"2026-01-29T19:48:07","guid":{"rendered":"https:\/\/ikimisli.tr\/?p=95869"},"modified":"2026-01-29T19:48:07","modified_gmt":"2026-01-29T19:48:07","slug":"pttde-ataturksuz-makam-odalari-skandali","status":"publish","type":"post","link":"https:\/\/ikimisli.tr\/index.php\/2026\/01\/29\/pttde-ataturksuz-makam-odalari-skandali\/","title":{"rendered":"PTT\u2019de \u201cAtat\u00fcrks\u00fcz makam odalar\u0131\u201d skandal\u0131"},"content":{"rendered":"<p>CHP Gaziantep Milletvekili Hasan \u00d6zt\u00fcrkmen, Gaziantep PTT Ba\u015fm\u00fcd\u00fcrl\u00fc\u011f\u00fc\u2019nde birtak\u0131m y\u00f6neticilerin makam odalar\u0131nda T\u00fcrkiye Cumhuriyeti&#8217;nin kurucusu Mustafa Kemal Atat\u00fcrk\u2019\u00fcn foto\u011fraflar\u0131n\u0131n kald\u0131r\u0131ld\u0131\u011f\u0131n\u0131 a\u00e7\u0131klad\u0131. \u00d6zt\u00fcrkmen, kamu kurumlar\u0131nda yaln\u0131zca AKP Genel Ba\u015fkan\u0131 ve Cumhurba\u015fkan\u0131 Recep Tayyip Erdo\u011fan\u2019\u0131n foto\u011fraflar\u0131n\u0131n as\u0131l\u0131 olmas\u0131n\u0131 \u201cdevlet gelene\u011finin tasfiyesi\u201d olarak nitelendirdi ve durumu foto\u011fraflarla belgeledi.<\/p>\n<p><img decoding=\"async\" src=\"https:\/\/ikimisli.tr\/wp-content\/uploads\/2026\/01\/pttde-ataturksuz-makam-odalari-skandali-0-AfHYRO7g.jpeg\"\/><\/p>\n<p><b>FOTO\u011eRAFLARLA BELGELED\u0130<\/b><\/p>\n<p>CHP Gaziantep Milletvekili Hasan \u00d6zt\u00fcrkmen, CHP Gaziantep Vilayet Ba\u015fkanl\u0131\u011f\u0131\u2019nda d\u00fczenledi\u011fi bas\u0131n toplant\u0131s\u0131nda, kamu kurumlar\u0131ndaki \u201cAtat\u00fcrks\u00fcz makam odalar\u0131\u201d uygulamas\u0131n\u0131 foto\u011fraflarla kamuoyuna a\u00e7\u0131klad\u0131. \u00d6zt\u00fcrkmen, Gaziantep PTT Ba\u015fm\u00fcd\u00fcrl\u00fc\u011f\u00fc\u2019nde vazifeli birtak\u0131m m\u00fcd\u00fcrlerin odalar\u0131nda T\u00fcrkiye Cumhuriyeti&#8217;nin kurucusu Mustafa Kemal Atat\u00fcrk\u2019\u00fcn foto\u011fraf\u0131n\u0131n bulunmad\u0131\u011f\u0131n\u0131, sadece Cumhurba\u015fkan\u0131 Erdo\u011fan\u2019\u0131n foto\u011fraflar\u0131n\u0131n yer ald\u0131\u011f\u0131n\u0131 s\u00f6yledi. \u00d6zt\u00fcrkmen, bahisle ilgili edindi\u011fi bilgileri yerinde incelemek maksad\u0131yla PTT Gaziantep Ba\u015fm\u00fcd\u00fcrl\u00fc\u011f\u00fc\u2019ne gitti\u011fini belirterek, \u201cPTT Gaziantep Ba\u015fm\u00fcd\u00fcr Yard\u0131mc\u0131s\u0131 ve Pazarlama-Sat\u0131\u015f M\u00fcd\u00fcr\u00fc Bekir Emino\u011flu\u2019nun makam odas\u0131nda Atat\u00fcrk foto\u011fraf\u0131n\u0131n olmad\u0131\u011f\u0131n\u0131 \u015fahsen tespit ettim. Duvarda s\u0131rf Recep Tayyip Erdo\u011fan\u2019\u0131n foto\u011fraf\u0131 bulunuyordu\u201d dedi.<\/p>\n<p><b>\u2018ASMAK ZORUNDA DE\u011e\u0130L\u0130Z\u2019 YANITI<\/b><\/p>\n<p>Atat\u00fcrk foto\u011fraf\u0131n\u0131n neden as\u0131l\u0131 olmad\u0131\u011f\u0131n\u0131 sordu\u011funu s\u00f6z eden \u00d6zt\u00fcrkmen, Emino\u011flu\u2019nun kendisine, \u201cAsmak zorunda de\u011filiz. Bize bu t\u00fcrl\u00fc bir mecburiyet bildirilmedi. Genel m\u00fcd\u00fcrl\u00fck g\u00f6nderirse asar\u0131z\u201d kar\u015f\u0131l\u0131\u011f\u0131n\u0131 verdi\u011fini aktard\u0131. \u00d6zt\u00fcrkmen, bu duruma reaksiyon g\u00f6stererek, \u201cBir kamu y\u00f6neticisi, Atat\u00fcrk\u2019\u00fcn foto\u011fraf\u0131n\u0131 asmak zorunda olmad\u0131\u011f\u0131n\u0131 s\u00f6yleyebiliyor lakin birebir makam odas\u0131na Erdo\u011fan\u2019\u0131n foto\u011fraf\u0131n\u0131 asmak konusunda bir mecburiyet hissediyor. Bu kabul edilemez\u201d diye konu\u015ftu.<\/p>\n<p><b>BA\u015eKA M\u00dcD\u00dcRLERDE DE B\u0130REB\u0130R TABLO<\/b><\/p>\n<p>Skandal\u0131n tek bir makam odas\u0131yla hudutlu olmad\u0131\u011f\u0131n\u0131 vurgulayan \u00d6zt\u00fcrkmen, PTT Gaziantep Dayanak Hizmetleri M\u00fcd\u00fcr\u00fc Mustafa Bozgeyik\u2019in makam odas\u0131nda da Atat\u00fcrk foto\u011fraf\u0131n\u0131n bulunmad\u0131\u011f\u0131n\u0131, durumu foto\u011fraflarla belgelediklerini s\u00f6yledi. \u00d6zt\u00fcrkmen ayr\u0131yeten, PTT Gaziantep Ba\u015fm\u00fcd\u00fcr\u00fc Mustafa Akdemir\u2019e y\u00f6nelik bir iddiay\u0131 da g\u00fcndeme getirdi. Ge\u00e7ti\u011fimiz 10 Kas\u0131m\u2019da PTT \u00e7al\u0131\u015fanlar\u0131n\u0131n Atat\u00fcrk\u2019\u00fc anmak i\u00e7in h\u00fcrmet duru\u015funa \u00e7\u0131kt\u0131\u011f\u0131 s\u0131rada Akdemir\u2019in merasime kat\u0131lmad\u0131\u011f\u0131 ve makam odas\u0131nda kald\u0131\u011f\u0131 taraf\u0131nda bilgi ald\u0131klar\u0131n\u0131 belirten \u00d6zt\u00fcrkmen, \u201cBu sav yanl\u0131\u015fs\u0131z mu? 10 Kas\u0131m merasimini neden protesto ettiniz?\u201d sorular\u0131n\u0131 y\u00f6neltti. PTT\u2019nin y\u0131llard\u0131r AKP iktidar\u0131 devrinde liyakatsiz atamalarla y\u00f6netildi\u011fini savunan \u00d6zt\u00fcrkmen, kurumun 8 milyar TL\u2019yi a\u015fan ziyan\u0131na dikkat \u00e7ekti. \u0130\u015f\u00e7i al\u0131mlar\u0131n\u0131n AKP vilayet te\u015fkilatlar\u0131n\u0131n WhatsApp k\u00fcmelerinde belirlendi\u011fini ileri s\u00fcren \u00d6zt\u00fcrkmen, \u201c1840 y\u0131l\u0131nda kurulan, T\u00fcrkiye&#8217;nin en esasl\u0131 kurumlar\u0131ndan biri olan PTT bug\u00fcn Atat\u00fcrk\u2019\u00fcn dahi makam odalar\u0131ndan s\u00fcrg\u00fcn edildi\u011fi bir noktaya getirildi\u201d dedi.<\/p>\n<p><b>SAVCILARA VE VAL\u0130YE \u00c7A\u011eRI<\/b><\/p>\n<p>Mustafa Kemal Atat\u00fcrk\u2019\u00fcn bu devletin kurucusu oldu\u011funu vurgulayan \u00d6zt\u00fcrkmen, t\u00fcm kamu kurumlar\u0131nda Atat\u00fcrk foto\u011fraflar\u0131n\u0131n bulunmas\u0131n\u0131n zarur\u00ee oldu\u011funu tabir etti. \u201cHi\u00e7bir kamu vazifelisi \u2018Atat\u00fcrk\u2019\u00fcn foto\u011fraf\u0131n\u0131 asmak zorunda de\u011filiz\u2019 diyemez\u201d diyen \u00d6zt\u00fcrkmen, Cumhuriyet savc\u0131lar\u0131n\u0131 ve Gaziantep Valisi Kemal \u00c7eber\u2019i misyona \u00e7a\u011f\u0131rd\u0131. \u00d6zt\u00fcrkmen, makam odalar\u0131ndan Atat\u00fcrk foto\u011fraflar\u0131n\u0131 kald\u0131ran y\u00f6neticilerin derhal vazifeden al\u0131nmas\u0131 gerekti\u011fini s\u00f6yledi.<\/p>\n","protected":false},"excerpt":{"rendered":"<p>CHP Gaziantep Milletvekili Hasan \u00d6zt\u00fcrkmen, Gaziantep PTT Ba\u015fm\u00fcd\u00fcrl\u00fc\u011f\u00fc\u2019nde birtak\u0131m y\u00f6neticilerin makam odalar\u0131nda Atat\u00fcrk foto\u011fraf\u0131n\u0131n bulunmad\u0131\u011f\u0131n\u0131, buna ra\u011fmen yaln\u0131zca AKP Genel Ba\u015fkan\u0131 ve Cumhurba\u015fkan\u0131 Recep Tayyip Erdo\u011fan\u2019\u0131n foto\u011fraflar\u0131n\u0131n as\u0131l\u0131 oldu\u011funu a\u00e7\u0131klad\u0131. \u00d6zt\u00fcrkmen, durumu \u201cdevlet gelene\u011fine a\u00e7\u0131k bir meydan okuma\u201d olarak niteledi.<\/p>\n","protected":false},"author":1,"featured_media":95870,"comment_status":"open","ping_status":"open","sticky":false,"template":"","format":"standard","meta":{"footnotes":""},"categories":[25],"tags":[160,68,1856,8297,4059],"class_list":["post-95869","post","type-post","status-publish","format-standard","has-post-thumbnail","hentry","category-gundem","tag-fotografi","tag-gaziantep","tag-makam","tag-ozturkmen","tag-ptt"],"_links":{"self":[{"href":"https:\/\/ikimisli.tr\/index.php\/wp-json\/wp\/v2\/posts\/95869","targetHints":{"allow":["GET"]}}],"collection":[{"href":"https:\/\/ikimisli.tr\/index.php\/wp-json\/wp\/v2\/posts"}],"about":[{"href":"https:\/\/ikimisli.tr\/index.php\/wp-json\/wp\/v2\/types\/post"}],"author":[{"embeddable":true,"href":"https:\/\/ikimisli.tr\/index.php\/wp-json\/wp\/v2\/users\/1"}],"replies":[{"embeddable":true,"href":"https:\/\/ikimisli.tr\/index.php\/wp-json\/wp\/v2\/comments?post=95869"}],"version-history":[{"count":1,"href":"https:\/\/ikimisli.tr\/index.php\/wp-json\/wp\/v2\/posts\/95869\/revisions"}],"predecessor-version":[{"id":95872,"href":"https:\/\/ikimisli.tr\/index.php\/wp-json\/wp\/v2\/posts\/95869\/revisions\/95872"}],"wp:featuredmedia":[{"embeddable":true,"href":"https:\/\/ikimisli.tr\/index.php\/wp-json\/wp\/v2\/media\/95870"}],"wp:attachment":[{"href":"https:\/\/ikimisli.tr\/index.php\/wp-json\/wp\/v2\/media?parent=95869"}],"wp:term":[{"taxonomy":"category","embeddable":true,"href":"https:\/\/ikimisli.tr\/index.php\/wp-json\/wp\/v2\/categories?post=95869"},{"taxonomy":"post_tag","embeddable":true,"href":"https:\/\/ikimisli.tr\/index.php\/wp-json\/wp\/v2\/tags?post=95869"}],"curies":[{"name":"wp","href":"https:\/\/api.w.org\/{rel}","templated":true}]}}