{"id":95937,"date":"2026-01-29T23:12:07","date_gmt":"2026-01-29T23:12:07","guid":{"rendered":"https:\/\/ikimisli.tr\/?p=95937"},"modified":"2026-01-29T23:12:07","modified_gmt":"2026-01-29T23:12:07","slug":"kilit-isimden-milyarlik-satis","status":"publish","type":"post","link":"https:\/\/ikimisli.tr\/index.php\/2026\/01\/29\/kilit-isimden-milyarlik-satis\/","title":{"rendered":"Kilit isimden milyarl\u0131k sat\u0131\u015f"},"content":{"rendered":"<p>\u0130stanbul B\u00fcy\u00fck\u015fehir Belediyesi\u2019ne (\u0130BB) y\u00f6nelik 19 Mart 2025 operasyonunda Ekrem \u0130mamo\u011flu ile birlikte g\u00f6zalt\u0131na al\u0131n\u0131p tutuklanan daha sonra da \u00f6zg\u00fcr b\u0131rak\u0131lan \u0130lbak Holding\u2019in sahipleri, Murat, Ali ve Yusuf \u0130lbak bak\u0131r madeni sat\u0131yor. <\/p>\n<p><strong>\u2018\u0130TIRAF\u00c7I\u2019 DEN\u0130LMI\u015eT\u0130<\/strong><\/p>\n<p>\u0130lbak Holding, Akfen Holding ve Bacac\u0131 Yat\u0131r\u0131m ile birlikte ortak oldu\u011fu Acacia Mining Enterprises\u2019\u0131n (G\u00f6k\u0131rmak Bak\u0131r Madeni) sat\u0131\u015f\u0131 i\u00e7in d\u00fcnyaca \u00fcnl\u00fc yat\u0131r\u0131m bankas\u0131 Goldman Sachs\u2019a yetki verdi. Ortaklar 1 milyar dolar paha bekliyor.<\/p>\n<p>\u0130lbaklar\u0131n \u0130BB soru\u015fturmas\u0131ndaki rol\u00fc kadar ani gelen 1 milyar dolarl\u0131k sat\u0131\u015f da ba\u015f kar\u0131\u015ft\u0131rd\u0131. Murat \u0130lbak, 2021\u2019de \u0130BB\u2019den ald\u0131\u011f\u0131 ihale sebebiyle tutuklanm\u0131\u015ft\u0131. Hakimlik sorgusunda, 2011 y\u0131l\u0131nda AKP periyodunda ald\u0131klar\u0131 ihalenin m\u00fchleti dolduktan sonra 2021\u2019de t\u0131pk\u0131 i\u015fi tekrar ihaleyle ald\u0131klar\u0131n\u0131 belirtti. Yurt d\u0131\u015f\u0131na \u00e7\u0131k\u0131\u015f yasa\u011f\u0131yla sal\u0131verildi.<\/p>\n<p>Yanda\u015f medyada itiraf\u00e7\u0131 oldu\u011fu ve savc\u0131ya s\u00f6z verdi\u011fi arg\u00fcman edilirken, \u0130lbak ailesinin \u0130BB soru\u015fturmas\u0131ndan \u00e7\u0131kar\u0131ld\u0131\u011f\u0131 \u00f6\u011frenildi. \u0130lbak, \u0130BB iddianamesinde ku\u015fkulu olarak dahi yer almad\u0131\u011f\u0131, \u0130BB davas\u0131 eklerinde de \u0130lbak\u2019\u0131n itiraf\u00e7\u0131 olup s\u00f6z verdi\u011fine dair bir tutanak bulunmad\u0131\u011f\u0131 g\u00f6r\u00fcld\u00fc.  \u0130BB soru\u015fturmas\u0131nda bu tart\u0131\u015fmalar s\u00fcrerken, \u0130lbak Holding, Kastamonu\u2019ndaki maden alan\u0131n\u0131 sat\u0131\u015fa a\u00e7t\u0131.<\/p>\n<p>Sat\u0131\u015f karar\u0131nda, bak\u0131r piyasas\u0131ndaki sert y\u00fckseli\u015fin de tesiri oldu\u011fu belirtiliyor. Sat\u0131lacak tesis ve alanda 24 milyon ton bak\u0131r cevheri rezervi bulunuyor, hala y\u0131lda 120 bin ton bak\u0131r konsantresi \u00fcretiliyor. 2024 y\u0131l\u0131 ihracat\u0131 265 milyon dolar olan \u015firket, T\u00fcrkiye \u0130hracat\u00e7\u0131lar Meclisi raporuna nazaran bak\u0131r ihracat\u0131nda 1\u2019inci, toplam maden ihracat\u0131nda ise 2\u2019inci s\u0131rada yer al\u0131yor.<\/p>\n<p><img decoding=\"async\" src=\"https:\/\/ikimisli.tr\/wp-content\/uploads\/2026\/01\/kilit-isimden-milyarlik-satis-0-ftMOyvid.jpg\"\/><\/p>\n<p>Tutuklan\u0131p \u00f6zg\u00fcr b\u0131rak\u0131lan Murat \u0130lbak, ne itiraf\u00e7\u0131 ne de ku\u015fkulu olarak belgede yer al\u0131yor.<\/p>\n<p><b><span>\u0130lbak Holding reklam panolar\u0131n\u0131n da sahibi<\/span><\/b><\/p>\n<p>\u0130lbak, Holding; 2005\u2019ten bu yana \u0130stanbul\u2019da a\u00e7\u0131k hava reklamc\u0131l\u0131\u011f\u0131n\u0131n en tesirli \u015firketi olan Kentvizyon ve CNBC-e tv\u2019nin de i\u00e7inde oldu\u011fu 30\u2019a yak\u0131n \u015firketi bar\u0131nd\u0131r\u0131yor. \u0130BB soru\u015fturmas\u0131 kapsam\u0131nda kayyum atanan Kentvizyon\u2019un yaya ve ara\u00e7 trafi\u011finin a\u011f\u0131r oldu\u011fu noktalarda 30 bin panosu bulunuyor. \u0130stanbul, Ankara, \u0130zmir ve Bursa ba\u015fta olmak \u00fczere toplam n\u00fcfusun y\u00fczde 45\u2019ini olu\u015fturan 10 kentte de reklam panolar\u0131 yer al\u0131yor.<\/p>\n","protected":false},"excerpt":{"rendered":"<p>\u0130stanbul B\u00fcy\u00fck\u015fehir Belediyesi\u2019ne (\u0130BB) y\u00f6nelik 19 Mart 2025 operasyonunda Ekrem \u0130mamo\u011flu ile birlikte g\u00f6zalt\u0131na al\u0131n\u0131p tutuklanan daha sonra da h\u00fcr b\u0131rak\u0131lan \u0130lbak Holding\u2019in sahipleri, Murat, Ali ve Yusuf \u0130lbak bak\u0131r madeni sat\u0131yor. &#038;lsquo &#8230;<\/p>\n","protected":false},"author":1,"featured_media":95938,"comment_status":"open","ping_status":"open","sticky":false,"template":"","format":"standard","meta":{"footnotes":""},"categories":[24],"tags":[6569,3482,2910,10085],"class_list":["post-95937","post","type-post","status-publish","format-standard","has-post-thumbnail","hentry","category-ekonomi","tag-bakir","tag-holding","tag-ibb","tag-ilbak"],"_links":{"self":[{"href":"https:\/\/ikimisli.tr\/index.php\/wp-json\/wp\/v2\/posts\/95937","targetHints":{"allow":["GET"]}}],"collection":[{"href":"https:\/\/ikimisli.tr\/index.php\/wp-json\/wp\/v2\/posts"}],"about":[{"href":"https:\/\/ikimisli.tr\/index.php\/wp-json\/wp\/v2\/types\/post"}],"author":[{"embeddable":true,"href":"https:\/\/ikimisli.tr\/index.php\/wp-json\/wp\/v2\/users\/1"}],"replies":[{"embeddable":true,"href":"https:\/\/ikimisli.tr\/index.php\/wp-json\/wp\/v2\/comments?post=95937"}],"version-history":[{"count":1,"href":"https:\/\/ikimisli.tr\/index.php\/wp-json\/wp\/v2\/posts\/95937\/revisions"}],"predecessor-version":[{"id":95940,"href":"https:\/\/ikimisli.tr\/index.php\/wp-json\/wp\/v2\/posts\/95937\/revisions\/95940"}],"wp:featuredmedia":[{"embeddable":true,"href":"https:\/\/ikimisli.tr\/index.php\/wp-json\/wp\/v2\/media\/95938"}],"wp:attachment":[{"href":"https:\/\/ikimisli.tr\/index.php\/wp-json\/wp\/v2\/media?parent=95937"}],"wp:term":[{"taxonomy":"category","embeddable":true,"href":"https:\/\/ikimisli.tr\/index.php\/wp-json\/wp\/v2\/categories?post=95937"},{"taxonomy":"post_tag","embeddable":true,"href":"https:\/\/ikimisli.tr\/index.php\/wp-json\/wp\/v2\/tags?post=95937"}],"curies":[{"name":"wp","href":"https:\/\/api.w.org\/{rel}","templated":true}]}}