{"id":95963,"date":"2026-01-30T00:24:18","date_gmt":"2026-01-30T00:24:18","guid":{"rendered":"https:\/\/ikimisli.tr\/?p=95963"},"modified":"2026-01-30T00:24:18","modified_gmt":"2026-01-30T00:24:18","slug":"dunya-ankarali-ozgurun-pesine-dustu-milyonlarca-liralik-teklifler-geliyor","status":"publish","type":"post","link":"https:\/\/ikimisli.tr\/index.php\/2026\/01\/30\/dunya-ankarali-ozgurun-pesine-dustu-milyonlarca-liralik-teklifler-geliyor\/","title":{"rendered":"D\u00fcnya Ankaral\u0131 \u00d6zg\u00fcr&#8217;\u00fcn pe\u015fine d\u00fc\u015ft\u00fc! Milyonlarca liral\u0131k teklifler geliyor"},"content":{"rendered":"<p>2011&#8217;de 27 ya\u015f\u0131nda hayat\u0131n\u0131 kaybeden sanatkar\u0131n \u00fczerinde kan izleri bulunan bale pabu\u00e7lar\u0131, sonradan ortaya \u00e7\u0131kan \u00f6yk\u00fcs\u00fc, sanatkar\u0131n babas\u0131 Mitch Winehouse ile stilistleri ortas\u0131nda davaya mevzu olmas\u0131 ve ula\u015ft\u0131\u011f\u0131 k\u0131ymetle koleksiyon d\u00fcnyas\u0131n\u0131n dikkatini \u00e7ekti.<\/p>\n<p>Los Angeles&#8217;taki bir m\u00fczayededen 3 bin 900 dolara sat\u0131n al\u0131nan pabu\u00e7lar\u0131n, T\u00fcrk koleksiyoner \u00d6zg\u00fcr \u00c7ift&#8217;in ar\u015fivinde bulundu\u011funun \u00f6\u011frenilmesi \u00fczerine memleketler aras\u0131 koleksiyonerlerden yar\u0131m milyon sterline varan teklifler gelmeye ba\u015flad\u0131.<\/p>\n<p>Sanat\u00e7\u0131n\u0131n \u015fahs\u00ee e\u015fyalar\u0131n\u0131n m\u00fcsaadesiz sat\u0131ld\u0131\u011f\u0131 sav\u0131yla a\u00e7\u0131lan dava belgesinde yer alan ikonik kanl\u0131 bale pabu\u00e7lar\u0131n\u0131n, Los Angeles&#8217;ta d\u00fczenlenen m\u00fczayedede 3 bin 900 dolara Ankaral\u0131 koleksiyoner \u00d6zg\u00fcr \u00c7ift taraf\u0131ndan sat\u0131n al\u0131nd\u0131\u011f\u0131 ve m\u00fczayedenin akabinde 2007&#8217;de magazin bas\u0131n\u0131na bahis olan kimi imajlarda giyilen \u00e7ift oldu\u011fu ortaya \u00e7\u0131kt\u0131.<\/p>\n<p><img decoding=\"async\" src=\"https:\/\/ikimisli.tr\/wp-content\/uploads\/2026\/01\/dunya-ankarali-ozgurun-pesine-dustu-milyonlarca-liralik-teklifler-geliyor-0-z3vfb1Bf.png\"\/><\/p>\n<p>\u00c7ift&#8217;in koleksiyonunda, kelam konusu pabu\u00e7lar\u0131n yan\u0131 s\u0131ra Winehouse taraf\u0131ndan 2008 Brit Awards&#8217;ta giyilen k\u0131rm\u0131z\u0131 ekoseli korse, anaokulu y\u0131llar\u0131nda yap\u0131lan ve bilinen birinci imzas\u0131n\u0131 ta\u015f\u0131yan oto portre el \u00e7izimi ve sahnede kulland\u0131\u011f\u0131 ana mikrofonu da dahil olmak \u00fczere 100&#8217;\u00fcn \u00fczerinde \u00f6zel e\u015fyas\u0131 bulunuyor.<\/p>\n<p><b>&#8211; Kanl\u0131 pabu\u00e7lar\u0131n \u00f6yk\u00fcs\u00fc foto\u011fraflarla netle\u015fti<\/b><\/p>\n<p>Yakla\u015f\u0131k 26 y\u0131ld\u0131r farkl\u0131 sanatkarlara ili\u015fkin \u00f6zel e\u015fyalar\u0131 toplad\u0131\u011f\u0131n\u0131 belirten \u00d6zg\u00fcr \u00c7ift, AA muhabirine, y\u00fckl\u00fc olarak milletleraras\u0131 m\u00fczayedelerle ilgilendi\u011fini, y\u0131llar i\u00e7inde sinema ve m\u00fczik d\u00fcnyas\u0131ndan \u00e7ok say\u0131da sanatkara ili\u015fkin par\u00e7ay\u0131 ar\u015fivine katma f\u0131rsat\u0131 buldu\u011funu belirtti.<\/p>\n<p>\u00c7ift, kelam konusu bale pabu\u00e7lar\u0131n\u0131n Los Angeles&#8217;ta 2023&#8217;te d\u00fczenlenen bir m\u00fczayedede Winehouse&#8217;un stilistlerince sat\u0131\u015fa \u00e7\u0131kt\u0131\u011f\u0131n\u0131 lakin katalogda hangi periyoda ili\u015fkin olduklar\u0131na ya da ard\u0131nda bir k\u0131ssa bulundu\u011funa ait bilginin yer almad\u0131\u011f\u0131n\u0131 s\u00f6z etti.<\/p>\n<p><img decoding=\"async\" src=\"https:\/\/ikimisli.tr\/wp-content\/uploads\/2026\/01\/dunya-ankarali-ozgurun-pesine-dustu-milyonlarca-liralik-teklifler-geliyor-1-xbQ6dtwv.png\"\/><\/p>\n<p>Ankaral\u0131 koleksiyoner, pabu\u00e7lar\u0131 o d\u00f6nemki kurallarda 3 bin 900 dolara sat\u0131n ald\u0131\u011f\u0131n\u0131 s\u00f6yledi.<\/p>\n<p><strong>Bale pabu\u00e7lar\u0131n\u0131n \u00f6yk\u00fcs\u00fcn\u00fcn sat\u0131n alma s\u00fcrecinden sonra yap\u0131lan ara\u015ft\u0131rmalarla netle\u015fti\u011fini anlatan \u00c7ift, \u015funlar\u0131 kaydetti:<\/strong><\/p>\n<p>&#8220;Amy Winehouse&#8217;un yakla\u015f\u0131k 9 y\u0131l \u00fczere k\u0131sa s\u00fcren profesyonel mesle\u011fi boyunca birden fazla bale pabucuna sahip oldu\u011fu, bu pabu\u00e7lar\u0131 g\u00fcnl\u00fck hayat\u0131nda ve sahne performanslar\u0131nda s\u0131k\u00e7a kulland\u0131\u011f\u0131, ayr\u0131yeten sanatkara ili\u015fkin birtak\u0131m bale pabu\u00e7lar\u0131n\u0131n ge\u00e7mi\u015fte ailesi taraf\u0131ndan vak\u0131f faydas\u0131na resmi olarak sat\u0131ld\u0131\u011f\u0131 biliniyor. Ben de birinci etapta bu pabu\u00e7lar\u0131, o \u00f6rneklerden biri olarak de\u011ferlendirdim. Lakin bu \u00e7ifti ba\u015fkalar\u0131ndan ay\u0131ran temel fark, besbelli y\u0131pranm\u0131\u015fl\u0131k seviyesi ve \u00fczerindeki kurumu\u015f kahverengi lekelerin yo\u011funlu\u011fuydu.&#8221;<\/p>\n<p><strong>\u00c7ift, sanatkar\u0131n son 5 y\u0131l\u0131na yay\u0131lan ara\u015ft\u0131rmayla magazin ve paparazi foto\u011fraflar\u0131yla g\u00f6r\u00fcnt\u00fc kay\u0131tlar\u0131n\u0131 tek tek inceledi\u011fini belirterek, \u015funlar\u0131 payla\u015ft\u0131:<\/strong><\/p>\n<p>&#8220;Bu inceleme s\u0131ras\u0131nda 2007 y\u0131l\u0131nda e\u015fi Blake Fielder-Civil ile ya\u015fad\u0131\u011f\u0131 tart\u0131\u015fman\u0131n akabinde Londra&#8217;da bir otel \u00e7\u0131k\u0131\u015f\u0131nda objektiflere yans\u0131yan ve d\u00fcnya bas\u0131n\u0131nda geni\u015f yank\u0131 uyand\u0131ran me\u015fhur karelerdeki pabu\u00e7lar\u0131n elimizdeki kesimle birebir \u00f6rt\u00fc\u015ft\u00fc\u011f\u00fcn\u00fc saptad\u0131m. Kelam konusu manzaralar, Winehouse&#8217;un uzun m\u00fcddet d\u00fcnya g\u00fcndeminde kalmas\u0131na neden oldu, o periyot kamuoyunda derin tart\u0131\u015fmalara yol a\u00e7t\u0131. Bu e\u015fle\u015fmeyle kesimin ta\u015f\u0131d\u0131\u011f\u0131 mana ve tarihi bedel farkl\u0131 bir boyuta ta\u015f\u0131nd\u0131.&#8221;<\/p>\n<p><b>&#8211; &#8220;Bu g\u00f6r\u00fcn\u00fcrl\u00fckle birlikte ilgi besbelli bi\u00e7imde artt\u0131&#8221;<\/b><\/p>\n<p>\u00c7ift, Amy Winehouse&#8217;un vefat\u0131n\u0131n akabinde babas\u0131 ve miras y\u00f6neticisi Mitch Winehouse&#8217;un, sanatkar\u0131n birtak\u0131m \u015fahs\u00ee e\u015fyalar\u0131n\u0131n m\u00fcsaadesiz bi\u00e7imde sat\u0131larak haks\u0131z yarar sa\u011fland\u0131\u011f\u0131 teziyle yak\u0131n dostlar\u0131 Naomi Parry ve Catriona Gourlay&#8217;e 730 bin sterlinlik dava a\u00e7t\u0131\u011f\u0131n\u0131 an\u0131msatarak, bu bale pabu\u00e7lar\u0131n\u0131n da dava kapsam\u0131nda yer ald\u0131\u011f\u0131n\u0131 s\u00f6yledi.<\/p>\n<p><strong>Dava s\u00fcrecine ait haberlerin son periyotta yine g\u00fcndeme gelmesiyle pabu\u00e7lara ilginin artt\u0131\u011f\u0131n\u0131 belirten \u00c7ift, \u015f\u00f6yle devam etti:<\/strong><\/p>\n<p>&#8220;Bu bale pabu\u00e7lar\u0131, Amy Winehouse&#8217;un hayat\u0131ndaki en t\u00fcrb\u00fclansl\u0131 devri tabir ediyor. Son periyotta dava s\u00fcrecine ait haberlerin tekrar memleketler aras\u0131 bas\u0131nda yer almas\u0131 da bu mod\u00fcl\u00fcn \u00f6yk\u00fcs\u00fcn\u00fc ve de\u011ferini yine g\u00f6r\u00fcn\u00fcr hale getirdi. Bu g\u00f6r\u00fcn\u00fcrl\u00fckle d\u00fcnya \u00e7ap\u0131ndaki koleksiyonerler ve m\u00fczelerden gelen ilgi de bariz bi\u00e7imde artt\u0131. Farkl\u0131 \u00fclkelerden \u00e7ok y\u00fcksek mebla\u011flarda teklifler al\u0131yorum. Lakin b\u00f6ylesine hassas ve sanatkar\u0131n ruhunu yans\u0131tan bir par\u00e7ay\u0131 yaln\u0131zca ticari bir meta olarak g\u00f6r\u00fcp, \u00fczerinden kar elde etmeyi yanl\u0131\u015fs\u0131z bulmuyorum. Bu nedenle gelen tekliflere s\u0131cak bakm\u0131yorum, \u00f6nceli\u011fim bu e\u015fyalar\u0131 yak\u0131n vakitte farkl\u0131 \u00fclkelerde d\u00fczenlenecek stantlar arac\u0131l\u0131\u011f\u0131yla Amy&#8217;nin sevenleriyle bulu\u015fturmak ve onun an\u0131s\u0131n\u0131 ya\u015fatmakt\u0131r.&#8221;<\/p>\n<p><img decoding=\"async\" src=\"https:\/\/ikimisli.tr\/wp-content\/uploads\/2026\/01\/dunya-ankarali-ozgurun-pesine-dustu-milyonlarca-liralik-teklifler-geliyor-2-M9DIM8uW.png\"\/><\/p>\n<p><b>&#8211; &#8220;Her konserde kulland\u0131\u011f\u0131 mikrofonu en \u00f6zel mod\u00fcllerden biri&#8221;<\/b><\/p>\n<p>Koleksiyonunda Amy Winehouse&#8217;a ili\u015fkin farkl\u0131 devirlerden 100&#8217;\u00fcn \u00fczerinde ferd\u00ee e\u015fya bulundu\u011funu aktaran \u00d6zg\u00fcr \u00c7ift, &#8220;Elimde Amy Winehouse&#8217;un haf\u0131zalara kaz\u0131nan me\u015fhur 2008 Brit Awards &#8216;Valerie&#8217; performans\u0131nda giydi\u011fi k\u0131rm\u0131z\u0131 ekoseli korsesi de mevcut. Bu kesim, onun g\u00f6rsel kimli\u011fiyle b\u00fcsb\u00fct\u00fcn \u00f6zde\u015fle\u015fmi\u015f, koleksiyonun en y\u00fcksek temsil g\u00fcc\u00fcne sahip e\u015fyalar\u0131ndan biri. Ayr\u0131yeten, 5 ya\u015f\u0131ndayken e\u011fitim g\u00f6rd\u00fc\u011f\u00fc Osidge anaokulunda \u00f6\u011fretmeni Bayan Pailin&#8217;e yapt\u0131\u011f\u0131, birinci imzas\u0131n\u0131 ta\u015f\u0131yan el \u00e7izimi bir otoportre de koleksiyonumda yer al\u0131yor.&#8221; dedi.<\/p>\n<p><img decoding=\"async\" src=\"https:\/\/ikimisli.tr\/wp-content\/uploads\/2026\/01\/dunya-ankarali-ozgurun-pesine-dustu-milyonlarca-liralik-teklifler-geliyor-3-yLpYLPQx.png\"\/><\/p>\n<p><strong>\u00c7ift, koleksiyondaki en \u00f6zel kesimlerden birinin de sanatkar\u0131n ana mikrofonu oldu\u011funu vurgulayarak, \u015funlar\u0131 payla\u015ft\u0131:<\/strong><\/p>\n<p>&#8220;Amy Winehouse, sahnede sesi ve mikrofonuyla devle\u015fen bir sanat\u00e7\u0131yd\u0131. 2007&#8217;den 2011&#8217;de Belgrad&#8217;da verdi\u011fi son konsere kadar t\u0131pk\u0131 mikrofonu kulland\u0131. Bilhassa hayat\u0131n\u0131n son 4 y\u0131l\u0131nda yan\u0131ndan ay\u0131rmad\u0131\u011f\u0131 son derece \u015fahs\u00ee bir mod\u00fcl. Belgrad&#8217;daki son performans\u0131n akabinde \u0130stanbul&#8217;da planlanan lakin iptal edilen konseri i\u00e7in \u00fclkemize geldi, mikrofonu da yan\u0131nda getirdi ama burada sahneye \u00e7\u0131kma f\u0131rsat\u0131 bulamad\u0131. Londra&#8217;da hayata veda etmeden evvel d\u00fcnyada ayak bast\u0131\u011f\u0131 son durak \u0130stanbul&#8217;du.&#8221;<\/p>\n<p><strong>Toplad\u0131\u011f\u0131 e\u015fyalar\u0131n bir sanatkar\u0131n hayat\u0131ndan kesitler sundu\u011funu anlatan \u00c7ift, kelamlar\u0131n\u0131 \u015f\u00f6yle tamamlad\u0131:<\/strong><\/p>\n<p>&#8220;Bu se\u00e7ki kronolojik bir envanterden fazla, sanatkar\u0131n hayat\u0131ndaki farkl\u0131 e\u015fiklere i\u015faret eden bir anlat\u0131 kurgusu sunuyor. Amy&#8217;nin \u015fimdi 5 ya\u015f\u0131ndayken ortaya koydu\u011fu pak bir \u00e7ocukluk yap\u0131t\u0131, mesle\u011finde y\u00fckselirken giydi\u011fi m\u00fctevazi bir bluz, tepe periyoduna ili\u015fkin \u00f6zel tasar\u0131m bir b\u00fcstiyer, \u015fahs\u00ee problemlerini ve \u00f6zel hayat\u0131ndaki f\u0131rt\u0131nalar\u0131 sembolize eden ikonik bale pabu\u00e7lar\u0131 ve hayat\u0131n\u0131n son performans\u0131na kadar kulland\u0131\u011f\u0131 Shure mikrofonu&#8230; K\u00fcrat\u00f6ryel a\u00e7\u0131dan bak\u0131ld\u0131\u011f\u0131nda bu se\u00e7ki, 27 y\u0131ll\u0131k bir \u00f6mr\u00fc nesnelerin ta\u015f\u0131d\u0131\u011f\u0131 izler \u00fczerinden \u00f6zetleme imkan\u0131 veriyor.&#8221;<\/p>\n<p>\u00a0<\/p>\n","protected":false},"excerpt":{"rendered":"<p>\u0130ngiliz m\u00fczisyen Amy Winehouse&#8217;a ili\u015fkin kan lekeli bale pabu\u00e7lar\u0131, bunlar\u0131 Los Angeles&#8217;ta d\u00fczenlenen m\u00fczayedede 3 bin 900 dolara sat\u0131n alan Ankaral\u0131 \u00d6zg\u00fcr \u00c7ift&#8217;in koleksiyonunda yer al\u0131yor.<\/p>\n","protected":false},"author":1,"featured_media":95964,"comment_status":"open","ping_status":"open","sticky":false,"template":"","format":"standard","meta":{"footnotes":""},"categories":[25],"tags":[10091,547,3449,10090,10089],"class_list":["post-95963","post","type-post","status-publish","format-standard","has-post-thumbnail","hentry","category-gundem","tag-amy","tag-cift","tag-koleksiyon","tag-sanatcinin","tag-winehouse"],"_links":{"self":[{"href":"https:\/\/ikimisli.tr\/index.php\/wp-json\/wp\/v2\/posts\/95963","targetHints":{"allow":["GET"]}}],"collection":[{"href":"https:\/\/ikimisli.tr\/index.php\/wp-json\/wp\/v2\/posts"}],"about":[{"href":"https:\/\/ikimisli.tr\/index.php\/wp-json\/wp\/v2\/types\/post"}],"author":[{"embeddable":true,"href":"https:\/\/ikimisli.tr\/index.php\/wp-json\/wp\/v2\/users\/1"}],"replies":[{"embeddable":true,"href":"https:\/\/ikimisli.tr\/index.php\/wp-json\/wp\/v2\/comments?post=95963"}],"version-history":[{"count":1,"href":"https:\/\/ikimisli.tr\/index.php\/wp-json\/wp\/v2\/posts\/95963\/revisions"}],"predecessor-version":[{"id":95969,"href":"https:\/\/ikimisli.tr\/index.php\/wp-json\/wp\/v2\/posts\/95963\/revisions\/95969"}],"wp:featuredmedia":[{"embeddable":true,"href":"https:\/\/ikimisli.tr\/index.php\/wp-json\/wp\/v2\/media\/95964"}],"wp:attachment":[{"href":"https:\/\/ikimisli.tr\/index.php\/wp-json\/wp\/v2\/media?parent=95963"}],"wp:term":[{"taxonomy":"category","embeddable":true,"href":"https:\/\/ikimisli.tr\/index.php\/wp-json\/wp\/v2\/categories?post=95963"},{"taxonomy":"post_tag","embeddable":true,"href":"https:\/\/ikimisli.tr\/index.php\/wp-json\/wp\/v2\/tags?post=95963"}],"curies":[{"name":"wp","href":"https:\/\/api.w.org\/{rel}","templated":true}]}}