{"id":95986,"date":"2026-01-30T01:36:07","date_gmt":"2026-01-30T01:36:07","guid":{"rendered":"https:\/\/ikimisli.tr\/?p=95986"},"modified":"2026-01-30T01:36:07","modified_gmt":"2026-01-30T01:36:07","slug":"gullu-sorusturmasinda-tehdit-iddiasi-kervan-eminoglunun-ifadesi-ortaya-cikti","status":"publish","type":"post","link":"https:\/\/ikimisli.tr\/index.php\/2026\/01\/30\/gullu-sorusturmasinda-tehdit-iddiasi-kervan-eminoglunun-ifadesi-ortaya-cikti\/","title":{"rendered":"G\u00fcll\u00fc soru\u015fturmas\u0131nda tehdit iddias\u0131! Kervan Emino\u011flu&#8217;nun ifadesi ortaya \u00e7\u0131kt\u0131"},"content":{"rendered":"<p>Yalova Cumhuriyet Ba\u015fsavc\u0131l\u0131\u011f\u0131nca G\u00fcll\u00fc cinayetine ait y\u00fcr\u00fct\u00fclen soru\u015fturma kapsam\u0131nda tutuklanan Tu\u011fyan&#8217;\u0131n sevgilisi Kervan Emino\u011flu cinayeti azmettirmek c\u00fcrm\u00fcnden g\u00f6zalt\u0131na al\u0131nm\u0131\u015ft\u0131. Emino\u011flu&#8217;nun tabiri ortaya \u00e7\u0131kt\u0131.<\/p>\n<p>Emino\u011flu, 2023&#8217;te Yalova&#8217;ya ta\u015f\u0131nd\u0131\u011f\u0131n\u0131, Tu\u011fyan ile de 2024 y\u0131l\u0131 Nisan ay\u0131nda whatsapp \u00fczerinden tan\u0131\u015ft\u0131\u011f\u0131n\u0131 s\u00f6yledi.<\/p>\n<p>Sabah&#8217;\u0131n haberine nazaran Kendisinin uyu\u015fturucu ve uyar\u0131c\u0131 husus i\u00e7medi\u011fini, Tu\u011fyan ve Sultan&#8217;\u0131 da uyu\u015fturucu ve uyar\u0131c\u0131 husus i\u00e7erken g\u00f6rmedi\u011fini anlatan Kervan Emino\u011flu, &#8220;Tu\u011fyan annesinin yan\u0131na gitti\u011finde daima arbede ederdi. Tuttu\u011fumuz konuta geri gelirdi. Tu\u011fyan&#8217;\u0131n annesiyle kavgalar\u0131n\u0131n sebebi daima para konusuydu. G\u00fcll\u00fc k\u0131z\u0131 Tu\u011fyan&#8217;dan \u00e7ocu\u011fu i\u00e7in ayda 4 \u00e7eyrek istiyordu&#8221; dedi.<\/p>\n<p><b>&#8220;ANNEM GEBERS\u0130N DED\u0130&#8221;<\/b><\/p>\n<p>Tu\u011fyan&#8217;\u0131n bir m\u00fchlet arkada\u015flar\u0131nda kald\u0131\u011f\u0131n\u0131 annesinin kendisini konuta almad\u0131\u011f\u0131 gerek\u00e7esiyle \u00e7ok k\u0131zg\u0131n oldu\u011funu anlatan Emino\u011flu, &#8220;Hatta bana annesinin alt\u0131nlar\u0131n\u0131 \u00e7alaca\u011f\u0131n\u0131 s\u00f6yl\u00fcyordu. Tu\u011fyan ilgimiz boyunca annesiyle daima hengame halindeydi. 17 May\u0131s&#8217;ta ben Tu\u011fyan&#8217;dan ka\u00e7\u0131p \u0130stanbul&#8217;a gitti\u011fimde pe\u015fimden geldi. Sonra kendisiyle mesajla\u015ft\u0131k. Kendisine annesine gitmesini s\u00f6yledim. O da annem gebersin diye ileti att\u0131.&#8221; dedi.<\/p>\n<p>Annesinin 28 y\u0131ll\u0131k arkada\u015f\u0131 oldu\u011funu s\u00f6yledi\u011fi Davet isimli ki\u015fi i\u00e7in Emino\u011flu, &#8220;Tu\u011fyan annesini darp ettirece\u011fini, kemiklerini k\u0131rd\u0131raca\u011f\u0131n\u0131 ve annesinden alaca\u011f\u0131 intikam oldu\u011funu s\u00f6yl\u00fcyordu&#8221; dedi. Ayr\u0131ld\u0131ktan sonra sokakta kalmas\u0131na \u00fcz\u00fcld\u00fc\u011f\u00fcm i\u00e7in yard\u0131m ediyordum diyen Emino\u011flu, Tu\u011fyan&#8217;la ba\u011f\u0131m\u0131z boyunca daima bir bar\u0131\u015f\u0131k bir k\u00fcst\u00fck. Daima bana palavra s\u00f6yl\u00fcyordu. 17 May\u0131s&#8217;ta Tu\u011fyan beni ailem ile tehdit etti. Hatta otomobilime yasakl\u0131 husus koyaca\u011f\u0131n\u0131 s\u00f6yledi.<\/p>\n<p>Ben Tu\u011fyan&#8217;\u0131n uyu\u015fturucu husus kulland\u0131\u011f\u0131n\u0131 g\u00f6rmedim. Lakin Yalova&#8217;da Roman mahallesine gidip gelirdi. Tan\u0131d\u0131\u011f\u0131 vard\u0131. Banka kart\u0131m\u0131 O&#8217;na verdim. O kart\u0131 kullan\u0131yordu. Kendisine otomobil vermi\u015ftim. B\u00fct\u00fcn masraflar\u0131n\u0131 ben kar\u015f\u0131l\u0131yordum.&#8221; s\u00f6zlerini kulland\u0131. G\u00fcll\u00fc&#8217;n\u00fcn konutunun penceresinin foto\u011fraf\u0131 soruldu\u011funda Emino\u011flu, &#8220;Olay g\u00fcn\u00fc \u0130stanbul&#8217;da d\u0131\u015far\u0131dayd\u0131m. Arkada\u015f\u0131mla bulu\u015facakt\u0131m, foto\u011fraf\u0131m\u0131 att\u0131m. O da bana ne bi\u00e7imde foto\u011fraf ataca\u011f\u0131m\u0131 g\u00f6stermek i\u00e7in odas\u0131n\u0131n foto\u011fraf\u0131n\u0131 g\u00f6nderdi. Nerede oldu\u011fumu \u00f6\u011frenmek istiyordu.&#8221; dedi.<\/p>\n<p><b>PARAMI VE PIRLANTA Y\u00dcZ\u00dc\u011e\u00dcM\u00dc \u00c7ALDI<\/b><\/p>\n<p>Tu\u011fyan&#8217;\u0131n \u00e7antas\u0131ndan 100 bin liraya yak\u0131n para ile p\u0131rlanta y\u00fcz\u00fc\u011f\u00fcn\u00fc \u00e7ald\u0131\u011f\u0131n\u0131 anlatan Emino\u011flu &#8220;Olay\u0131n akabinde g\u00fcvenlik kameras\u0131 kay\u0131tlar\u0131n\u0131 dinledi\u011fimde Tu\u011fyan&#8217;a &#8216;Bu ses senin sesin&#8217; dedi\u011fimde bana bunu yapay zeka ile yapm\u0131\u015flar dedi.<\/p>\n<p><b>5 B\u0130N DOLAR \u0130STEM\u0130\u015eT\u0130<\/b><\/p>\n<p>Mesajlar\u0131 telefonumdan silmemi istiyordu. Lakin silmedim. Olaydan sonra benden 5 bin dolar istemi\u015fti. Ses tahlili yapmak i\u00e7in bu paray\u0131 istedi. Ka\u00e7abilece\u011fini d\u00fc\u015f\u00fcnd\u00fc\u011f\u00fcm i\u00e7in bu paray\u0131 vermedim. Sonra beni tehdit ettiler. Bu bahisle ilgili c\u00fcr\u00fcm duyurusunda bulunacakt\u0131m lakin iki avukat\u0131 e\u015fimle de konu\u015farak bu fikrimden vazge\u00e7irdiler. Olaya ait bilgim bunlardan ibarettir&#8221; dedi.<\/p>\n","protected":false},"excerpt":{"rendered":"<p>G\u00fcll\u00fc cinayeti soru\u015fturmas\u0131nda g\u00f6zalt\u0131na al\u0131nan Kervan Emino\u011flu, savc\u0131l\u0131k tabirinde olay gecesi g\u00f6nderilen pencere foto\u011fraf\u0131n\u0131 &#8220;Tu\u011fyan nerede oldu\u011fumu \u00f6\u011frenmek istiyordu&#8221; kelamlar\u0131yla a\u00e7\u0131klad\u0131. Emino\u011flu &#8220;Tu\u011fyan beni ailem ile tehdit etti. Hatta otomobilime yasakl\u0131 husus koyaca\u011f\u0131n\u0131 s\u00f6yledi&#8221; diye konu\u015ftu.<\/p>\n","protected":false},"author":1,"featured_media":95987,"comment_status":"open","ping_status":"open","sticky":false,"template":"","format":"standard","meta":{"footnotes":""},"categories":[25],"tags":[3473,10094,390,193,9995],"class_list":["post-95986","post","type-post","status-publish","format-standard","has-post-thumbnail","hentry","category-gundem","tag-annesini","tag-eminoglu","tag-para","tag-sure","tag-tugyan"],"_links":{"self":[{"href":"https:\/\/ikimisli.tr\/index.php\/wp-json\/wp\/v2\/posts\/95986","targetHints":{"allow":["GET"]}}],"collection":[{"href":"https:\/\/ikimisli.tr\/index.php\/wp-json\/wp\/v2\/posts"}],"about":[{"href":"https:\/\/ikimisli.tr\/index.php\/wp-json\/wp\/v2\/types\/post"}],"author":[{"embeddable":true,"href":"https:\/\/ikimisli.tr\/index.php\/wp-json\/wp\/v2\/users\/1"}],"replies":[{"embeddable":true,"href":"https:\/\/ikimisli.tr\/index.php\/wp-json\/wp\/v2\/comments?post=95986"}],"version-history":[{"count":1,"href":"https:\/\/ikimisli.tr\/index.php\/wp-json\/wp\/v2\/posts\/95986\/revisions"}],"predecessor-version":[{"id":95988,"href":"https:\/\/ikimisli.tr\/index.php\/wp-json\/wp\/v2\/posts\/95986\/revisions\/95988"}],"wp:featuredmedia":[{"embeddable":true,"href":"https:\/\/ikimisli.tr\/index.php\/wp-json\/wp\/v2\/media\/95987"}],"wp:attachment":[{"href":"https:\/\/ikimisli.tr\/index.php\/wp-json\/wp\/v2\/media?parent=95986"}],"wp:term":[{"taxonomy":"category","embeddable":true,"href":"https:\/\/ikimisli.tr\/index.php\/wp-json\/wp\/v2\/categories?post=95986"},{"taxonomy":"post_tag","embeddable":true,"href":"https:\/\/ikimisli.tr\/index.php\/wp-json\/wp\/v2\/tags?post=95986"}],"curies":[{"name":"wp","href":"https:\/\/api.w.org\/{rel}","templated":true}]}}