{"id":9605,"date":"2025-02-10T23:12:08","date_gmt":"2025-02-10T23:12:08","guid":{"rendered":"https:\/\/ikimisli.tr\/?p=9605"},"modified":"2025-02-10T23:12:08","modified_gmt":"2025-02-10T23:12:08","slug":"errick-mccollum-cok-mutluyum","status":"publish","type":"post","link":"https:\/\/ikimisli.tr\/index.php\/2025\/02\/10\/errick-mccollum-cok-mutluyum\/","title":{"rendered":"Errick McCollum: \u00c7ok mutluyum"},"content":{"rendered":"<div>\u00a0<\/div>\n<div>\n<div>\n<p>Fenerbah\u00e7e TV&#8217;ye a\u00e7\u0131klamada bulunan deneyimli basketbolcu <span>Errick McCollum<\/span>, Fenerbah\u00e7e Beko taraf\u0131ndan yap\u0131lan teklifin kendisini \u00e7ok memnun etti\u011fini belirterek &#8220;B\u00f6yle bir teklifte bir an evvel olaya entegre olup katk\u0131 vermek istersiniz. Bu t\u00fcrl\u00fc bir aile ve basketbol tertibinin i\u00e7inde oldu\u011fum i\u00e7in \u00e7ok mutluyum&#8221; s\u00f6zlerini kulland\u0131.<\/p>\n<p>Kar\u015f\u0131yaka mesle\u011fi ve Fenerbah\u00e7e Beko&#8217;nun basketbol yap\u0131s\u0131yla ilgili konu\u015fan McCollum, &#8220;Ge\u00e7en sene basketbol d\u0131\u015f\u0131nda pek \u00e7ok \u015fey d\u00fc\u015f\u00fcn\u00fcyorduk, m\u00fcmk\u00fcn oldu\u011fu kadar basketbola konsantre olmak istiyorduk fakat bunu ba\u015farmak zordu. Dikkatimizi da\u011f\u0131tan bir\u00e7ok an oldu. Fenerbah\u00e7e Beko&#8217;nun tertibi sizi b\u00fcsb\u00fct\u00fcn basketbola konsantre edecek bir olu\u015fum. \u015eu an \u0130stanbul&#8217;a ta\u015f\u0131n\u0131yorum, \u00e7ocuklar\u0131m yeni okula gidecek ancak bunlar\u0131 benim i\u00e7in d\u00fc\u015f\u00fcnen be\u015ferler var ve bu beni \u00e7ok memnun ediyor&#8221; a\u00e7\u0131klamas\u0131n\u0131 yapt\u0131.<\/p>\n<p><b>&#8220;Benim i\u00e7in de\u011ferli olan kadroya kimin yard\u0131m etti\u011fi&#8221;<\/b><\/p>\n<p>Tak\u0131mda ya\u015fanan sakatl\u0131klar\u0131 hat\u0131rlatan ABD&#8217;li basketbolcu, &#8220;Sakatl\u0131klara kar\u015f\u0131n ne olursa olsun grup kazanman\u0131n yolunu bulmu\u015f. O an biri sahneye \u00e7\u0131km\u0131\u015f ve grup arkada\u015flar\u0131n\u0131 da galibiyete inand\u0131rm\u0131\u015f. Kadronun karakterine paralelim. O g\u00fcn hangi oyuncu alana \u00e7\u0131km\u0131\u015f, hangi oyunca kenarda kalm\u0131\u015f benim i\u00e7in hi\u00e7bir de\u011feri yok, benim i\u00e7in k\u0131ymetli olan gruba kimin yard\u0131m etti\u011fi&#8221; de\u011ferlendirmesinde bulundu.<\/p>\n<p>Deneyimli basketbolcu, taraftara y\u00f6nelik bildirisinde, &#8220;Tak\u0131ma her vakit dayanak olaca\u011f\u0131m, katk\u0131 sa\u011flayaca\u011f\u0131m. Kendimde bu h\u0131rs\u0131 ve enerjiyi g\u00f6r\u00fcyorum. Taraftarlar\u0131m\u0131zla birlikte daima bir arada memnun olaca\u011f\u0131m\u0131z bir d\u00f6nem ya\u015fayaca\u011f\u0131m\u0131z\u0131 d\u00fc\u015f\u00fcn\u00fcyorum&#8221; s\u00f6zlerini kulland\u0131.<\/p>\n<\/p><\/div>\n<\/p><\/div>\n","protected":false},"excerpt":{"rendered":"<p>Fenerbah\u00e7e Beko&#8217;nun Kar\u015f\u0131yaka&#8217;dan tak\u0131m\u0131na katt\u0131\u011f\u0131 ABD&#8217;li basketbolcu Errick McCollum, sar\u0131-lacivertli gruba transfer olman\u0131n memnunlu\u011funu ya\u015fad\u0131\u011f\u0131n\u0131 s\u00f6yledi.<\/p>\n","protected":false},"author":1,"featured_media":9606,"comment_status":"open","ping_status":"open","sticky":false,"template":"","format":"standard","meta":{"footnotes":""},"categories":[30],"tags":[801,343],"class_list":["post-9605","post","type-post","status-publish","format-standard","has-post-thumbnail","hentry","category-spor","tag-basketbol","tag-takim"],"_links":{"self":[{"href":"https:\/\/ikimisli.tr\/index.php\/wp-json\/wp\/v2\/posts\/9605","targetHints":{"allow":["GET"]}}],"collection":[{"href":"https:\/\/ikimisli.tr\/index.php\/wp-json\/wp\/v2\/posts"}],"about":[{"href":"https:\/\/ikimisli.tr\/index.php\/wp-json\/wp\/v2\/types\/post"}],"author":[{"embeddable":true,"href":"https:\/\/ikimisli.tr\/index.php\/wp-json\/wp\/v2\/users\/1"}],"replies":[{"embeddable":true,"href":"https:\/\/ikimisli.tr\/index.php\/wp-json\/wp\/v2\/comments?post=9605"}],"version-history":[{"count":1,"href":"https:\/\/ikimisli.tr\/index.php\/wp-json\/wp\/v2\/posts\/9605\/revisions"}],"predecessor-version":[{"id":9607,"href":"https:\/\/ikimisli.tr\/index.php\/wp-json\/wp\/v2\/posts\/9605\/revisions\/9607"}],"wp:featuredmedia":[{"embeddable":true,"href":"https:\/\/ikimisli.tr\/index.php\/wp-json\/wp\/v2\/media\/9606"}],"wp:attachment":[{"href":"https:\/\/ikimisli.tr\/index.php\/wp-json\/wp\/v2\/media?parent=9605"}],"wp:term":[{"taxonomy":"category","embeddable":true,"href":"https:\/\/ikimisli.tr\/index.php\/wp-json\/wp\/v2\/categories?post=9605"},{"taxonomy":"post_tag","embeddable":true,"href":"https:\/\/ikimisli.tr\/index.php\/wp-json\/wp\/v2\/tags?post=9605"}],"curies":[{"name":"wp","href":"https:\/\/api.w.org\/{rel}","templated":true}]}}