{"id":96215,"date":"2026-01-30T14:48:08","date_gmt":"2026-01-30T14:48:08","guid":{"rendered":"https:\/\/ikimisli.tr\/?p=96215"},"modified":"2026-01-30T14:48:08","modified_gmt":"2026-01-30T14:48:08","slug":"konyada-amonyak-gazi-sizintisi-ekipler-seferber-oldu","status":"publish","type":"post","link":"https:\/\/ikimisli.tr\/index.php\/2026\/01\/30\/konyada-amonyak-gazi-sizintisi-ekipler-seferber-oldu\/","title":{"rendered":"Konya&#8217;da &#8216;amonyak gaz\u0131&#8217; s\u0131z\u0131nt\u0131s\u0131: Ekipler seferber oldu"},"content":{"rendered":"<p>Konya&#8217;da bir dondurma firmas\u0131na ili\u015fkin depoda tank\u0131n vanas\u0131ndan s\u0131zan amonyak gaz\u0131, pani\u011fe neden oldu. Depoda \u00f6nlem al\u0131n\u0131rken, s\u0131zan gaz inan\u00e7l\u0131 formda tahliye edildi.<\/p>\n<p>Al\u0131nan bilgiye nazaran Karatay il\u00e7esi B\u00fcsan Organize Sanayi Sitesi 10644&#8217;\u00fcnc\u00fc Sokak&#8217;ta bir dondurma firmas\u0131na ili\u015fkin depoda gaz kokusunu duyan etraf sakinlerinin112 Acil Davet Merkezi&#8217;ne yapt\u0131klar\u0131 ihbar \u00fczerine olay yerine polis, s\u0131hhat, itfaiye, UMKE ve AFAD gruplar\u0131 y\u00f6nlendirildi. Tak\u0131mlar, kokunun depodaki tank\u0131n vanas\u0131ndan s\u0131zan amonyak gaz\u0131ndan kaynakland\u0131\u011f\u0131n\u0131 belirledi. Tak\u0131mlar, vanay\u0131 kapat\u0131p, gaz\u0131 depodan tahliye etti.<\/p>\n<p>Olaya ait inceleme s\u00fcr\u00fcyor.\u00a0<\/p>\n","protected":false},"excerpt":{"rendered":"<p>Konya&#8217;da bir dondurma firmas\u0131na ili\u015fkin depoda ya\u015fanan &#8216;amonyak gaz\u0131&#8217; s\u0131z\u0131nt\u0131s\u0131 pani\u011fe neden oldu.<\/p>\n","protected":false},"author":1,"featured_media":96216,"comment_status":"open","ping_status":"open","sticky":false,"template":"","format":"standard","meta":{"footnotes":""},"categories":[25],"tags":[10105,1835],"class_list":["post-96215","post","type-post","status-publish","format-standard","has-post-thumbnail","hentry","category-gundem","tag-depoda","tag-gaz"],"_links":{"self":[{"href":"https:\/\/ikimisli.tr\/index.php\/wp-json\/wp\/v2\/posts\/96215","targetHints":{"allow":["GET"]}}],"collection":[{"href":"https:\/\/ikimisli.tr\/index.php\/wp-json\/wp\/v2\/posts"}],"about":[{"href":"https:\/\/ikimisli.tr\/index.php\/wp-json\/wp\/v2\/types\/post"}],"author":[{"embeddable":true,"href":"https:\/\/ikimisli.tr\/index.php\/wp-json\/wp\/v2\/users\/1"}],"replies":[{"embeddable":true,"href":"https:\/\/ikimisli.tr\/index.php\/wp-json\/wp\/v2\/comments?post=96215"}],"version-history":[{"count":1,"href":"https:\/\/ikimisli.tr\/index.php\/wp-json\/wp\/v2\/posts\/96215\/revisions"}],"predecessor-version":[{"id":96217,"href":"https:\/\/ikimisli.tr\/index.php\/wp-json\/wp\/v2\/posts\/96215\/revisions\/96217"}],"wp:featuredmedia":[{"embeddable":true,"href":"https:\/\/ikimisli.tr\/index.php\/wp-json\/wp\/v2\/media\/96216"}],"wp:attachment":[{"href":"https:\/\/ikimisli.tr\/index.php\/wp-json\/wp\/v2\/media?parent=96215"}],"wp:term":[{"taxonomy":"category","embeddable":true,"href":"https:\/\/ikimisli.tr\/index.php\/wp-json\/wp\/v2\/categories?post=96215"},{"taxonomy":"post_tag","embeddable":true,"href":"https:\/\/ikimisli.tr\/index.php\/wp-json\/wp\/v2\/tags?post=96215"}],"curies":[{"name":"wp","href":"https:\/\/api.w.org\/{rel}","templated":true}]}}