{"id":96378,"date":"2026-01-30T23:48:05","date_gmt":"2026-01-30T23:48:05","guid":{"rendered":"https:\/\/ikimisli.tr\/?p=96378"},"modified":"2026-01-30T23:48:05","modified_gmt":"2026-01-30T23:48:05","slug":"tepkilerin-odagindaki-akpli-vekilden-u-donusu","status":"publish","type":"post","link":"https:\/\/ikimisli.tr\/index.php\/2026\/01\/30\/tepkilerin-odagindaki-akpli-vekilden-u-donusu\/","title":{"rendered":"Tepkilerin oda\u011f\u0131ndaki AKP&#8217;li vekilden U d\u00f6n\u00fc\u015f\u00fc"},"content":{"rendered":"<p>AKP Tekirda\u011f Milletvekili Mestan \u00d6zcan, milletvekilli\u011fi misyonuna dair son g\u00fcnlerde yapt\u0131\u011f\u0131 a\u00e7\u0131klamalara ait toplumsal medya hesab\u0131ndan yaz\u0131l\u0131 bir a\u00e7\u0131klama payla\u015ft\u0131.<\/p>\n<p>\u00d6zcan, a\u00e7\u0131klamas\u0131nda \u015fu tabirleri kulland\u0131:<\/p>\n<p>-K\u0131ymetli Hem\u015fehrilerim ve Pahal\u0131 Kamuoyu; ge\u00e7ti\u011fimiz g\u00fcnlerde samimi ve dost\u00e7a sohbet ortam\u0131nda, milletvekilli\u011fi vazifesindeki \u00f6zl\u00fck haklar\u0131 ve sorumluluklara dair kulland\u0131\u011f\u0131m birtak\u0131m s\u00f6zlerin, kamuoyunda hassasiyet yaratt\u0131\u011f\u0131n\u0131 ve yanl\u0131\u015f anlamalara sebebiyet verdi\u011fini \u00fcz\u00fclerek m\u00fc\u015fahede ettim.<\/p>\n<p>-\u00d6ncelikle \u015funu belirtmek isterim ki; vatanda\u015flar\u0131m\u0131z\u0131n ekonomik ko\u015fullar\u0131 ve ge\u00e7im u\u011fra\u015f\u0131 her vakit bizim birinci g\u00fcndemimizdir.<\/p>\n<p>-Yapt\u0131\u011f\u0131m de\u011ferlendirmelerin birtak\u0131m mecralar taraf\u0131ndan ba\u011flam\u0131ndan kopar\u0131larak \u00e7arp\u0131t\u0131lmas\u0131 ya da yanl\u0131\u015f yorumlanmaya a\u00e7\u0131k hale getirilmesi, kamuoyunda farkl\u0131 alg\u0131lar\u0131n olu\u015fmas\u0131na neden olmu\u015ftur.<\/p>\n<p>-Hi\u00e7bir kelam\u0131mda kimseyi k\u0131rmak, incitmek ya da \u00fczmek \u00fczere bir niyetim olmam\u0131\u015ft\u0131r; bu, benim en son isteyece\u011fim \u015feydir.<\/p>\n<p><b>&#8220;\u0130SABETS\u0130Z B\u0130R N\u0130YET OKUMADIR&#8221;<\/b><\/p>\n<p>-\u015eahsi bir yak\u0131nma \u00fczere alg\u0131lanan s\u00f6zlerim, asl\u0131nda yaln\u0131zca misyonun beraberinde getirdi\u011fi a\u011f\u0131r sorumlulu\u011fu anlatmaya y\u00f6nelik samimi bir ortamda lisana getirilmi\u015f kan\u0131lardan ibaretti. Kelam konusu bulu\u015fmada lisana getirdi\u011fim tabirler bir \u015fik\u00e2yeti de\u011fil; kamuoyunda yanl\u0131\u015f bilinen birtak\u0131m teknik konulara (ara\u00e7, yak\u0131t, ula\u015f\u0131m \u00fczere sarfiyatlar\u0131n devlet taraf\u0131ndan kar\u015f\u0131land\u0131\u011f\u0131 alg\u0131s\u0131na) dair ger\u00e7ekleri payla\u015fma hedefini ta\u015f\u0131maktayd\u0131.<\/p>\n<p>-Ancak ne yaz\u0131k ki, b\u00fct\u00fcn\u00fcnden kopar\u0131larak yanl\u0131\u015f yorumlara a\u00e7\u0131k hale getirilmi\u015f ve bir alg\u0131 operasyonuna d\u00f6n\u00fc\u015ft\u00fcr\u00fclm\u00fc\u015ft\u00fcr. Milletvekilli\u011fi makam\u0131, bizler i\u00e7in bir imtiyaz alan\u0131 de\u011fil; milletimizin emanetini omuzlar\u0131m\u0131zda ta\u015f\u0131d\u0131\u011f\u0131m\u0131z bir hizmet makam\u0131d\u0131r. Vatanda\u015flar\u0131m\u0131z\u0131n refah\u0131 i\u00e7in \u00e7al\u0131\u015fmay\u0131 \u015fiar edinmi\u015fken, \u015fahs\u0131m\u0131n bu t\u00fcrl\u00fc bir &#8216;ge\u00e7im&#8217; polemi\u011finin i\u00e7ine \u00e7ekilmeye \u00e7al\u0131\u015f\u0131lmas\u0131 isabetsiz bir niyet okumad\u0131r.<\/p>\n<p>-Milletvekili olarak \u00fcstlendi\u011fimiz misyon; yaln\u0131zca yasama faaliyetlerinden ibaret olmay\u0131p, g\u00fcn\u00fcn her saati hem\u015fehrilerimizle bir ortada olmay\u0131, onlar\u0131n kayg\u0131lar\u0131yla s\u0131k\u0131nt\u0131lanmay\u0131 ve kap\u0131m\u0131z\u0131 \u00e7alan her vatanda\u015f\u0131m\u0131z\u0131 en g\u00fczel halde a\u011f\u0131rlamay\u0131 gerektirir. Saha ziyaretlerimizden konuklar\u0131m\u0131za g\u00f6sterdi\u011fimiz konut sahipli\u011fine kadar; asl\u0131nda milletimize en yeterli hizmeti ula\u015ft\u0131rabilmek ve her an ula\u015f\u0131labilir kalabilmek i\u00e7indir.<\/p>\n<p>-Kamuoyunun b\u00f6ylesine yapay bir tart\u0131\u015fma ile me\u015fgul edilmesinden b\u00fcy\u00fck \u0131st\u0131rap duyuyorum. S\u00f6zlerimi \u00e7arp\u0131tarak siyasi materyal haline getirenlerin bilakis, biz milletimizin as\u0131l s\u0131k\u0131nt\u0131lar\u0131na odaklanmaya devam edece\u011fiz.<\/p>\n<p>-Durdu\u011fum yerin milletimin yan\u0131 oldu\u011funu bir kere daha hat\u0131rlatarak, bug\u00fcne kadar oldu\u011fu \u00fczere bundan sonra da t\u00fcm g\u00fcc\u00fcm\u00fcz\u00fc Tekirda\u011f&#8217;\u0131m\u0131z ve \u00fclkemiz i\u00e7in harcamaya devam edece\u011fimizi tabir etmek isterim. Niyetimiz halis, hizmet irademiz bakidir.<\/p>\n<p>-Bu s\u00fcre\u00e7te \u015fahs\u0131ma y\u00f6nelik yanl\u0131\u015f alg\u0131lara prestij etmeyen t\u00fcm sa\u011fduyulu hem\u015fehrilerime te\u015fekk\u00fcr eder; durumu kamuoyunun takdirine h\u00fcrmetlerimle sunar\u0131m.<\/p>\n","protected":false},"excerpt":{"rendered":"<p>AKP\u2019li milletvekili Mestan \u00d6zcan, milletvekilli\u011fi \u00f6zl\u00fck haklar\u0131na dair a\u00e7\u0131klamalar\u0131n\u0131n \u00e7arp\u0131t\u0131ld\u0131\u011f\u0131n\u0131 belirterek, kelamlar\u0131n\u0131n ba\u011flam\u0131ndan kopar\u0131ld\u0131\u011f\u0131n\u0131 ve kamuoyunda yanl\u0131\u015f bir alg\u0131 olu\u015fturuldu\u011funu s\u00f6yledi.<\/p>\n","protected":false},"author":1,"featured_media":96379,"comment_status":"open","ping_status":"open","sticky":false,"template":"","format":"standard","meta":{"footnotes":""},"categories":[25],"tags":[1909,1807,2489],"class_list":["post-96378","post","type-post","status-publish","format-standard","has-post-thumbnail","hentry","category-gundem","tag-algi","tag-ifade","tag-yanlis"],"_links":{"self":[{"href":"https:\/\/ikimisli.tr\/index.php\/wp-json\/wp\/v2\/posts\/96378","targetHints":{"allow":["GET"]}}],"collection":[{"href":"https:\/\/ikimisli.tr\/index.php\/wp-json\/wp\/v2\/posts"}],"about":[{"href":"https:\/\/ikimisli.tr\/index.php\/wp-json\/wp\/v2\/types\/post"}],"author":[{"embeddable":true,"href":"https:\/\/ikimisli.tr\/index.php\/wp-json\/wp\/v2\/users\/1"}],"replies":[{"embeddable":true,"href":"https:\/\/ikimisli.tr\/index.php\/wp-json\/wp\/v2\/comments?post=96378"}],"version-history":[{"count":1,"href":"https:\/\/ikimisli.tr\/index.php\/wp-json\/wp\/v2\/posts\/96378\/revisions"}],"predecessor-version":[{"id":96380,"href":"https:\/\/ikimisli.tr\/index.php\/wp-json\/wp\/v2\/posts\/96378\/revisions\/96380"}],"wp:featuredmedia":[{"embeddable":true,"href":"https:\/\/ikimisli.tr\/index.php\/wp-json\/wp\/v2\/media\/96379"}],"wp:attachment":[{"href":"https:\/\/ikimisli.tr\/index.php\/wp-json\/wp\/v2\/media?parent=96378"}],"wp:term":[{"taxonomy":"category","embeddable":true,"href":"https:\/\/ikimisli.tr\/index.php\/wp-json\/wp\/v2\/categories?post=96378"},{"taxonomy":"post_tag","embeddable":true,"href":"https:\/\/ikimisli.tr\/index.php\/wp-json\/wp\/v2\/tags?post=96378"}],"curies":[{"name":"wp","href":"https:\/\/api.w.org\/{rel}","templated":true}]}}