{"id":96555,"date":"2026-01-31T10:12:08","date_gmt":"2026-01-31T10:12:08","guid":{"rendered":"https:\/\/ikimisli.tr\/?p=96555"},"modified":"2026-01-31T10:12:08","modified_gmt":"2026-01-31T10:12:08","slug":"liyakat-kaybetti-siyaset-kazandi-bashekim-istifa-ettirildi-kenti-terk-etti","status":"publish","type":"post","link":"https:\/\/ikimisli.tr\/index.php\/2026\/01\/31\/liyakat-kaybetti-siyaset-kazandi-bashekim-istifa-ettirildi-kenti-terk-etti\/","title":{"rendered":"Liyakat kaybetti siyaset kazand\u0131: Ba\u015fhekim istifa ettirildi, kenti terk etti"},"content":{"rendered":"<p>\u015eanl\u0131urfa\u2019n\u0131n Ceylanp\u0131nar il\u00e7esinde Devlet Hastanesi\u2019nde ya\u015fanan olay kamuoyunda tart\u0131\u015fma yaratt\u0131.<\/p>\n<p>Ba\u015fhekim Uzm. Dr. Meri\u00e7 Artan\u2019\u0131n, temizlik \u00e7al\u0131\u015fan\u0131 tak\u0131m\u0131nda yer almas\u0131na kar\u015f\u0131n masa ba\u015f\u0131nda \u00e7al\u0131\u015ft\u0131r\u0131lan birtak\u0131m isimleri asli misyonlar\u0131na d\u00f6nd\u00fcrmek istemesi krizle sonu\u00e7land\u0131.<\/p>\n<p>\u0130ddiaya nazaran Artan, bu istikamette t\u00fcm \u00fcnitelere talimat verdi.<\/p>\n<p>Ancak vazifesine d\u00f6nd\u00fcr\u00fclmesi istenen i\u015f\u00e7ilerden birinin AKP il\u00e7e lider yard\u0131mc\u0131s\u0131 oldu\u011funu \u00f6ne s\u00fcrerek pakl\u0131k i\u015fini reddetti\u011fi belirtildi.<\/p>\n<p>Ya\u015fanan s\u00fcrecin akabinde Ba\u015fhekim Artan\u2019\u0131n Vilayet S\u0131hhat M\u00fcd\u00fcr\u00fc taraf\u0131ndan tehdit edildi\u011fi, bask\u0131lar\u0131n artmas\u0131 \u00fczerine vazifesinden istifa ederek il\u00e7eyi terk etti\u011fi \u00f6ne s\u00fcr\u00fcld\u00fc.<\/p>\n<p>Artan, pakl\u0131k i\u015f\u00e7isi tak\u0131m\u0131nda bulunan AKP \u0130l\u00e7e Lider Yard\u0131mc\u0131s\u0131\u2019na asli vazifesini yapmas\u0131 taraf\u0131nda tebligat\u0131n akabinde ya\u015fad\u0131klar\u0131n\u0131 kamuoyuyla payla\u015ft\u0131.<\/p>\n<p><em><strong>Artan, bu s\u00fcrecin akabinde kar\u015f\u0131la\u015ft\u0131\u011f\u0131 bask\u0131 ve tehditleri \u015fu s\u00f6zlerle anlatt\u0131:<\/strong><\/em><\/p>\n<p>Ben \u015eanl\u0131urfa Ceylanp\u0131nar Devlet Hastanesi Ba\u015fhekimi<\/p>\n<p>Uzm.Dr.Meri\u00e7 ARTAN<\/p>\n<p>-\u015eanl\u0131urfa Ceylanp\u0131nar Devlet Hastanesinde misyonlu olan ve tak\u0131m\u0131 pakl\u0131k \u00e7al\u0131\u015fan\u0131 olan ve y\u0131lard\u0131r masa ba\u015f\u0131 misyonlarda \u00e7al\u0131\u015ft\u0131r\u0131lan t\u00fcn i\u015f\u00e7ilerin asli misyonlar\u0131na ge\u00e7meleri i\u00e7in bildiri de bulunulmu\u015f taraf\u0131na bildirim yap\u0131lan t\u00fcm i\u015f\u00e7iler asli misyonlar\u0131 olan pakl\u0131k vazifesine ge\u00e7mi\u015f son olarak da Halil Bulmen isimli \u00e7al\u0131\u015fan\u0131n hastanenin pakl\u0131k muhta\u00e7l\u0131klar\u0131 m\u00fcnasebetiyle asli vazifeleri olan pakl\u0131k misyonlar\u0131na ge\u00e7meleri gerekti\u011fini kendilerine bildirim etmemiz \u00fczerine;<\/p>\n<p>-Ak Parti il\u00e7e Lider Yard\u0131mc\u0131s\u0131 olan Halil Bulmen isimli personel ben Ak Parti \u0130l\u00e7e Lider Yard\u0131mc\u0131s\u0131y\u0131m, ben pakl\u0131k yapm\u0131yorum, bana pakl\u0131k yapt\u0131ramazs\u0131n\u0131z dedi.<\/p>\n<p>-Ayn\u0131 g\u00fcn ak\u015fam saatlerinde \u015eanl\u0131urfa vilayet S\u0131hhat M\u00fcd\u00fcr\u00fc olan Erhan Berk taraf\u0131ndan aranarak bu adam AK Parti \u0130l\u00e7e Lider Yard\u0131mcisi sana emrediyorum vazifesine geri ver, sen bunun Ak Partili oldu\u011funu bilmiyor musun, benim ba\u015f\u0131m\u0131 a\u011fr\u0131tma formunda telaffuzlarda bulundu. Bunun \u00fczerine vilayet S\u0131hhat M\u00fcd\u00fcr\u00fc Erhan Berk&#8217; e yanl\u0131\u015f bir \u015fey yapmad\u0131\u011f\u0131m\u0131, parti ve etnik k\u00f6ken fark etmeksizin t\u00fcm i\u015f\u00e7ilere e\u015fit davrand\u0131\u011f\u0131m\u0131 s\u00f6yledim.<\/p>\n<p>-Bu \u00e7al\u0131\u015fan\u0131 vazifesine geri iade edemem, edersem hastaneyi y\u00f6netemeyece\u011fimi ve t\u00fcn i\u015f\u00e7inin kendilerine kar\u015f\u0131 adil davran\u0131lmad\u0131\u011f\u0131 i\u00e7in ba\u015f kald\u0131raca\u011f\u0131n\u0131 iletmem \u00fczerine vilayet S\u0131hhat M\u00fcd\u00fcr\u00fc Erhan Berk \u015fahs\u0131ma kar\u015f\u0131 misyonuna iade etmiyorsan, istifan\u0131 ver vermezsen ben oraya gelip seni o koltuktan nas\u0131l kald\u0131r\u0131yorum g\u00f6r\u00fcrs\u00fcn formunda telaffuzlarda bulunmu\u015f, ben de \u015fahs\u0131na kar\u015f\u0131 \u015fayet bir pakl\u0131k g\u00f6revlisini asli misyonu ve i\u015fi olan pakl\u0131k tak\u0131m\u0131na iade etti\u011fim i\u00e7in istifam isteniyorsa ben bu istifam\u0131 vermiyorum halinde kendisine ilettim bunun \u00fczerine \u015fahs\u0131ma kar\u015f\u0131 yeniden mobbing ve tehdit i\u00e7erikli telaffuzlarda bulunuldu.<\/p>\n<p>-Olaylar\u0131n mobbing ve tehdit \u015fiddetinin artmas\u0131 hasebiyle can g\u00fcvenli\u011fimden tasa etti\u011fim i\u00e7in ben de istifam\u0131 verip \u015fu evrede il\u00e7eden ayr\u0131lm\u0131\u015f bulunmaktay\u0131m ayr\u0131yeten ya\u015fanan olay\u0131n devlet b\u00fcy\u00fcklerimize ve t\u00fcm siyasi toplulu\u011fa \u00e7arp\u0131t\u0131larak aktar\u0131ld\u0131\u011f\u0131 bilgisini almaktay\u0131m kamuoyuna duyurulur<\/p>\n","protected":false},"excerpt":{"rendered":"<p>Ceylanp\u0131nar Devlet Hastanesi Ba\u015fhekimi Uzm. Dr. Meri\u00e7 Artan\u2019\u0131n, temizlik i\u015f\u00e7isi tak\u0131m\u0131nda bulunmas\u0131na kar\u015f\u0131n masa ba\u015f\u0131nda \u00e7al\u0131\u015fan AKP\u2019li bir ismi asli misyonuna d\u00f6nd\u00fcrmek istemesi kriz yaratt\u0131. Teze nazaran bu te\u015febb\u00fcs\u00fcn akabinde Artan, Vilayet S\u0131hhat M\u00fcd\u00fcr\u00fc taraf\u0131ndan tehdit edildi. Bask\u0131lar\u0131n giderek artmas\u0131 \u00fczerine Ba\u015fhekim Artan vazifesinden istifa etti, akabinde kenti terk etti.<\/p>\n","protected":false},"author":1,"featured_media":96556,"comment_status":"open","ping_status":"open","sticky":false,"template":"","format":"standard","meta":{"footnotes":""},"categories":[25],"tags":[10117,10118,497,6310,1494],"class_list":["post-96555","post","type-post","status-publish","format-standard","has-post-thumbnail","hentry","category-gundem","tag-artan","tag-asli","tag-bas","tag-temizlik","tag-ver"],"_links":{"self":[{"href":"https:\/\/ikimisli.tr\/index.php\/wp-json\/wp\/v2\/posts\/96555","targetHints":{"allow":["GET"]}}],"collection":[{"href":"https:\/\/ikimisli.tr\/index.php\/wp-json\/wp\/v2\/posts"}],"about":[{"href":"https:\/\/ikimisli.tr\/index.php\/wp-json\/wp\/v2\/types\/post"}],"author":[{"embeddable":true,"href":"https:\/\/ikimisli.tr\/index.php\/wp-json\/wp\/v2\/users\/1"}],"replies":[{"embeddable":true,"href":"https:\/\/ikimisli.tr\/index.php\/wp-json\/wp\/v2\/comments?post=96555"}],"version-history":[{"count":1,"href":"https:\/\/ikimisli.tr\/index.php\/wp-json\/wp\/v2\/posts\/96555\/revisions"}],"predecessor-version":[{"id":96557,"href":"https:\/\/ikimisli.tr\/index.php\/wp-json\/wp\/v2\/posts\/96555\/revisions\/96557"}],"wp:featuredmedia":[{"embeddable":true,"href":"https:\/\/ikimisli.tr\/index.php\/wp-json\/wp\/v2\/media\/96556"}],"wp:attachment":[{"href":"https:\/\/ikimisli.tr\/index.php\/wp-json\/wp\/v2\/media?parent=96555"}],"wp:term":[{"taxonomy":"category","embeddable":true,"href":"https:\/\/ikimisli.tr\/index.php\/wp-json\/wp\/v2\/categories?post=96555"},{"taxonomy":"post_tag","embeddable":true,"href":"https:\/\/ikimisli.tr\/index.php\/wp-json\/wp\/v2\/tags?post=96555"}],"curies":[{"name":"wp","href":"https:\/\/api.w.org\/{rel}","templated":true}]}}