{"id":96600,"date":"2026-01-31T13:00:09","date_gmt":"2026-01-31T13:00:09","guid":{"rendered":"https:\/\/ikimisli.tr\/?p=96600"},"modified":"2026-01-31T13:00:09","modified_gmt":"2026-01-31T13:00:09","slug":"cantasinda-9-kilo-metamfetamin-ile-yakalandi","status":"publish","type":"post","link":"https:\/\/ikimisli.tr\/index.php\/2026\/01\/31\/cantasinda-9-kilo-metamfetamin-ile-yakalandi\/","title":{"rendered":"\u00c7antas\u0131nda 9 kilo metamfetamin ile yakaland\u0131"},"content":{"rendered":"<p>Ayd\u0131n \u0130l Emniyet M\u00fcd\u00fcrl\u00fc\u011f\u00fc Narkotik Hatalarla \u00c7aba \u015eubesi ile Nazilli \u0130l\u00e7e Emniyet M\u00fcd\u00fcrl\u00fc\u011f\u00fc&#8217;ne ba\u011fl\u0131 NARKO tak\u0131mlar\u0131, uyu\u015fturucu sat\u0131c\u0131lar\u0131na y\u00f6nelik ortak operasyon d\u00fczenledi. Bu kapsamda, Kara\u00e7ay Mahallesi&#8217;ndeki otogar civar\u0131nda bir araba takibe al\u0131nd\u0131. Arabadan inen E.D.&#8217;nin \u00fczerinde ve elindeki \u00e7antada arama yap\u0131ld\u0131. Aramada, \u00e7antada 9 kilo metamfetamin ele ge\u00e7irildi, E.D. g\u00f6zalt\u0131na al\u0131nd\u0131.<\/p>\n<p>Polisteki s\u00fcre\u00e7lerinin akabinde E.D., adliyeye sevk edildi. Bu s\u0131rada adliye \u00f6n\u00fcnde bekleyen yak\u0131nlar\u0131 ta\u015fk\u0131nl\u0131k yap\u0131p, imaj almak isteyen bas\u0131n mensuplar\u0131na tehditlerde bulundu. Bunun \u00fczerine adliyeye destek olarak asayi\u015f ve \u00e7evik kuvvet gruplar\u0131 g\u00f6nderildi. Destek gruplar\u0131n gelmesiyle ku\u015fkulu E.D.&#8217;nin yak\u0131nlar\u0131 adliye bah\u00e7esinden uzakla\u015ft\u0131r\u0131ld\u0131. Geni\u015f g\u00fcvenlik tedbirleri ortas\u0131nda adliyeye getirilen ku\u015fkulu E.D, \u00e7\u0131kar\u0131ld\u0131\u011f\u0131 mahkemece, tutukland\u0131.<\/p>\n","protected":false},"excerpt":{"rendered":"<p>Ayd\u0131n&#8217;\u0131n Nazilli il\u00e7esinde polisin d\u00fczenledi\u011fi operasyonda, 9 kilo metamfetamin ele ge\u00e7ildi. G\u00f6zalt\u0131na al\u0131nan E.D., tutukland\u0131.<\/p>\n","protected":false},"author":1,"featured_media":96601,"comment_status":"open","ping_status":"open","sticky":false,"template":"","format":"standard","meta":{"footnotes":""},"categories":[25],"tags":[843],"class_list":["post-96600","post","type-post","status-publish","format-standard","has-post-thumbnail","hentry","category-gundem","tag-adliye"],"_links":{"self":[{"href":"https:\/\/ikimisli.tr\/index.php\/wp-json\/wp\/v2\/posts\/96600","targetHints":{"allow":["GET"]}}],"collection":[{"href":"https:\/\/ikimisli.tr\/index.php\/wp-json\/wp\/v2\/posts"}],"about":[{"href":"https:\/\/ikimisli.tr\/index.php\/wp-json\/wp\/v2\/types\/post"}],"author":[{"embeddable":true,"href":"https:\/\/ikimisli.tr\/index.php\/wp-json\/wp\/v2\/users\/1"}],"replies":[{"embeddable":true,"href":"https:\/\/ikimisli.tr\/index.php\/wp-json\/wp\/v2\/comments?post=96600"}],"version-history":[{"count":1,"href":"https:\/\/ikimisli.tr\/index.php\/wp-json\/wp\/v2\/posts\/96600\/revisions"}],"predecessor-version":[{"id":96602,"href":"https:\/\/ikimisli.tr\/index.php\/wp-json\/wp\/v2\/posts\/96600\/revisions\/96602"}],"wp:featuredmedia":[{"embeddable":true,"href":"https:\/\/ikimisli.tr\/index.php\/wp-json\/wp\/v2\/media\/96601"}],"wp:attachment":[{"href":"https:\/\/ikimisli.tr\/index.php\/wp-json\/wp\/v2\/media?parent=96600"}],"wp:term":[{"taxonomy":"category","embeddable":true,"href":"https:\/\/ikimisli.tr\/index.php\/wp-json\/wp\/v2\/categories?post=96600"},{"taxonomy":"post_tag","embeddable":true,"href":"https:\/\/ikimisli.tr\/index.php\/wp-json\/wp\/v2\/tags?post=96600"}],"curies":[{"name":"wp","href":"https:\/\/api.w.org\/{rel}","templated":true}]}}