{"id":96629,"date":"2026-01-31T14:48:06","date_gmt":"2026-01-31T14:48:06","guid":{"rendered":"https:\/\/ikimisli.tr\/?p=96629"},"modified":"2026-01-31T14:48:06","modified_gmt":"2026-01-31T14:48:06","slug":"mersinde-saganak-sele-dondu-dereler-tasti-evleri-su-basti","status":"publish","type":"post","link":"https:\/\/ikimisli.tr\/index.php\/2026\/01\/31\/mersinde-saganak-sele-dondu-dereler-tasti-evleri-su-basti\/","title":{"rendered":"Mersin&#8217;de sa\u011fanak sele d\u00f6nd\u00fc: Dereler ta\u015ft\u0131, evleri su bast\u0131"},"content":{"rendered":"<p>Mersin\u2019de gece saatlerinde ba\u015flayan ya\u011fmur, tesirini sabah saatlerinde art\u0131rd\u0131. Ya\u011f\u0131\u015f\u0131n tesiriyle, Mezitli Deresi ile T\u00f6m\u00fck Deresi&#8217;nin debileri y\u00fckseldi. Dere yataklar\u0131ndan yer yer ta\u015fan sular Faziletli ve Mezitli il\u00e7e merkezlerinde su ta\u015fk\u0131nlar\u0131na neden oldu.<\/p>\n<p><b>EVLER\u0130 VE TARIM ALANLARINI SU BASTI<\/b><\/p>\n<p>Mezitli il\u00e7esinde Gazi Mustafa Kemal Bulvar\u0131 yer yer su alt\u0131nda kal\u0131rken Erdemli\u2019de il\u00e7e merkezinde ve k\u00f6ylerde ta\u015fk\u0131nlar ya\u015fand\u0131. Toroslar il\u00e7esinde de Buluklu, Resul, Dalakderesi k\u00f6ylerinde su ta\u015fk\u0131nlar\u0131 meydana geldi. Meskenlerin yan\u0131 s\u0131ra ekili dikili alanlar selden ziyan g\u00f6rd\u00fc.<\/p>\n<p>Erdemli Belediye Ba\u015fkan\u0131 Mustafa Kara ve Mezitli Belediye Lideri Ahmet Serkan Tuncer, su ta\u015fk\u0131nlar\u0131na neden olan dere yataklar\u0131ndaki \u00e7al\u0131\u015fmalar\u0131 inceledi.<\/p>\n<p><img decoding=\"async\" src=\"https:\/\/ikimisli.tr\/wp-content\/uploads\/2026\/01\/mersinde-saganak-sele-dondu-dereler-tasti-evleri-su-basti-0-WZK7bkkH.jpg\"\/><\/p>\n<p>Mezitli Belediye Ba\u015fkan\u0131 Tuncer, uzun y\u0131llar sonra birinci kere Mezitli Deresi&#8217;nde ta\u015fk\u0131nla kar\u015f\u0131la\u015ft\u0131klar\u0131n\u0131 s\u00f6yledi.<\/p>\n<p>CHP Mersin Milletvekili G\u00fclcan K\u0131\u015f da Faziletli ve Mezitli\u2019de sel olan alanlar\u0131 gezerek yetkililerden bilgi ald\u0131.<\/p>\n","protected":false},"excerpt":{"rendered":"<p>Mersin\u2019de tesirli olan \u015fiddetli ya\u011f\u0131\u015f Mezitli, Faziletli ve Toroslar il\u00e7elerinde sele neden oldu. Erdemli\u2019de T\u00f6m\u00fck Deresi, Mezitli il\u00e7esinde Mezitli Deresi ta\u015ft\u0131. Toroslar il\u00e7esine ba\u011fl\u0131 k\u00f6ylerde de dere yataklar\u0131n\u0131n ta\u015fmas\u0131 sonucu meskenleri ve bah\u00e7eleri su bast\u0131.<\/p>\n","protected":false},"author":1,"featured_media":96630,"comment_status":"open","ping_status":"open","sticky":false,"template":"","format":"standard","meta":{"footnotes":""},"categories":[25],"tags":[4486,10122],"class_list":["post-96629","post","type-post","status-publish","format-standard","has-post-thumbnail","hentry","category-gundem","tag-dere","tag-mezitli"],"_links":{"self":[{"href":"https:\/\/ikimisli.tr\/index.php\/wp-json\/wp\/v2\/posts\/96629","targetHints":{"allow":["GET"]}}],"collection":[{"href":"https:\/\/ikimisli.tr\/index.php\/wp-json\/wp\/v2\/posts"}],"about":[{"href":"https:\/\/ikimisli.tr\/index.php\/wp-json\/wp\/v2\/types\/post"}],"author":[{"embeddable":true,"href":"https:\/\/ikimisli.tr\/index.php\/wp-json\/wp\/v2\/users\/1"}],"replies":[{"embeddable":true,"href":"https:\/\/ikimisli.tr\/index.php\/wp-json\/wp\/v2\/comments?post=96629"}],"version-history":[{"count":1,"href":"https:\/\/ikimisli.tr\/index.php\/wp-json\/wp\/v2\/posts\/96629\/revisions"}],"predecessor-version":[{"id":96632,"href":"https:\/\/ikimisli.tr\/index.php\/wp-json\/wp\/v2\/posts\/96629\/revisions\/96632"}],"wp:featuredmedia":[{"embeddable":true,"href":"https:\/\/ikimisli.tr\/index.php\/wp-json\/wp\/v2\/media\/96630"}],"wp:attachment":[{"href":"https:\/\/ikimisli.tr\/index.php\/wp-json\/wp\/v2\/media?parent=96629"}],"wp:term":[{"taxonomy":"category","embeddable":true,"href":"https:\/\/ikimisli.tr\/index.php\/wp-json\/wp\/v2\/categories?post=96629"},{"taxonomy":"post_tag","embeddable":true,"href":"https:\/\/ikimisli.tr\/index.php\/wp-json\/wp\/v2\/tags?post=96629"}],"curies":[{"name":"wp","href":"https:\/\/api.w.org\/{rel}","templated":true}]}}