{"id":96793,"date":"2026-02-01T00:24:15","date_gmt":"2026-02-01T00:24:15","guid":{"rendered":"https:\/\/ikimisli.tr\/?p=96793"},"modified":"2026-02-01T00:24:15","modified_gmt":"2026-02-01T00:24:15","slug":"itirafci-olan-olana-tek-tek-isim-verdi-sussun-diye-avukat-gondermisler","status":"publish","type":"post","link":"https:\/\/ikimisli.tr\/index.php\/2026\/02\/01\/itirafci-olan-olana-tek-tek-isim-verdi-sussun-diye-avukat-gondermisler\/","title":{"rendered":"\u0130tiraf\u00e7\u0131 olan olana: Tek tek isim verdi! Sussun diye avukat g\u00f6ndermi\u015fler"},"content":{"rendered":"<p>Yal\u0131s\u0131 ve yat\u0131nda uyu\u015fturucu ile fuhu\u015f partileri d\u00fczenledi\u011fi belirlenen firari Kas\u0131m Garipo\u011flu\u2019nun s\u00fcr\u00fcc\u00fcs\u00fc Murat Can Sevecen (27) itiraf\u00e7\u0131 oldu.<\/p>\n<p>Cezaevinden dilek\u00e7e vererek bildiklerini anlatmak istedi\u011fini belirten Tatl\u0131, 29 Ocak\u2019ta adliyeye geldi. S\u00f6z vermeye haz\u0131rland\u0131\u011f\u0131 s\u0131rada tan\u0131mad\u0131\u011f\u0131 avukat Berkay V.\u2019nin ifadeye kat\u0131lmak istedi\u011fini s\u00f6yleyen Tatl\u0131, \u201cBu ki\u015finin tabire kat\u0131lmas\u0131n\u0131 istemedim.<\/p>\n<p>Ger\u00e7ekleri anlatmamam i\u00e7in telkinde bulundu. Kabul etmedim. Kimseye iftira atmadan, devlete g\u00fcvenerek bildiklerimi anlatmak istiyorum\u201d dedi.<\/p>\n<p>Sabah&#8217;ta yer alan habere nazaran, 2022-2025 y\u0131llar\u0131 ortas\u0131nda Kas\u0131m Garipo\u011flu\u2019nun s\u00fcr\u00fcc\u00fcl\u00fc\u011f\u00fcn\u00fc yapt\u0131\u011f\u0131n\u0131 s\u00f6yleyen Murat Can Tatl\u0131, g\u00f6zalt\u0131na al\u0131nana kadar misyonuna devam etti\u011fini belirterek, \u201cGaripo\u011flu\u2019nun Yenik\u00f6y\u2019deki yal\u0131s\u0131nda iki haftada bir uyu\u015fturucu partileri d\u00fczenlenirdi\u201d dedi.<\/p>\n<p>\u015eirin, bu partilere kat\u0131lan isimleri de a\u00e7\u0131klad\u0131. Tabirinde; Cihan \u015eens\u00f6zl\u00fc, Ege Mutaf, \u015eevval \u015eahin, Derin Talu, Monkey Project i\u015fletmecisi Charlie, Merve Ta\u015fk\u0131n, Zeynep Alkan, \u00d6zge Ert\u00f6z, Patrizio Ragusin ve \u015eeyma Suba\u015f\u0131\u2019n\u0131n yer ald\u0131\u011f\u0131n\u0131 s\u00f6yledi.<\/p>\n<p>\u0130tiraflar\u0131n akabinde yurtd\u0131\u015f\u0131na \u00e7\u0131kt\u0131klar\u0131 belirtilen Merve Ta\u015fk\u0131n ve Alpaslan Kaya hakk\u0131nda yakalama karar\u0131 \u00e7\u0131kar\u0131ld\u0131.<\/p>\n<p>\u00a0<\/p>\n<p>\u00a0<\/p>\n","protected":false},"excerpt":{"rendered":"<p>\u00dcnl\u00fclere y\u00f6nelik uyu\u015fturucu ve fuhu\u015f operasyonunda firari pozisyondaki Kas\u0131m Garipo\u011flu\u2019nun s\u00fcr\u00fcc\u00fcs\u00fc Murat Can Tatl\u0131, \u0130stanbul Cumhuriyet Ba\u015fsavc\u0131l\u0131\u011f\u0131\u2019nda ek s\u00f6z verdi.<\/p>\n","protected":false},"author":1,"featured_media":96794,"comment_status":"open","ping_status":"open","sticky":false,"template":"","format":"standard","meta":{"footnotes":""},"categories":[25],"tags":[10135],"class_list":["post-96793","post","type-post","status-publish","format-standard","has-post-thumbnail","hentry","category-gundem","tag-sirin"],"_links":{"self":[{"href":"https:\/\/ikimisli.tr\/index.php\/wp-json\/wp\/v2\/posts\/96793","targetHints":{"allow":["GET"]}}],"collection":[{"href":"https:\/\/ikimisli.tr\/index.php\/wp-json\/wp\/v2\/posts"}],"about":[{"href":"https:\/\/ikimisli.tr\/index.php\/wp-json\/wp\/v2\/types\/post"}],"author":[{"embeddable":true,"href":"https:\/\/ikimisli.tr\/index.php\/wp-json\/wp\/v2\/users\/1"}],"replies":[{"embeddable":true,"href":"https:\/\/ikimisli.tr\/index.php\/wp-json\/wp\/v2\/comments?post=96793"}],"version-history":[{"count":1,"href":"https:\/\/ikimisli.tr\/index.php\/wp-json\/wp\/v2\/posts\/96793\/revisions"}],"predecessor-version":[{"id":96795,"href":"https:\/\/ikimisli.tr\/index.php\/wp-json\/wp\/v2\/posts\/96793\/revisions\/96795"}],"wp:featuredmedia":[{"embeddable":true,"href":"https:\/\/ikimisli.tr\/index.php\/wp-json\/wp\/v2\/media\/96794"}],"wp:attachment":[{"href":"https:\/\/ikimisli.tr\/index.php\/wp-json\/wp\/v2\/media?parent=96793"}],"wp:term":[{"taxonomy":"category","embeddable":true,"href":"https:\/\/ikimisli.tr\/index.php\/wp-json\/wp\/v2\/categories?post=96793"},{"taxonomy":"post_tag","embeddable":true,"href":"https:\/\/ikimisli.tr\/index.php\/wp-json\/wp\/v2\/tags?post=96793"}],"curies":[{"name":"wp","href":"https:\/\/api.w.org\/{rel}","templated":true}]}}