{"id":96813,"date":"2026-02-01T01:36:16","date_gmt":"2026-02-01T01:36:16","guid":{"rendered":"https:\/\/ikimisli.tr\/?p=96813"},"modified":"2026-02-01T01:36:16","modified_gmt":"2026-02-01T01:36:16","slug":"abdde-federal-hukumet-kismen-kapandi","status":"publish","type":"post","link":"https:\/\/ikimisli.tr\/index.php\/2026\/02\/01\/abdde-federal-hukumet-kismen-kapandi\/","title":{"rendered":"ABD\u2019de federal h\u00fck\u00fcmet k\u0131smen kapand\u0131"},"content":{"rendered":"<p>ABD&#8217;de federal h\u00fck\u00fcmet, Senatonun b\u00fct\u00e7e paketini kabul etmesine ra\u011fmen Temsilciler Meclisinin \u015fimdi oylama yapmamas\u0131 sebebiyle k\u0131smen kapand\u0131.<\/p>\n<p>\u00dclkede federal kurumlar\u0131n b\u00fcy\u00fck k\u0131sm\u0131na 30 Ocak lokal saatle gece yar\u0131s\u0131na kadar finansman sa\u011flayan s\u00fcreksiz b\u00fct\u00e7enin m\u00fcddeti dolarken Senatonun onaylad\u0131\u011f\u0131 b\u00fct\u00e7e paketinin yasala\u015fma s\u00fcreci tamamlanamad\u0131.<\/p>\n<p>Savunma, Ula\u015ft\u0131rma, Konut ve Kentsel Geli\u015fim, S\u0131hhat ve \u0130nsan Hizmetleri, \u00c7al\u0131\u015fma ve E\u011fitim bakanl\u0131klar\u0131n\u0131 eyl\u00fcl ay\u0131na kadar finanse edecek tasar\u0131lar ile \u0130\u00e7 G\u00fcvenlik Bakanl\u0131\u011f\u0131 i\u00e7in iki haftal\u0131k s\u00fcreksiz b\u00fct\u00e7e \u00f6ng\u00f6ren paketin Senatodan ge\u00e7mesine kar\u015f\u0131n Temsilciler Meclisinin hafta sonu toplanmayacak olmas\u0131, federal h\u00fck\u00fcmetin k\u0131smen kapanmas\u0131na yol a\u00e7t\u0131.<\/p>\n<p>Senatoda yap\u0131lan oylamada kelam konusu b\u00fct\u00e7e paketi 29&#8217;a kar\u015f\u0131 71 oyla kabul edilmi\u015fti.<\/p>\n<p>Tasar\u0131lar \u00fczerinde yap\u0131lan de\u011fi\u015fiklikler nedeniyle b\u00fct\u00e7e paketi, tekrar Temsilciler Meclisine g\u00f6nderildi.<\/p>\n<p>B\u00fct\u00e7e paketinin yasala\u015fmas\u0131 i\u00e7in Temsilciler Meclisinin onay\u0131 ile ABD Ba\u015fkan\u0131 Donald Trump&#8217;\u0131n imzas\u0131 gerekirken federal kurumlar\u0131n b\u00fcy\u00fck k\u0131sm\u0131 i\u00e7in harcama yetkisi, lokal saatle gece yar\u0131s\u0131 prestijiyle sona erdi.<\/p>\n<p>Temsilciler Meclisinin pazartesi g\u00fcn\u00fc b\u00fct\u00e7e paketini ele almas\u0131n\u0131n akabinde tasar\u0131n\u0131n Trump&#8217;\u0131n imzas\u0131na sunulmas\u0131 ve k\u0131smi kapanman\u0131n k\u0131sa m\u00fcddette sona ermesi bekleniyor.<\/p>\n<p>K\u0131sa vadeli olmas\u0131 \u00f6ng\u00f6r\u00fclen kapanman\u0131n federal hizmetlerin b\u00fcy\u00fck k\u0131sm\u0131nda \u00f6nemli aksamalara yol a\u00e7mas\u0131 beklenmiyor.<\/p>\n<p><b>ABD&#8217;DE 43 G\u00dcN BOYUNCA H\u00dcK\u00dcMET KAPANMI\u015eTI<\/b><\/p>\n<p>ABD&#8217;de federal h\u00fck\u00fcmet, en son Kongrenin 2026 mali y\u0131l\u0131 ba\u015flamadan evvel s\u00fcreksiz b\u00fct\u00e7e tasar\u0131s\u0131n\u0131 onaylayamamas\u0131 nedeniyle 1 Ekim 2025&#8217;te kapanm\u0131\u015ft\u0131.<\/p>\n<p>Harcama yetkisini kaybeden federal kurumlar, faaliyetlerine orta verirken taraflar ortas\u0131ndaki g\u00f6r\u00fc\u015f ayr\u0131l\u0131\u011f\u0131, \u00fclke tarihinde en uzun periyodik kapanmaya yol a\u00e7m\u0131\u015ft\u0131.<\/p>\n<p>Federal h\u00fck\u00fcmet, 43 g\u00fcn kapal\u0131 kal\u0131rken federal kurumlar\u0131n bir\u00e7oklar\u0131na 30 Ocak&#8217;a kadar, kimilerine ise mali y\u0131l boyunca finansman sa\u011flanmas\u0131n\u0131 \u00f6ng\u00f6ren b\u00fct\u00e7e tasar\u0131s\u0131n\u0131n 13 Kas\u0131m 2025&#8217;te ABD Ba\u015fkan\u0131 Donald Trump taraf\u0131ndan imzalanmas\u0131yla kapanma sona ermi\u015fti.<\/p>\n","protected":false},"excerpt":{"rendered":"<p>Senatonun b\u00fct\u00e7e paketini kabul etmesine kar\u015f\u0131n Temsilciler Meclisinin \u015fimdi oylama yapmamas\u0131 nedeniyle ABD\u2019de federal h\u00fck\u00fcmet k\u0131smen kapand\u0131. S\u00fcreksiz b\u00fct\u00e7enin m\u00fcddetinin dolmas\u0131yla \u00e7ok say\u0131da federal kurum i\u00e7in harcama yetkisi sona ererken, Temsilciler Meclisinin pazartesi g\u00fcn\u00fc paketi ele almas\u0131n\u0131n akabinde kapanman\u0131n k\u0131sa m\u00fcddette sona ermesi bekleniyor.<\/p>\n","protected":false},"author":1,"featured_media":96814,"comment_status":"open","ping_status":"open","sticky":false,"template":"","format":"standard","meta":{"footnotes":""},"categories":[24],"tags":[82,10139,4087,941,9341],"class_list":["post-96813","post","type-post","status-publish","format-standard","has-post-thumbnail","hentry","category-ekonomi","tag-abd","tag-butce-paketi","tag-federal","tag-hukumet","tag-kapanma"],"_links":{"self":[{"href":"https:\/\/ikimisli.tr\/index.php\/wp-json\/wp\/v2\/posts\/96813","targetHints":{"allow":["GET"]}}],"collection":[{"href":"https:\/\/ikimisli.tr\/index.php\/wp-json\/wp\/v2\/posts"}],"about":[{"href":"https:\/\/ikimisli.tr\/index.php\/wp-json\/wp\/v2\/types\/post"}],"author":[{"embeddable":true,"href":"https:\/\/ikimisli.tr\/index.php\/wp-json\/wp\/v2\/users\/1"}],"replies":[{"embeddable":true,"href":"https:\/\/ikimisli.tr\/index.php\/wp-json\/wp\/v2\/comments?post=96813"}],"version-history":[{"count":1,"href":"https:\/\/ikimisli.tr\/index.php\/wp-json\/wp\/v2\/posts\/96813\/revisions"}],"predecessor-version":[{"id":96815,"href":"https:\/\/ikimisli.tr\/index.php\/wp-json\/wp\/v2\/posts\/96813\/revisions\/96815"}],"wp:featuredmedia":[{"embeddable":true,"href":"https:\/\/ikimisli.tr\/index.php\/wp-json\/wp\/v2\/media\/96814"}],"wp:attachment":[{"href":"https:\/\/ikimisli.tr\/index.php\/wp-json\/wp\/v2\/media?parent=96813"}],"wp:term":[{"taxonomy":"category","embeddable":true,"href":"https:\/\/ikimisli.tr\/index.php\/wp-json\/wp\/v2\/categories?post=96813"},{"taxonomy":"post_tag","embeddable":true,"href":"https:\/\/ikimisli.tr\/index.php\/wp-json\/wp\/v2\/tags?post=96813"}],"curies":[{"name":"wp","href":"https:\/\/api.w.org\/{rel}","templated":true}]}}