{"id":96837,"date":"2026-02-01T03:00:16","date_gmt":"2026-02-01T03:00:16","guid":{"rendered":"https:\/\/ikimisli.tr\/?p=96837"},"modified":"2026-02-01T03:00:16","modified_gmt":"2026-02-01T03:00:16","slug":"trump-warsh-faiz-indirimi-taahhudunde-bulunmadi-ama-indirim-istiyor","status":"publish","type":"post","link":"https:\/\/ikimisli.tr\/index.php\/2026\/02\/01\/trump-warsh-faiz-indirimi-taahhudunde-bulunmadi-ama-indirim-istiyor\/","title":{"rendered":"Trump: Warsh faiz indirimi taahh\u00fcd\u00fcnde bulunmad\u0131 ama indirim istiyor"},"content":{"rendered":"<p>ABD Ba\u015fkan\u0131 Donald Trump, ABD Merkez Bankas\u0131 (Fed) ba\u015fkanl\u0131\u011f\u0131na aday g\u00f6sterdi\u011fi Kevin Warsh&#8217;\u0131n, faizleri d\u00fc\u015f\u00fcrme konusunda bir taahh\u00fctte bulunmad\u0131\u011f\u0131n\u0131 lakin faiz indirimi istedi\u011fini belirtti.<\/p>\n<p>Trump, Beyaz Saray&#8217;daki ba\u015fkanl\u0131k kararnamesi imza merasiminde, bas\u0131n mensuplar\u0131n\u0131n sorular\u0131n\u0131 da yan\u0131tlad\u0131.<\/p>\n<p>Warsh&#8217;\u0131n Fed ba\u015fkan\u0131 olarak onaylan\u0131rsa faizleri d\u00fc\u015f\u00fcrmek konusunda taahh\u00fctte bulunup bulunmad\u0131\u011f\u0131na y\u00f6nelik soru \u00fczerine Trump, &#8220;Hay\u0131r fakat bu mevzuyu konu\u015fuyoruz. Ona bu soruyu sormak istemiyorum. Muhtemelen uygunsuz olur. Muhtemelen m\u00fcsaade verilir, lakin ben bunu ho\u015f ve saf tutmak istiyorum. Lakin (Warsh) mutlaka faiz oranlar\u0131n\u0131 d\u00fc\u015f\u00fcrmek istiyor. Onu uzun vakittir izliyorum.&#8221; diye konu\u015ftu.<\/p>\n<p>Trump, Warsh&#8217;\u0131n ge\u00e7mi\u015fteki &#8220;\u015fahin&#8221; g\u00f6r\u00fc\u015flerinden kayg\u0131 duyup duymad\u0131\u011f\u0131 sorusuna cevaben de, Warsh&#8217;\u0131n kendisiyle birebir \u015feyi yapmay\u0131 isteyece\u011fini s\u00f6yledi.<\/p>\n<p>Warsh&#8217;\u0131 &#8220;\u00e7ok zeki, \u00e7ok d\u00fczg\u00fcn, g\u00fc\u00e7l\u00fc, epeyce gen\u00e7&#8221; olarak nitelendiren Trump, aday g\u00f6sterdi\u011fi ismin &#8220;bu rol i\u00e7in bi\u00e7ilmi\u015f kaftan&#8221; oldu\u011funu kaydetti.<\/p>\n<p>Trump, aday g\u00f6sterebilece\u011fi bir\u00e7ok m\u00fckemmel isimle g\u00f6r\u00fc\u015ft\u00fc\u011f\u00fcne de\u011finerek, &#8220;Bence Warsh&#8217;\u0131n kusursuz bir aday oldu\u011funu s\u00f6yleyebilirim. Bu bir s\u00fcrpriz falan de\u011fildi. En nitelikli, en d\u00fczg\u00fcn \u00f6\u011frenci, en d\u00fczg\u00fcn okullardan mezun, Fed&#8217;de vazife yapan en gen\u00e7 ki\u015fi, her \u015feyiyle harika. Ve bence kusursuz bir i\u015f \u00e7\u0131karacak, \u00fclkesini \u00e7ok seviyor.&#8221; tabirlerini kulland\u0131.<\/p>\n<p>Adalet Bakanl\u0131\u011f\u0131n\u0131n Fed Ba\u015fkan\u0131 Jerome Powell hakk\u0131ndaki soru\u015fturmas\u0131n\u0131n devam edip etmeyece\u011fine y\u00f6nelik soru \u00fczerine de Trump, Fed binas\u0131 renovasyonunun milyarlarca dolara mal oldu\u011funu lisana getirdi.<\/p>\n<p>Trump, &#8220;Bu ya b\u00fcy\u00fck bir beceriksizlik ya da h\u0131rs\u0131zl\u0131k. Bir bina in\u015fa ediyorlar, duydu\u011fum say\u0131lar 3 ila 4 milyar dolar ortas\u0131nda, bu \u015fimdiye kadar in\u015fa edilmi\u015f en de\u011ferli yap\u0131. Yani Powell ya maharetsiz ya da o yahut \u00f6teki biri sahtekar, bunu g\u00f6rece\u011fiz.&#8221; dedi.<\/p>\n<p>ABD Ba\u015fkan\u0131 Trump, bug\u00fcn Fed ba\u015fkanl\u0131\u011f\u0131na eskiden Fed Y\u00f6netim Kurulu \u00dcyesi olarak misyon yapm\u0131\u015f Kevin Warsh&#8217;\u0131 aday g\u00f6stermi\u015fti.<\/p>\n","protected":false},"excerpt":{"rendered":"<p>Trump, Fed Ba\u015fkanl\u0131\u011f\u0131 i\u00e7in  aday g\u00f6sterdi\u011fi Kevin Warsh&#8217;\u0131n faizleri d\u00fc\u015f\u00fcrmek istedi\u011fini a\u00e7\u0131klad\u0131.<\/p>\n","protected":false},"author":1,"featured_media":96838,"comment_status":"open","ping_status":"open","sticky":false,"template":"","format":"standard","meta":{"footnotes":""},"categories":[24],"tags":[58,1477,425,131],"class_list":["post-96837","post","type-post","status-publish","format-standard","has-post-thumbnail","hentry","category-ekonomi","tag-aday","tag-fed","tag-soru","tag-trump"],"_links":{"self":[{"href":"https:\/\/ikimisli.tr\/index.php\/wp-json\/wp\/v2\/posts\/96837","targetHints":{"allow":["GET"]}}],"collection":[{"href":"https:\/\/ikimisli.tr\/index.php\/wp-json\/wp\/v2\/posts"}],"about":[{"href":"https:\/\/ikimisli.tr\/index.php\/wp-json\/wp\/v2\/types\/post"}],"author":[{"embeddable":true,"href":"https:\/\/ikimisli.tr\/index.php\/wp-json\/wp\/v2\/users\/1"}],"replies":[{"embeddable":true,"href":"https:\/\/ikimisli.tr\/index.php\/wp-json\/wp\/v2\/comments?post=96837"}],"version-history":[{"count":1,"href":"https:\/\/ikimisli.tr\/index.php\/wp-json\/wp\/v2\/posts\/96837\/revisions"}],"predecessor-version":[{"id":96839,"href":"https:\/\/ikimisli.tr\/index.php\/wp-json\/wp\/v2\/posts\/96837\/revisions\/96839"}],"wp:featuredmedia":[{"embeddable":true,"href":"https:\/\/ikimisli.tr\/index.php\/wp-json\/wp\/v2\/media\/96838"}],"wp:attachment":[{"href":"https:\/\/ikimisli.tr\/index.php\/wp-json\/wp\/v2\/media?parent=96837"}],"wp:term":[{"taxonomy":"category","embeddable":true,"href":"https:\/\/ikimisli.tr\/index.php\/wp-json\/wp\/v2\/categories?post=96837"},{"taxonomy":"post_tag","embeddable":true,"href":"https:\/\/ikimisli.tr\/index.php\/wp-json\/wp\/v2\/tags?post=96837"}],"curies":[{"name":"wp","href":"https:\/\/api.w.org\/{rel}","templated":true}]}}