{"id":96907,"date":"2026-02-01T07:24:05","date_gmt":"2026-02-01T07:24:05","guid":{"rendered":"https:\/\/ikimisli.tr\/?p=96907"},"modified":"2026-02-01T07:24:05","modified_gmt":"2026-02-01T07:24:05","slug":"hindistani-sarsan-olumcul-nipah-virusu-turkiyeye-gelir-mi-prof-dr-tevfik-ozlu-cevapladi","status":"publish","type":"post","link":"https:\/\/ikimisli.tr\/index.php\/2026\/02\/01\/hindistani-sarsan-olumcul-nipah-virusu-turkiyeye-gelir-mi-prof-dr-tevfik-ozlu-cevapladi\/","title":{"rendered":"Hindistan&#8217;\u0131 sarsan \u00f6l\u00fcmc\u00fcl Nipah vir\u00fcs\u00fc T\u00fcrkiye&#8217;ye gelir mi? Prof. Dr. Tevfik \u00d6zl\u00fc cevaplad\u0131"},"content":{"rendered":"<div>\n<p>Koronavir\u00fcs pandemisinin akabinde d\u00fcnya yeni bir vir\u00fcs tehdidiyle kar\u015f\u0131 kar\u015f\u0131ya. Birinci sefer Malezya\u2019da g\u00f6r\u00fclen ve son olarak Hindistan&#8217;da s\u0131hhat \u00e7al\u0131\u015fanlar\u0131n\u0131n vefat\u0131na neden olan Nipah vir\u00fcs\u00fc, y\u00fcksek vefat s\u00fcratiyle korkutuyor. Bahisle ilgili de\u011ferlendirmelerde bulunan Prof. Dr. Tevfik \u00d6zl\u00fc, vir\u00fcs\u00fcn yay\u0131l\u0131m dinamiklerini ve T\u00fcrkiye&#8217;deki durumu k\u0131ymetlendirdi.<\/p>\n<p><b>&#8220;T\u00fcrkiye&#8217;de Temas Ortam\u0131 Yok&#8221;<\/b><\/p>\n<p>Vir\u00fcs\u00fcn meyve yarasalar\u0131ndan bula\u015ft\u0131\u011f\u0131n\u0131 belirten Prof. Dr. \u00d6zl\u00fc, T\u00fcrkiye\u2019nin neden inan\u00e7ta oldu\u011funu \u015fu s\u00f6zlerle a\u00e7\u0131klad\u0131:<\/p>\n<p>&#8220;Nipah vir\u00fcs\u00fc, meyve yarasalar\u0131n\u0131n t\u00fck\u00fcr\u00fc\u011f\u00fc yahut idrar\u0131yla temas etmi\u015f meyveler yoluyla be\u015fere ge\u00e7iyor. T\u00fcrkiye\u2019deki yarasa tipleri ve hayat alanlar\u0131 g\u00f6z \u00f6n\u00fcne al\u0131nd\u0131\u011f\u0131nda, \u015fu an i\u00e7in \u00fclkemiz ismine bir risk ya da tehdit kelam konusu de\u011fil. Halk\u0131m\u0131z bu hususta inan\u00e7ta.&#8221;<\/p>\n<p>Nipah vir\u00fcs\u00fcn\u00fcn en tehlikeli yan\u0131n\u0131n \u015fimdi bir a\u015f\u0131s\u0131n\u0131n yahut ilac\u0131n\u0131n bulunmamas\u0131 oldu\u011funu vurgulayan \u00d6zl\u00fc, &#8220;Vakalar\u0131n y\u00fczde 45 ile 70&#8217;i maalesef vefatla sonu\u00e7lan\u0131yor. Hastal\u0131k evvel kolay bir grip \u00fczere ba\u015fl\u0131yor lakin s\u00fcratle zat\u00fcrreye ve beyin iltihab\u0131na d\u00f6n\u00fc\u015febiliyor&#8221; ihtar\u0131nda bulundu.<\/p>\n<p><b>&#8220;YEN\u0130 B\u0130R COV\u0130D DE\u011e\u0130L&#8221;<\/b><\/p>\n<p>Nipah vir\u00fcs\u00fcn\u00fcn yay\u0131lma surat\u0131n\u0131n Covid-19 kadar y\u00fcksek olmad\u0131\u011f\u0131n\u0131 hat\u0131rlatan \u00d6zl\u00fc, &#8220;Hava yoluyla s\u00fcratli bir bula\u015f g\u00f6r\u00fclmedi\u011fi i\u00e7in \u015fu an global bir pandemi tehdidi kelam konusu de\u011fil. Lakin olay bazl\u0131 mevt oranlar\u0131 \u00e7ok y\u00fcksek oldu\u011fu i\u00e7in s\u00fcreci yak\u0131ndan izlemek zorunday\u0131z&#8221; diyerek kelamlar\u0131n\u0131 noktalad\u0131.<\/p>\n<\/p><\/div>\n","protected":false},"excerpt":{"rendered":"<p>D\u00fcnya S\u0131hhat \u00d6rg\u00fct\u00fc&#8217;n\u00fcn &#8220;acil ara\u015ft\u0131rma&#8221; koduyla takibe ald\u0131\u011f\u0131 ve mevt oran\u0131 y\u00fczde 70&#8217;lere kadar \u00e7\u0131kan Nipah vir\u00fcs\u00fc, global bir tela\u015f kayna\u011f\u0131 haline geldi. G\u00f6\u011f\u00fcs Hastal\u0131klar\u0131 Uzman\u0131 Prof. Dr. Tevfik \u00d6zl\u00fc, vir\u00fcs\u00fcn T\u00fcrkiye i\u00e7in mevcut risk durumunu ve korunma yollar\u0131n\u0131 anlatt\u0131.<\/p>\n","protected":false},"author":1,"featured_media":96908,"comment_status":"open","ping_status":"open","sticky":false,"template":"","format":"standard","meta":{"footnotes":""},"categories":[25],"tags":[905],"class_list":["post-96907","post","type-post","status-publish","format-standard","has-post-thumbnail","hentry","category-gundem","tag-virus"],"_links":{"self":[{"href":"https:\/\/ikimisli.tr\/index.php\/wp-json\/wp\/v2\/posts\/96907","targetHints":{"allow":["GET"]}}],"collection":[{"href":"https:\/\/ikimisli.tr\/index.php\/wp-json\/wp\/v2\/posts"}],"about":[{"href":"https:\/\/ikimisli.tr\/index.php\/wp-json\/wp\/v2\/types\/post"}],"author":[{"embeddable":true,"href":"https:\/\/ikimisli.tr\/index.php\/wp-json\/wp\/v2\/users\/1"}],"replies":[{"embeddable":true,"href":"https:\/\/ikimisli.tr\/index.php\/wp-json\/wp\/v2\/comments?post=96907"}],"version-history":[{"count":1,"href":"https:\/\/ikimisli.tr\/index.php\/wp-json\/wp\/v2\/posts\/96907\/revisions"}],"predecessor-version":[{"id":96909,"href":"https:\/\/ikimisli.tr\/index.php\/wp-json\/wp\/v2\/posts\/96907\/revisions\/96909"}],"wp:featuredmedia":[{"embeddable":true,"href":"https:\/\/ikimisli.tr\/index.php\/wp-json\/wp\/v2\/media\/96908"}],"wp:attachment":[{"href":"https:\/\/ikimisli.tr\/index.php\/wp-json\/wp\/v2\/media?parent=96907"}],"wp:term":[{"taxonomy":"category","embeddable":true,"href":"https:\/\/ikimisli.tr\/index.php\/wp-json\/wp\/v2\/categories?post=96907"},{"taxonomy":"post_tag","embeddable":true,"href":"https:\/\/ikimisli.tr\/index.php\/wp-json\/wp\/v2\/tags?post=96907"}],"curies":[{"name":"wp","href":"https:\/\/api.w.org\/{rel}","templated":true}]}}