{"id":96921,"date":"2026-02-01T08:12:06","date_gmt":"2026-02-01T08:12:06","guid":{"rendered":"https:\/\/ikimisli.tr\/?p=96921"},"modified":"2026-02-01T08:12:06","modified_gmt":"2026-02-01T08:12:06","slug":"adanada-bosanma-asamasindaki-esinin-evine-girerek-darbeden-koca-tutuklandi","status":"publish","type":"post","link":"https:\/\/ikimisli.tr\/index.php\/2026\/02\/01\/adanada-bosanma-asamasindaki-esinin-evine-girerek-darbeden-koca-tutuklandi\/","title":{"rendered":"Adana&#8217;da bo\u015fanma a\u015famas\u0131ndaki e\u015finin evine girerek darbeden koca tutukland\u0131"},"content":{"rendered":"<p>Olay, Y\u00fcre\u011fir il\u00e7esi 19 May\u0131s Mahallesi\u2019nde ya\u015fand\u0131. D\u00f6rt \u00e7ocuk annesi ve kalp hastas\u0131 oldu\u011fu belirtilen tar\u0131m \u00e7al\u0131\u015fan\u0131 Cevriye Oru\u00e7, 13 y\u0131ll\u0131k e\u015fi Osman Oru\u00e7\u2019un uzun m\u00fcddettir ruhsal ve fizik\u00ee \u015fiddetine maruz kald\u0131\u011f\u0131n\u0131 ileri s\u00fcrerek 4 y\u0131l evvel bo\u015fanma davas\u0131 a\u00e7t\u0131 ve ba\u015fka bir konuta ta\u015f\u0131nd\u0131. \u0130\u015fsiz oldu\u011fu belirtilen Osman Oru\u00e7\u2019un bu s\u00fcre\u00e7te bar\u0131\u015fma mazeretiyle e\u015fini tehdit etmeyi s\u00fcrd\u00fcrd\u00fc\u011f\u00fc arg\u00fcman edildi.<\/p>\n<p>\u0130ddiaya nazaran 27 Ocak\u2019ta Cevriye Oru\u00e7\u2019un \u00e7ocu\u011funu hastaneye g\u00f6t\u00fcrmesini f\u0131rsat bilen Osman Oru\u00e7, meskene girerek eline ald\u0131\u011f\u0131 tavayla e\u015fyalara ziyan verdi. Meskene d\u00f6nd\u00fc\u011f\u00fcnde ya\u015fananlar\u0131 fark eden Cevriye Oru\u00e7, durumu cep telefonu kameras\u0131yla kayda ald\u0131. Bar\u0131\u015fma teklifini reddeden bayan\u0131 darbetti\u011fi \u00f6ne s\u00fcr\u00fclen Osman Oru\u00e7\u2019un daha sonra konuttan ayr\u0131ld\u0131\u011f\u0131 bildirildi.<\/p>\n<p>Polise giderek e\u015finden \u015fik\u00e2yet\u00e7i olan Cevriye Oru\u00e7, yetkililere davette bulunarak, \u201cBiz ya\u015farken sesimizi duyun. Hi\u00e7bir c\u00fcr\u00fcm cezas\u0131z kalmas\u0131n, hi\u00e7bir bayan ma\u011fdur edilmesin\u201d tabirlerini kulland\u0131.<\/p>\n<p>\u015eik\u00e2yet \u00fczerine Y\u00fcre\u011fir \u0130l\u00e7e Emniyet M\u00fcd\u00fcrl\u00fc\u011f\u00fc Hata Tedbire ve Soru\u015fturma Ofis Amirli\u011fi gruplar\u0131 taraf\u0131ndan g\u00f6zalt\u0131na al\u0131nan Osman Oru\u00e7, emniyetteki s\u00fcre\u00e7lerinin akabinde sevk edildi\u011fi adliyede \u00e7\u0131kar\u0131ld\u0131\u011f\u0131 mahkemece tutukland\u0131.<\/p>\n","protected":false},"excerpt":{"rendered":"<p>Adana\u2019da bo\u015fanma evresindeki e\u015finin meskenine girerek Cevriye Oru\u00e7\u2019u (32) darbeden ve konut e\u015fyalar\u0131na tavayla ziyan verdi\u011fi \u00f6ne s\u00fcr\u00fclen Osman Oru\u00e7 (33), \u00e7\u0131kar\u0131ld\u0131\u011f\u0131 mahkemece tutukland\u0131.<\/p>\n","protected":false},"author":1,"featured_media":96922,"comment_status":"open","ping_status":"open","sticky":false,"template":"","format":"standard","meta":{"footnotes":""},"categories":[25],"tags":[6745,6557],"class_list":["post-96921","post","type-post","status-publish","format-standard","has-post-thumbnail","hentry","category-gundem","tag-oruc","tag-osman"],"_links":{"self":[{"href":"https:\/\/ikimisli.tr\/index.php\/wp-json\/wp\/v2\/posts\/96921","targetHints":{"allow":["GET"]}}],"collection":[{"href":"https:\/\/ikimisli.tr\/index.php\/wp-json\/wp\/v2\/posts"}],"about":[{"href":"https:\/\/ikimisli.tr\/index.php\/wp-json\/wp\/v2\/types\/post"}],"author":[{"embeddable":true,"href":"https:\/\/ikimisli.tr\/index.php\/wp-json\/wp\/v2\/users\/1"}],"replies":[{"embeddable":true,"href":"https:\/\/ikimisli.tr\/index.php\/wp-json\/wp\/v2\/comments?post=96921"}],"version-history":[{"count":1,"href":"https:\/\/ikimisli.tr\/index.php\/wp-json\/wp\/v2\/posts\/96921\/revisions"}],"predecessor-version":[{"id":96923,"href":"https:\/\/ikimisli.tr\/index.php\/wp-json\/wp\/v2\/posts\/96921\/revisions\/96923"}],"wp:featuredmedia":[{"embeddable":true,"href":"https:\/\/ikimisli.tr\/index.php\/wp-json\/wp\/v2\/media\/96922"}],"wp:attachment":[{"href":"https:\/\/ikimisli.tr\/index.php\/wp-json\/wp\/v2\/media?parent=96921"}],"wp:term":[{"taxonomy":"category","embeddable":true,"href":"https:\/\/ikimisli.tr\/index.php\/wp-json\/wp\/v2\/categories?post=96921"},{"taxonomy":"post_tag","embeddable":true,"href":"https:\/\/ikimisli.tr\/index.php\/wp-json\/wp\/v2\/tags?post=96921"}],"curies":[{"name":"wp","href":"https:\/\/api.w.org\/{rel}","templated":true}]}}