{"id":96932,"date":"2026-02-01T08:48:06","date_gmt":"2026-02-01T08:48:06","guid":{"rendered":"https:\/\/ikimisli.tr\/?p=96932"},"modified":"2026-02-01T08:48:06","modified_gmt":"2026-02-01T08:48:06","slug":"trafik-magandalarinin-ucan-tekme-sovu-cezasiz-kalmadi","status":"publish","type":"post","link":"https:\/\/ikimisli.tr\/index.php\/2026\/02\/01\/trafik-magandalarinin-ucan-tekme-sovu-cezasiz-kalmadi\/","title":{"rendered":"Trafik magandalar\u0131n\u0131n &#8216;u\u00e7an tekme&#8217; \u015fovu cezas\u0131z kalmad\u0131"},"content":{"rendered":"<div>\n<p>Bursa\u2019n\u0131n Acemler mevkisi \u0130zmir Yolu \u00fczerinde d\u00fcn meydana gelen olayda, iki \u015fof\u00f6r yol ortas\u0131nda ara\u00e7lar\u0131n\u0131 durdurarak trafi\u011fi birbirine katt\u0131. Serkan K. ile araban\u0131n \u015fof\u00f6r\u00fc Emirhan A. ortas\u0131nda \u015fimdi bilinmeyen bir nedenle \u00e7\u0131kan tart\u0131\u015fma, k\u0131sa m\u00fcddette fizik\u00ee arbedeye d\u00f6n\u00fc\u015ft\u00fc.<\/p>\n<p><img decoding=\"async\" src=\"https:\/\/ikimisli.tr\/wp-content\/uploads\/2026\/02\/trafik-magandalarinin-ucan-tekme-sovu-cezasiz-kalmadi-0-DAlA1qBC.jpg\"\/><\/p>\n<p>S\u00fcr\u00fcc\u00fclerin birbirine tekme ve yumruklarla sald\u0131rd\u0131\u011f\u0131 anlar, yoldan ge\u00e7en bir motokuryenin kask kameras\u0131 taraf\u0131ndan saniye saniye kaydedildi. Etraftakilerin m\u00fcdahalesiyle sonlanan hengamenin akabinde taraflar yollar\u0131na devam ederken, birbirlerinden \u015fikayet\u00e7i olmad\u0131klar\u0131 \u00f6\u011frenildi. Lakin imgelerin incelenmesinin akabinde Trafik Denetleme \u015eube M\u00fcd\u00fcrl\u00fc\u011f\u00fc tak\u0131mlar\u0131 kimliklerini belirledi\u011fi \u015fof\u00f6rleri polis merkezine g\u00f6t\u00fcrd\u00fc.<\/p>\n<p><b>\u00a0<\/b><\/p>\n<p><img decoding=\"async\" src=\"https:\/\/ikimisli.tr\/wp-content\/uploads\/2026\/02\/trafik-magandalarinin-ucan-tekme-sovu-cezasiz-kalmadi-1-uEf4xMes.jpg\"\/><\/p>\n<p><b>\u2018EHL\u0130YETLER\u0130NE EL KONULDU\u2019<\/b><\/p>\n<p>Trafik Denetleme \u015eube M\u00fcd\u00fcrl\u00fc\u011f\u00fc gruplar\u0131, olay\u0131n akabinde trafi\u011fi tehlikeye d\u00fc\u015f\u00fcren \u015fof\u00f6rlerin Serkan K. ile Emirhan A. oldu\u011funu belirleyerek, polis merkezine g\u00f6t\u00fcrd\u00fc. Serkan K., \u2018Ara\u00e7lar\u0131n\u0131 mecbur\u00ee bir neden olmad\u0131k\u00e7a, ba\u015fka ara\u00e7lar\u0131n ilerleyi\u015fine mahzur olacak formda yahut i\u015faretle belirtilen s\u00fcrat sonunun \u00e7ok alt\u0131nda s\u00fcrmek, g\u00fcvenlik nedeni yahut verilen rastgele bir talimata uyulmas\u0131 d\u0131\u015f\u0131nda, di\u011ferlerini rahats\u0131z edecek yahut tehlikeye sokacak formda gereksiz ani yava\u015flamak\u2019, \u2018Sayg\u0131s\u0131z, tehlikeli ve keyfi davran\u0131\u015flar sergileme\u2019, \u2018Trafik i\u015faretlerine uymama\u2019 ve \u2018Teknik kurallara al\u0131\u015f\u0131lmam\u0131\u015f olan ara\u00e7lar\u0131 kullanmak\u2019 kurallar\u0131na uymamaktan \u00f6t\u00fcr\u00fc 4 bin 984 lira cezai s\u00fcre\u00e7 uygularken, \u015fof\u00f6r\u00fcn ehliyetine el konularak psikotekni\u011fe sevk edildi.<\/p>\n<p>Emirhan A.\u2019ya da \u2018Ara\u00e7lar\u0131n\u0131 zarur\u00ee bir neden olmad\u0131k\u00e7a, ba\u015fka ara\u00e7lar\u0131n ilerleyi\u015fine mani olacak bi\u00e7imde yahut i\u015faretle belirtilen s\u00fcrat hududunun \u00e7ok alt\u0131nda s\u00fcrmek, g\u00fcvenlik nedeni yahut verilen rastgele bir talimata uyulmas\u0131 d\u0131\u015f\u0131nda, di\u011ferlerini rahats\u0131z edecek yahut tehlikeye sokacak formda gereksiz ani yava\u015flamak\u2019, \u2018Sayg\u0131s\u0131z, tehlikeli ve keyfi davran\u0131\u015flar sergileme\u2019, \u2018Trafik i\u015faretlerine uymama\u2019, \u2018\u0130zin al\u0131nmaks\u0131z\u0131n reklam, yaz\u0131, i\u015faret, foto\u011fraf, sembol, ilan, flama, bayrak ve gibisi \u00f6gelerin tak\u0131lmas\u0131, yaz\u0131lmas\u0131 yahut sesli-\u0131\u015f\u0131kl\u0131 donan\u0131mlar\u0131n bulundurulmas\u0131\u2019 kurallar\u0131na uymamak ve abart\u0131 egzozdan 7 bin 703 lira idari para cezas\u0131 uygulad\u0131. Tak\u0131mlar ayr\u0131yeten Emirhan A.\u2019n\u0131n \u015fof\u00f6r aday\u0131 olmas\u0131 ve 75 puan ceza a\u015f\u0131m\u0131 nedeniyle ehliyetine daimi olarak el koydu.<\/p>\n<\/p><\/div>\n","protected":false},"excerpt":{"rendered":"<p>Nil\u00fcfer il\u00e7esinde trafi\u011fi tehlikeye d\u00fc\u015f\u00fcrerek birbirine sald\u0131ran Serkan K. ve Emirhan A., emniyet g\u00fc\u00e7leri taraf\u0131ndan tespit edildi. \u015eof\u00f6rlere toplamda 12 bin liran\u0131n \u00fczerinde para cezas\u0131 kesilirken, \u015fof\u00f6r aday\u0131 olan bir \u015f\u00fcphelinin ehliyeti daimi olarak iptal edildi.<\/p>\n","protected":false},"author":1,"featured_media":96933,"comment_status":"open","ping_status":"open","sticky":false,"template":"","format":"standard","meta":{"footnotes":""},"categories":[25],"tags":[350,191],"class_list":["post-96932","post","type-post","status-publish","format-standard","has-post-thumbnail","hentry","category-gundem","tag-araclarin","tag-surucu"],"_links":{"self":[{"href":"https:\/\/ikimisli.tr\/index.php\/wp-json\/wp\/v2\/posts\/96932","targetHints":{"allow":["GET"]}}],"collection":[{"href":"https:\/\/ikimisli.tr\/index.php\/wp-json\/wp\/v2\/posts"}],"about":[{"href":"https:\/\/ikimisli.tr\/index.php\/wp-json\/wp\/v2\/types\/post"}],"author":[{"embeddable":true,"href":"https:\/\/ikimisli.tr\/index.php\/wp-json\/wp\/v2\/users\/1"}],"replies":[{"embeddable":true,"href":"https:\/\/ikimisli.tr\/index.php\/wp-json\/wp\/v2\/comments?post=96932"}],"version-history":[{"count":1,"href":"https:\/\/ikimisli.tr\/index.php\/wp-json\/wp\/v2\/posts\/96932\/revisions"}],"predecessor-version":[{"id":96936,"href":"https:\/\/ikimisli.tr\/index.php\/wp-json\/wp\/v2\/posts\/96932\/revisions\/96936"}],"wp:featuredmedia":[{"embeddable":true,"href":"https:\/\/ikimisli.tr\/index.php\/wp-json\/wp\/v2\/media\/96933"}],"wp:attachment":[{"href":"https:\/\/ikimisli.tr\/index.php\/wp-json\/wp\/v2\/media?parent=96932"}],"wp:term":[{"taxonomy":"category","embeddable":true,"href":"https:\/\/ikimisli.tr\/index.php\/wp-json\/wp\/v2\/categories?post=96932"},{"taxonomy":"post_tag","embeddable":true,"href":"https:\/\/ikimisli.tr\/index.php\/wp-json\/wp\/v2\/tags?post=96932"}],"curies":[{"name":"wp","href":"https:\/\/api.w.org\/{rel}","templated":true}]}}