{"id":9770,"date":"2025-02-11T10:36:10","date_gmt":"2025-02-11T10:36:10","guid":{"rendered":"https:\/\/ikimisli.tr\/?p=9770"},"modified":"2025-02-11T10:36:10","modified_gmt":"2025-02-11T10:36:10","slug":"grevde-kazanan-isciler-oldu-maaslar-54-300-tlye-cikti","status":"publish","type":"post","link":"https:\/\/ikimisli.tr\/index.php\/2025\/02\/11\/grevde-kazanan-isciler-oldu-maaslar-54-300-tlye-cikti\/","title":{"rendered":"Grevde kazanan i\u015f\u00e7iler oldu: Maa\u015flar 54.300 TL&#8217;ye \u00e7\u0131kt\u0131"},"content":{"rendered":"<p>Birle\u015fik Metal-\u0130\u015f Genel Ba\u015fkan\u0131 ve D\u0130SK Genel Lider Yard\u0131mc\u0131s\u0131 \u00d6zkan Atar, toplumsal medya hesab\u0131 \u00fczerinden yapt\u0131\u011f\u0131 a\u00e7\u0131klamada, 33 g\u00fcnd\u00fcr personelleri grevde olan GE Grid Solutions\u2019ta mutabakat sa\u011fland\u0131\u011f\u0131n\u0131 duyurdu.<\/p>\n<p>Anla\u015fman\u0131n 13 saatlik m\u00fczakere sonucu yap\u0131ld\u0131\u011f\u0131n\u0131 lisana getiren Atar\u2019\u0131n, a\u00e7\u0131klamas\u0131 \u015fu halde:<\/p>\n<p>*D\u0130SK Birle\u015fik Metal \u0130\u015f \u00fcyesi Metal \u00e7al\u0131\u015fanlar\u0131 bir defa daha tarih yazd\u0131lar. 33 g\u00fcnd\u00fcr haks\u0131z ve hukuksuz grev yasa\u011f\u0131n\u0131 tan\u0131mayarak, grevimizi s\u00fcrd\u00fcrd\u00fc\u011f\u00fcm\u00fcz Mess \u00fcyesi olan GE Grid Solutions i\u015fyerinde bug\u00fcn Mess ile yap\u0131lan 13 saatlik m\u00fczakere sonucunda muahede etab\u0131na gelindi.<\/p>\n<p>*G\u00f6r\u00fc\u015fmede gelinen evre heyetimiz taraf\u0131ndan detayl\u0131 olarak de\u011ferlendirildi ve bu de\u011ferlendirmeler sonras\u0131nda \u015fubemizin, temsilcilerimizin ve \u00fcyelerimizin de onay\u0131 ve memnuniyetiyle mukavelenin imzalanmas\u0131 kararla\u015ft\u0131r\u0131ld\u0131.<\/p>\n<p><img decoding=\"async\" src=\"https:\/\/ikimisli.tr\/wp-content\/uploads\/2025\/02\/grevde-kazanan-isciler-oldu-maaslar-54300-tlye-cikti-0-GYiUHUCI.jpg\"\/><\/p>\n<p><b>&#8220;\u00dcYELER\u0130M\u0130Z\u0130N D\u0130REN\u0130\u015e\u0130&#8230;&#8221;<\/b><\/p>\n<p>\u0130mzalanan toplu i\u015f kontrat\u0131 ile i\u015fyerinde ortalama fiyat, y\u00fczde 27\u2019lik vergi dilimine nazaran 1 Eyl\u00fcl 2024 tarihi itibariyle net 54.300 TL oldu. Toplumsal haklarda da k\u0131ymetli kazan\u0131mlar sa\u011fland\u0131.<\/p>\n<p>*MESS\u2019in 3 y\u0131ll\u0131k T\u0130S dayatmas\u0131 ve esneklik i\u00e7eren hususlar\u0131n\u0131n t\u00fcm\u00fc geri \u00e7ektirildi ve kazan\u0131lm\u0131\u015f haklardan taviz verilmedi. Haks\u0131z ve hukuksuz grev yasa\u011f\u0131na ve t\u00fcm zorluklara kar\u015f\u0131n 33 g\u00fcnd\u00fcr onurlu grevlerini s\u00fcrd\u00fcren GE Grid Solutions emek\u00e7ileri, bu kararl\u0131 u\u011fra\u015flar\u0131n\u0131n sonucunda haklar\u0131n\u0131 ald\u0131lar.<\/p>\n<p>*B\u00f6ylece, \u00fcyelerimizin hukuksuz grev yasa\u011f\u0131na kar\u015f\u0131 direni\u015fini s\u00fcrd\u00fcrd\u00fc\u011f\u00fc son fabrikada da toplu i\u015f mukavelesi imzalanm\u0131\u015f oldu.<\/p>\n<p>*\u015eimdi s\u0131ra, yasal grevini s\u00fcrd\u00fcren Green Transfo emek\u00e7ilerinin toplu mukavelesinde. U\u011fra\u015f\u0131m\u0131za ve grevlerimize dayanak olan karde\u015f sendikalara, emekten yana siyasi parti ve demokratik kitle \u00f6rg\u00fctlerine, sesimizi duyuran bas\u0131n i\u015f\u00e7ilerine ve hepsinden de\u011ferlisi haklar\u0131 i\u00e7in yi\u011fit\u00e7e \u00e7aba eden grevci metal emek\u00e7isi karde\u015flerime sonsuz te\u015fekk\u00fcr ediyorum.<\/p>\n<p>*S\u00f6zle\u015fmemiz, ba\u015fta GE Grid Solutions personellerine olmak \u00fczere t\u00fcm metal emek\u00e7ilerine, sendikam\u0131za ve T\u00fcrkiye emek\u00e7i s\u0131n\u0131f\u0131na iyi olsun.<\/p>\n","protected":false},"excerpt":{"rendered":"<p>Birle\u015fik Metal \u0130\u015f-Sendikas\u0131, 33 g\u00fcnd\u00fcr personellerin grev yapt\u0131\u011f\u0131 T\u00fcrkiye Metal Sanayicileri Sendikas\u0131 (MESS) \u00fcyesi GE Grid Solutions\u2019ta muahede sa\u011fland\u0131\u011f\u0131n\u0131 a\u00e7\u0131klad\u0131.<\/p>\n","protected":false},"author":1,"featured_media":9771,"comment_status":"open","ping_status":"open","sticky":false,"template":"","format":"standard","meta":{"footnotes":""},"categories":[24],"tags":[2293,524,2294,2295],"class_list":["post-9770","post","type-post","status-publish","format-standard","has-post-thumbnail","hentry","category-ekonomi","tag-grev","tag-is","tag-iscileri","tag-metal"],"_links":{"self":[{"href":"https:\/\/ikimisli.tr\/index.php\/wp-json\/wp\/v2\/posts\/9770","targetHints":{"allow":["GET"]}}],"collection":[{"href":"https:\/\/ikimisli.tr\/index.php\/wp-json\/wp\/v2\/posts"}],"about":[{"href":"https:\/\/ikimisli.tr\/index.php\/wp-json\/wp\/v2\/types\/post"}],"author":[{"embeddable":true,"href":"https:\/\/ikimisli.tr\/index.php\/wp-json\/wp\/v2\/users\/1"}],"replies":[{"embeddable":true,"href":"https:\/\/ikimisli.tr\/index.php\/wp-json\/wp\/v2\/comments?post=9770"}],"version-history":[{"count":1,"href":"https:\/\/ikimisli.tr\/index.php\/wp-json\/wp\/v2\/posts\/9770\/revisions"}],"predecessor-version":[{"id":9773,"href":"https:\/\/ikimisli.tr\/index.php\/wp-json\/wp\/v2\/posts\/9770\/revisions\/9773"}],"wp:featuredmedia":[{"embeddable":true,"href":"https:\/\/ikimisli.tr\/index.php\/wp-json\/wp\/v2\/media\/9771"}],"wp:attachment":[{"href":"https:\/\/ikimisli.tr\/index.php\/wp-json\/wp\/v2\/media?parent=9770"}],"wp:term":[{"taxonomy":"category","embeddable":true,"href":"https:\/\/ikimisli.tr\/index.php\/wp-json\/wp\/v2\/categories?post=9770"},{"taxonomy":"post_tag","embeddable":true,"href":"https:\/\/ikimisli.tr\/index.php\/wp-json\/wp\/v2\/tags?post=9770"}],"curies":[{"name":"wp","href":"https:\/\/api.w.org\/{rel}","templated":true}]}}