{"id":97726,"date":"2026-02-03T04:36:06","date_gmt":"2026-02-03T04:36:06","guid":{"rendered":"https:\/\/ikimisli.tr\/?p=97726"},"modified":"2026-02-03T04:36:06","modified_gmt":"2026-02-03T04:36:06","slug":"dogal-gaz-borusuna-kaynak-yapilirken-patlama","status":"publish","type":"post","link":"https:\/\/ikimisli.tr\/index.php\/2026\/02\/03\/dogal-gaz-borusuna-kaynak-yapilirken-patlama\/","title":{"rendered":"Do\u011fal gaz borusuna kaynak yap\u0131l\u0131rken patlama!"},"content":{"rendered":"<p>Olay, saat 21.00 s\u0131ralar\u0131nda Meydan Mahallesi&#8217;nde 4 katl\u0131 bir apartman\u0131n 1&#8217;inci kat\u0131nda meydana geldi. Demirel Baydar meskeninde, do\u011fal gaz olmad\u0131\u011f\u0131n\u0131 fark edince tesisat ustas\u0131 Bahtiyar K\u0131l\u0131n\u00e7&#8217;\u0131 \u00e7a\u011f\u0131rd\u0131. K\u0131l\u0131n\u00e7, yapt\u0131\u011f\u0131 denetimde kar\u015f\u0131 kom\u015fusu Selime Tan&#8217;\u0131n daire kap\u0131s\u0131n\u0131n \u00fcst\u00fcnden ge\u00e7en boru s\u0131n\u0131r\u0131nda s\u0131z\u0131nt\u0131 oldu\u011fu belirledi. Akabinde vanadan gaz ak\u0131\u015f\u0131n\u0131 kapatt\u0131.<\/p>\n<p>GAZIN TAHL\u0130YE \u0130\u00c7\u0130N 1.5 SAAT BEKLED\u0130<\/p>\n<p>K\u0131l\u0131n\u00e7, teze nazaran hem borulardaki biriken gaz\u0131n, hem de boru s\u0131n\u0131r\u0131n\u0131n ge\u00e7ti\u011fi alanda kom\u015fu Selime Tan&#8217;\u0131n, dairesinin \u00e7abucak yan\u0131nda kiler olarak kullan\u0131lan odan\u0131n kap\u0131s\u0131 da s\u0131zan gaz\u0131n birikme ihtimaline kar\u015f\u0131 a\u00e7\u0131l\u0131p, tahliye i\u00e7in yakla\u015f\u0131k 1.5 saat bekledi. Akabinde boruya kaynak yapt\u0131\u011f\u0131 s\u0131rada patlama meydana geldi. Olay s\u0131ras\u0131nda K\u0131l\u0131n\u00e7 ve yan\u0131nda bulunan mesken sahibi Demiral Baydar yaraland\u0131. Kilerin kap\u0131s\u0131 yerinden s\u00f6k\u00fcl\u00fcrken, duvar\u0131n da bir k\u0131sm\u0131 da y\u0131k\u0131ld\u0131.<\/p>\n<p>\u0130hbar \u00fczerine adrese polis, s\u0131hhat, itfaiye ve do\u011fal gaz da\u011f\u0131t\u0131m \u015firketine ili\u015fkin tak\u0131mlar sevk edildi. Yaral\u0131 2 ki\u015fi ambulanslarla Aksaray E\u011fitim ve Ara\u015ft\u0131rma Hastanesine kald\u0131r\u0131ld\u0131. Tedaviye al\u0131nan yaral\u0131lardan Bahtiyar K\u0131l\u0131n\u00e7\u2019\u0131n hayati tehlikesinin bulundu\u011fu belirtildi.<\/p>\n<p>Ya\u015fananlar\u0131 anlatan Selime Tan\u2019\u0131n k\u0131z\u0131 Aynur Eren, \u201cS\u0131z\u0131nt\u0131 kilere dolmu\u015f, konutta do\u011fal gaz\u0131 olanlar vanalar\u0131 kapatm\u0131\u015f. 1,5 saat beklemi\u015fler, sonra kaynak yapmaya ba\u015flam\u0131\u015flar ve k\u0131v\u0131lc\u0131mdan patlama olmu\u015f. Annemde o esnada mutfakta yemek yiyormu\u015f, orada olsa ba\u015f\u0131na bir \u015fey gelebilirdi. Duvar patlam\u0131\u015f ve y\u0131k\u0131lm\u0131\u015f, kap\u0131l\u0131 konutun kap\u0131s\u0131 k\u0131r\u0131ld\u0131. Annem patlamada \u00e7ok korkmu\u015f.\u201d dedi.<\/p>\n","protected":false},"excerpt":{"rendered":"<p>Aksaray&#8217;da gaz s\u0131z\u0131nt\u0131s\u0131 oldu\u011fu tespit edilen do\u011fal gaz borusuna kaynak yap\u0131ld\u0131\u011f\u0131 s\u0131rada meydana gelen patlamada tesisat ustas\u0131 Bahtiyar K\u0131l\u0131n\u00e7 (53) ve konut sahibi Demirel Baydar (56) yaraland\u0131. Yaral\u0131lardan K\u0131l\u0131n\u00e7&#8217;\u0131n hayati tehlikesinin bulundu\u011fu belirtildi.<\/p>\n","protected":false},"author":1,"featured_media":97727,"comment_status":"open","ping_status":"open","sticky":false,"template":"","format":"standard","meta":{"footnotes":""},"categories":[25],"tags":[1835,10190],"class_list":["post-97726","post","type-post","status-publish","format-standard","has-post-thumbnail","hentry","category-gundem","tag-gaz","tag-kilinc"],"_links":{"self":[{"href":"https:\/\/ikimisli.tr\/index.php\/wp-json\/wp\/v2\/posts\/97726","targetHints":{"allow":["GET"]}}],"collection":[{"href":"https:\/\/ikimisli.tr\/index.php\/wp-json\/wp\/v2\/posts"}],"about":[{"href":"https:\/\/ikimisli.tr\/index.php\/wp-json\/wp\/v2\/types\/post"}],"author":[{"embeddable":true,"href":"https:\/\/ikimisli.tr\/index.php\/wp-json\/wp\/v2\/users\/1"}],"replies":[{"embeddable":true,"href":"https:\/\/ikimisli.tr\/index.php\/wp-json\/wp\/v2\/comments?post=97726"}],"version-history":[{"count":1,"href":"https:\/\/ikimisli.tr\/index.php\/wp-json\/wp\/v2\/posts\/97726\/revisions"}],"predecessor-version":[{"id":97728,"href":"https:\/\/ikimisli.tr\/index.php\/wp-json\/wp\/v2\/posts\/97726\/revisions\/97728"}],"wp:featuredmedia":[{"embeddable":true,"href":"https:\/\/ikimisli.tr\/index.php\/wp-json\/wp\/v2\/media\/97727"}],"wp:attachment":[{"href":"https:\/\/ikimisli.tr\/index.php\/wp-json\/wp\/v2\/media?parent=97726"}],"wp:term":[{"taxonomy":"category","embeddable":true,"href":"https:\/\/ikimisli.tr\/index.php\/wp-json\/wp\/v2\/categories?post=97726"},{"taxonomy":"post_tag","embeddable":true,"href":"https:\/\/ikimisli.tr\/index.php\/wp-json\/wp\/v2\/tags?post=97726"}],"curies":[{"name":"wp","href":"https:\/\/api.w.org\/{rel}","templated":true}]}}