{"id":97848,"date":"2026-02-03T12:00:10","date_gmt":"2026-02-03T12:00:10","guid":{"rendered":"https:\/\/ikimisli.tr\/?p=97848"},"modified":"2026-02-03T12:00:10","modified_gmt":"2026-02-03T12:00:10","slug":"izmirde-denizin-rengi-degisti","status":"publish","type":"post","link":"https:\/\/ikimisli.tr\/index.php\/2026\/02\/03\/izmirde-denizin-rengi-degisti\/","title":{"rendered":"\u0130zmir\u2019de denizin rengi de\u011fi\u015fti"},"content":{"rendered":"<p>Meteoroloji 2&#8217;nci B\u00f6lge M\u00fcd\u00fcrl\u00fc\u011f\u00fc&#8217;n\u00fcn ikaz\u0131n\u0131n akabinde d\u00fcn ak\u015fam saatlerinden itibaren kentte, g\u00f6k g\u00fcr\u00fclt\u00fcl\u00fc sa\u011fanak tesirli oldu. Ya\u011f\u0131\u015f, hayat\u0131 olumsuz etkiledi, kentte cadde ve sokaklar g\u00f6le d\u00f6nd\u00fc. \u015eof\u00f6rler trafikte ara\u00e7lar\u0131yla ilerlemekte zahmet \u00e7ekti.<\/p>\n<p>Meteoroloji&#8217;den al\u0131nan bilgilere nazaran; son 24 saatte kent merkezine metrekare ba\u015f\u0131na 49,4 kilogram ya\u011f\u0131\u015f d\u00fc\u015ft\u00fc. Sa\u011fana\u011f\u0131n tesirli oldu\u011fu yerlerden olan Konak il\u00e7esi Alsancak Mahallesi&#8217;nde ise mahalleli ve esnaf, altyap\u0131 \u00e7al\u0131\u015fmas\u0131 nedeniyle kaz\u0131lan yollar\u0131n suyla dolmas\u0131na reaksiyon g\u00f6sterdi.<\/p>\n<p><b>\u2018ESNAF PER\u0130\u015eAN OLDU\u2019<\/b><\/p>\n<p>Alsancak Mahallesi&#8217;nde ya\u015fayan esnaf Baran G\u00fcltekin, altyap\u0131 \u00e7al\u0131\u015fmas\u0131 nedeniyle kaz\u0131lan yollar\u0131n aylard\u0131r bu durumda oldu\u011funu s\u00f6yleyerek, &#8220;Ya\u011fmur ya\u011f\u0131nca \u00e7ukurlar suyla doluyor, i\u015f yerlerini su bas\u0131yor. Ya\u011fmur olmad\u0131\u011f\u0131nda da yollar bu durumda oldu\u011fu i\u00e7in her yer toz i\u00e7inde, temizlemekten b\u0131kt\u0131k. Arac\u0131m\u0131n tamponu yolda kald\u0131. Esnaf peri\u015fan oldu&#8221; dedi.<\/p>\n<p>Esnaf Mehmet \u00c7elik ise &#8220;Esnaf \u015fikayet\u00e7i. \u0130\u015f yapam\u0131yoruz. Bu yollar\u0131 gelip, d\u00f6nemin ortas\u0131nda kazd\u0131lar. Aylard\u0131r hala bitmedi&#8221; tabirlerini kulland\u0131.<\/p>\n<p>Sa\u011fanak nedeniyle derelerden denize akan \u00e7amurlu su, \u0130zmir K\u00f6rfezi&#8217;nde renk de\u011fi\u015fimine neden oldu. K\u00f6rfezin birtak\u0131m k\u0131s\u0131mlar\u0131 kahverengiye d\u00f6nd\u00fc.<\/p>\n<p>\u00d6te yandan Konak il\u00e7esindeki Halkap\u0131nar \u0130stiklal \u015eehitli\u011fi de sular alt\u0131nda kald\u0131. \u0130ZSU tak\u0131mlar\u0131 \u015fehitli\u011fe dolan suyu tahliye etmek i\u00e7in \u00e7al\u0131\u015fma ba\u015flatt\u0131.<\/p>\n","protected":false},"excerpt":{"rendered":"<p>\u0130zmir&#8217;de tesirli olan g\u00f6k g\u00fcr\u00fclt\u00fcl\u00fc sa\u011fanak, \u00f6mr\u00fc olumsuz etkiledi. Konak il\u00e7esi Alsancak Mahallesi&#8217;nde altyap\u0131 \u00e7al\u0131\u015fmas\u0131 nedeniyle kaz\u0131lan yollar suyla doldu. Derelerden denize akan \u00e7amurlu su ise \u0130zmir K\u00f6rfezi&#8217;nde renk de\u011fi\u015fimine neden oldu.<\/p>\n","protected":false},"author":1,"featured_media":97849,"comment_status":"open","ping_status":"open","sticky":false,"template":"","format":"standard","meta":{"footnotes":""},"categories":[25],"tags":[1684],"class_list":["post-97848","post","type-post","status-publish","format-standard","has-post-thumbnail","hentry","category-gundem","tag-esnaf"],"_links":{"self":[{"href":"https:\/\/ikimisli.tr\/index.php\/wp-json\/wp\/v2\/posts\/97848","targetHints":{"allow":["GET"]}}],"collection":[{"href":"https:\/\/ikimisli.tr\/index.php\/wp-json\/wp\/v2\/posts"}],"about":[{"href":"https:\/\/ikimisli.tr\/index.php\/wp-json\/wp\/v2\/types\/post"}],"author":[{"embeddable":true,"href":"https:\/\/ikimisli.tr\/index.php\/wp-json\/wp\/v2\/users\/1"}],"replies":[{"embeddable":true,"href":"https:\/\/ikimisli.tr\/index.php\/wp-json\/wp\/v2\/comments?post=97848"}],"version-history":[{"count":1,"href":"https:\/\/ikimisli.tr\/index.php\/wp-json\/wp\/v2\/posts\/97848\/revisions"}],"predecessor-version":[{"id":97850,"href":"https:\/\/ikimisli.tr\/index.php\/wp-json\/wp\/v2\/posts\/97848\/revisions\/97850"}],"wp:featuredmedia":[{"embeddable":true,"href":"https:\/\/ikimisli.tr\/index.php\/wp-json\/wp\/v2\/media\/97849"}],"wp:attachment":[{"href":"https:\/\/ikimisli.tr\/index.php\/wp-json\/wp\/v2\/media?parent=97848"}],"wp:term":[{"taxonomy":"category","embeddable":true,"href":"https:\/\/ikimisli.tr\/index.php\/wp-json\/wp\/v2\/categories?post=97848"},{"taxonomy":"post_tag","embeddable":true,"href":"https:\/\/ikimisli.tr\/index.php\/wp-json\/wp\/v2\/tags?post=97848"}],"curies":[{"name":"wp","href":"https:\/\/api.w.org\/{rel}","templated":true}]}}