{"id":97876,"date":"2026-02-03T13:36:06","date_gmt":"2026-02-03T13:36:06","guid":{"rendered":"https:\/\/ikimisli.tr\/?p=97876"},"modified":"2026-02-03T13:36:06","modified_gmt":"2026-02-03T13:36:06","slug":"akpli-yoneticiden-emeklilere-sabir-tasi-tavsiyesi","status":"publish","type":"post","link":"https:\/\/ikimisli.tr\/index.php\/2026\/02\/03\/akpli-yoneticiden-emeklilere-sabir-tasi-tavsiyesi\/","title":{"rendered":"AKP\u2019li y\u00f6neticiden emeklilere \u2018sab\u0131r ta\u015f\u0131\u2019 tavsiyesi"},"content":{"rendered":"<p>AKP K\u00fcme Ba\u015fkanvekili Muhammet Emin Akba\u015fo\u011flu, T\u00fcrkiye B\u00fcy\u00fck Millet Meclisi\u2019nde d\u00fczenledi\u011fi bas\u0131n toplant\u0131s\u0131nda g\u00fcndeme ait de\u011ferlendirmelerde bulundu. Akba\u015fo\u011flu, en d\u00fc\u015f\u00fck emekli ayl\u0131\u011f\u0131 ve minimum fiyata y\u00f6nelik sorular \u00fczerine, h\u00fck\u00fcmetin ba\u015fta emekliler olmak \u00fczere toplumun t\u00fcm kesitlerinin refah d\u00fczeyini ve al\u0131m g\u00fcc\u00fcn\u00fc art\u0131rmaya y\u00f6nelik siyasetler \u00fczerinde \u00e7al\u0131\u015ft\u0131\u011f\u0131n\u0131 s\u00f6yledi.<\/p>\n<p>T\u00fcrkiye\u2019de emekli say\u0131s\u0131n\u0131n 2002 y\u0131l\u0131nda yakla\u015f\u0131k 7 milyon oldu\u011funu, bug\u00fcn ise 17 milyonun \u00fczerine \u00e7\u0131kt\u0131\u011f\u0131n\u0131 belirten Akba\u015fo\u011flu, emeklilere y\u00f6nelik yeni dayanak modellerinin g\u00fcndemde oldu\u011funu s\u00f6z etti.<\/p>\n<p>Bu kapsamda daha evvel duyurulan Gelir Tamamlay\u0131c\u0131 Aile Bazl\u0131 Takviye Sistemi\u2019ne dikkat \u00e7eken Akba\u015fo\u011flu, Cumhurba\u015fkan\u0131 Yard\u0131mc\u0131s\u0131 Cevdet Y\u0131lmaz\u2019\u0131n uyumunda bakanl\u0131klar, Ekonomi Koordinasyon Kurulu, parti idaresi ve Meclis k\u00fcmesi ile \u00e7al\u0131\u015fmalar\u0131n s\u00fcrd\u00fc\u011f\u00fcn\u00fc, ayr\u0131nt\u0131lar\u0131n ilerleyen s\u00fcre\u00e7te kamuoyuyla payla\u015f\u0131laca\u011f\u0131n\u0131 kaydetti.<\/p>\n<p><b>EMEKL\u0130LERE &#8216;GABAR&#8217; S\u00d6Z\u00dc<\/b><\/p>\n<p>Akba\u015fo\u011flu, \u201cGabar\u2019daki g\u00fcnl\u00fck 80 bin varillik petrol ve 710 milyar metrek\u00fcp do\u011falgaz sayesinde, d\u0131\u015far\u0131ya gidecek kaynaklar \u00fclkede kalacak; bu yarar ba\u015fta emekliler olmak \u00fczere t\u00fcm topluma refah fark\u0131 olarak yans\u0131t\u0131lacak\u201d s\u00f6zlerini kulland\u0131.\u00a0<\/p>\n","protected":false},"excerpt":{"rendered":"<p>AKP&#8217;li Akba\u015fo\u011flu, Gabar&#8217;dan \u00e7\u0131kar\u0131lan petrol ile refah\u0131n artaca\u011f\u0131n\u0131 ve emeklilere refah fark\u0131 olarak yans\u0131t\u0131laca\u011f\u0131n\u0131 s\u00f6yledi.<\/p>\n","protected":false},"author":1,"featured_media":97877,"comment_status":"open","ping_status":"open","sticky":false,"template":"","format":"standard","meta":{"footnotes":""},"categories":[24],"tags":[940,91],"class_list":["post-97876","post","type-post","status-publish","format-standard","has-post-thumbnail","hentry","category-ekonomi","tag-akbasoglu","tag-emekli"],"_links":{"self":[{"href":"https:\/\/ikimisli.tr\/index.php\/wp-json\/wp\/v2\/posts\/97876","targetHints":{"allow":["GET"]}}],"collection":[{"href":"https:\/\/ikimisli.tr\/index.php\/wp-json\/wp\/v2\/posts"}],"about":[{"href":"https:\/\/ikimisli.tr\/index.php\/wp-json\/wp\/v2\/types\/post"}],"author":[{"embeddable":true,"href":"https:\/\/ikimisli.tr\/index.php\/wp-json\/wp\/v2\/users\/1"}],"replies":[{"embeddable":true,"href":"https:\/\/ikimisli.tr\/index.php\/wp-json\/wp\/v2\/comments?post=97876"}],"version-history":[{"count":1,"href":"https:\/\/ikimisli.tr\/index.php\/wp-json\/wp\/v2\/posts\/97876\/revisions"}],"predecessor-version":[{"id":97878,"href":"https:\/\/ikimisli.tr\/index.php\/wp-json\/wp\/v2\/posts\/97876\/revisions\/97878"}],"wp:featuredmedia":[{"embeddable":true,"href":"https:\/\/ikimisli.tr\/index.php\/wp-json\/wp\/v2\/media\/97877"}],"wp:attachment":[{"href":"https:\/\/ikimisli.tr\/index.php\/wp-json\/wp\/v2\/media?parent=97876"}],"wp:term":[{"taxonomy":"category","embeddable":true,"href":"https:\/\/ikimisli.tr\/index.php\/wp-json\/wp\/v2\/categories?post=97876"},{"taxonomy":"post_tag","embeddable":true,"href":"https:\/\/ikimisli.tr\/index.php\/wp-json\/wp\/v2\/tags?post=97876"}],"curies":[{"name":"wp","href":"https:\/\/api.w.org\/{rel}","templated":true}]}}