{"id":97901,"date":"2026-02-03T14:48:06","date_gmt":"2026-02-03T14:48:06","guid":{"rendered":"https:\/\/ikimisli.tr\/?p=97901"},"modified":"2026-02-03T14:48:06","modified_gmt":"2026-02-03T14:48:06","slug":"konteyner-kent-sakinlerinden-mhp-lideri-bahceliye-sitem","status":"publish","type":"post","link":"https:\/\/ikimisli.tr\/index.php\/2026\/02\/03\/konteyner-kent-sakinlerinden-mhp-lideri-bahceliye-sitem\/","title":{"rendered":"Konteyner kent sakinlerinden MHP lideri Bah\u00e7eli&#8217;ye sitem"},"content":{"rendered":"<p>CHP Genel Ba\u015fkan\u0131 \u00d6zg\u00fcr \u00d6zel, 6 \u015eubat sars\u0131nt\u0131lar\u0131n\u0131n \u00fc\u00e7\u00fcnc\u00fc y\u0131l d\u00f6n\u00fcm\u00fc m\u00fcnasebetiyle Osmaniye\u2019ye geldi.<\/p>\n<p>Hafta boyunca sars\u0131nt\u0131dan etkilenen be\u015f vilayette programlar\u0131 olan \u00d6zel, partisinin vilayet ba\u015fkanl\u0131\u011f\u0131 ve zelzele \u015fehitli\u011fi ziyaretinin akabinde Kara\u00e7ay S\u00fcreksiz Konaklama Merkezi\u2019ni ziyaret etti. Burada depremzede ailelerle bir ortaya gelen \u00d6zel, vatanda\u015flarla foto\u011fraf \u00e7ekildi, \u00e7ocuklara ikram da\u011f\u0131tt\u0131.<\/p>\n<p><b>&#8220;GELEN, GELD\u0130\u011e\u0130 G\u00dcN B\u0130T\u0130YOR&#8221;<\/b><\/p>\n<p>CHP Genel Ba\u015fkan\u0131 \u00d6zg\u00fcr \u00d6zel, ilk ziyaretini otizmli bir \u00e7ocuk ile 7,5 ayl\u0131k bebe\u011fi bulunan bir aileye yapt\u0131. \u00d6zel&#8217;in babaya ne i\u015f yapt\u0131\u011f\u0131n\u0131 sormas\u0131 \u00fczerine baba, &#8220;Ben \u015fu an \u00e7al\u0131\u015f\u0131yorum; yani g\u00fcndelik i\u015fte, lokantaday\u0131m. 12 saat \u00e7al\u0131\u015f\u0131yoruz. Hani Organize&#8217;ye girmek istiyordum; mesela bunun i\u00e7in s\u0131hhat raporu fiyat\u0131 istediler. Onun i\u00e7in giremedik. Biz de dedik ki g\u00fcn\u00fcbirlik \u00e7al\u0131\u015fal\u0131m en az\u0131ndan. Art\u0131k gelen, geldi\u011fi g\u00fcn bitiyor&#8221; dedi.<\/p>\n<p>Baba, \u00d6zel&#8217;in &#8220;Ev \u00e7\u0131kt\u0131 m\u0131&#8221; sorusuna, &#8220;Yok, ben kirac\u0131y\u0131m. Kirac\u0131 olunca biraz kar\u0131\u015f\u0131k&#8221; kar\u015f\u0131l\u0131\u011f\u0131n\u0131 verdi. \u00d6zel, &#8220;Ge\u00e7en Murat Kurum demi\u015f ki: &#8216;deprem b\u00f6lgesinde 5 bin liraya kiral\u0131k mesken bulunur&#8217; demi\u015f, sen hi\u00e7 arad\u0131n m\u0131&#8221; dedi. Bunun \u00fczerine baba, kiralar\u0131n en az 12 bin lira oldu\u011funu belirtti. \u00d6zel, &#8220;Milletvekilimize de sordum. &#8216;En uzak, en k\u00f6hne oturulmayacak yerde 15 bin lira&#8217; dedi. Osmaniye&#8217;de zati ortalama 20 bin liraym\u0131\u015f&#8221; tabirini kulland\u0131.<\/p>\n<p><b>&#8220;\u00c7OCU\u011eUMUZU KURTARMAK \u0130ST\u0130YORUZ&#8221;<\/b><\/p>\n<p>\u0130ki \u00e7ocu\u011fun annesi, &#8220;Bizim Asaf otizmli. 20 ki\u015filik s\u0131n\u0131fa veremiyoruz, geriliyor. \u0130stiklal ve Mithat Pa\u015fa Okulu&#8217;nda alt s\u0131n\u0131f var. Biz \u00e7ocu\u011fumuzu, \u015fu an g\u00f6rd\u00fc\u011f\u00fcn\u00fcz \u00fczere durumu o denli \u00e7ok a\u011f\u0131r olmad\u0131\u011f\u0131 i\u00e7in kurtarmak istiyoruz. Ve yak\u0131n etrafta olsun ki \u00e7ocu\u011fumuzu o okula verelim. \u0130kametg\u00e2h kural\u0131 koymu\u015flar bir de. Ben nerede oturursam o tarafa \u00e7\u0131k\u0131yormu\u015f. O taraflarda da kiralar 20 bin lira&#8221; diye konu\u015ftu.<\/p>\n<p>\u00d6zel, beraberindeki CHP Kad\u0131n Kollar\u0131 Genel Ba\u015fkan\u0131 Asu Kaya&#8217;ya, &#8220;Bunu Ulusal E\u011fitim M\u00fcd\u00fcrl\u00fc\u011f\u00fcyle konu\u015fursan\u0131z \u00e7\u00f6z\u00fcl\u00fcr bu. E ne olacak? Kaide aramay\u0131versinler yani&#8221; dedi. <\/p>\n<p>Baba, konteyner kentten \u00e7\u0131kmak istedilerini lakin durumlar\u0131n\u0131n olmad\u0131\u011f\u0131n\u0131 belirtirken, anne ise &#8220;Ge\u00e7inemiyoruz. Minimum fiyat bile alm\u0131yor \u015fu an. Ger\u00e7i minimum fiyat alsa dahi yetmiyor. Al\u0131m g\u00fcc\u00fc kalmad\u0131 art\u0131k&#8221; s\u00f6z\u00fcn\u00fc kulland\u0131. Anne ve baba, \u00e7ocuklar\u0131n\u0131n otizmli olmas\u0131 nedeniyle akranlar\u0131 taraf\u0131ndan zorbaland\u0131\u011f\u0131n\u0131 belirtti.<\/p>\n<p><b>&#8220;REZ\u0130L H\u00c2LDE YA\u015eIYORUZ&#8221;<\/b><\/p>\n<p>Anne, ya\u011fmurun ya\u011fmas\u0131yla konteynerin alt\u0131ndan su geldi\u011fini, yatak ve \u00e7ar\u015faflar\u0131n k\u00fcflendi\u011fini, temizlemeye \u00e7al\u0131\u015ft\u0131\u011f\u0131n\u0131 lakin &#8220;art\u0131k ya\u015fan\u0131r h\u00e2l&#8221; kalmad\u0131\u011f\u0131n\u0131 s\u00f6yledi. Elektriklerin kesildi\u011fini de belirten anne, &#8220;Rezil h\u00e2lde ya\u015f\u0131yoruz. \u2018\u00c7\u0131k\u0131n\u2019 dediler. 25 Kas\u0131m\u2019da bana evrak geldi, dilek\u00e7e verdim. &#8216;Ben \u015fu an \u00e7\u0131kamayaca\u011f\u0131m, bana biraz m\u00fcddet verin\u2019 dedim. Ondan sonra ses \u00e7\u0131kmad\u0131. Lakin tekrar \u00e7\u0131karmaya ba\u015flayacaklar diyorlar. O vakit ne yapar\u0131m? Bilmiyorum. Maddiyata bak\u0131yor \u015fu an. Maddiyat olsa asl\u0131nda Asaf i\u00e7in daha g\u00fczel \u015feyler olaca\u011f\u0131na eminim. Lakin i\u015fte Asaf\u2019\u0131 da kurtarmam gerekiyor, onu da g\u00f6z arkas\u0131 edemiyorum&#8221; dedi.<\/p>\n<p><b>&#8220;ELEKTR\u0130\u011e\u0130M\u0130Z\u0130 KEST\u0130LER VE BEN \u00c7OCU\u011eUMA BUZ \u00dcZERE MAMA VER\u0130YORUM&#8221;<\/b><\/p>\n<p>Konteyner kentte ya\u015fayan di\u011fer bir vatanda\u015f da kuca\u011f\u0131ndaki \u00e7ocu\u011fun 6 ayl\u0131k oldu\u011funu belirterek, &#8220;6 ayl\u0131k ancak elektri\u011fimizi kestiler ve ben \u00e7ocu\u011fuma buz \u00fczere mama veriyorum&#8221; dedi.<\/p>\n<p>\u00d6zel, 3 \u00e7ocuk annesine, &#8220;Neden, konteynerden \u00e7\u0131k\u0131n diye mi?&#8221; diye sordu. Anne ise, &#8220;Ben iki g\u00fcn kaynanam\u0131n yan\u0131na, art mahalleye gittim. Hi\u00e7bir bi\u00e7imde ileti atmadan, duyuru yapmadan, aramadan elektri\u011fimi, suyumu kestiler; e\u015fim i\u00e7eride kald\u0131\u011f\u0131 h\u00e2lde. Gittim AFAD\u2019a. \u2018Kestik\u2019 diyor, \u2018hepiniz \u00e7\u0131kacaks\u0131n\u0131z buradan\u2019 diyor. \u2018Sosyale gidin\u2019 diyor, \u2018mesaj g\u00f6nderin\u2019 diyor&#8221; tabirlerini kulland\u0131.<\/p>\n<p>Anne, zelzeleden evvel e\u015finin lastik\u00e7i d\u00fckk\u00e2n\u0131 a\u00e7t\u0131\u011f\u0131n\u0131, \u015fu an \u00e7al\u0131\u015famad\u0131\u011f\u0131n\u0131 belirtti. \u00d6zel\u2019in, &#8220;Ev tutmaya kalkt\u0131\u011f\u0131nda ka\u00e7 para Osmaniye\u2019de?&#8221; sorusuna anne, &#8220;15\u201316 bin lira&#8221; cevab\u0131n\u0131 verdi. Bunun \u00fczerine \u00d6zel, &#8220;Bakan demi\u015f ki zelzele b\u00f6lgesinde 5 bin liraya kiral\u0131k konut var. Ben de dedim ki 5 bine bul, ben tutaca\u011f\u0131m, depremzedelere verece\u011fim&#8221; dedi. \u00d6zel\u2019in, &#8220;Osmaniye\u2019de ortalama 20 binmi\u015f, en berbata 15 dedim. Hakikat mu?&#8221; sorusuna anne, &#8220;Do\u011frudur&#8221; dedi. Anne, &#8220;Biz konut istiyoruz, konut sahibi etsinler bizi. Zelzeleden evvel mesken sahibi de\u011fildik ancak \u015fu an konut istiyoruz. Kendi ya\u011f\u0131m\u0131zda kavrulan insanlard\u0131k, \u015fu an her \u015fey s\u0131f\u0131rland\u0131. \u00dc\u00e7 \u00e7ocu\u011fum var benim&#8221; diye konu\u015ftu.<\/p>\n<p><b>&#8220;DEPREMDEN SONRA HER \u015eEY ALT \u00dcST OLDU, G\u0130TT\u0130&#8221;<\/b><\/p>\n<p>CHP Genel Ba\u015fkan\u0131 \u00d6zg\u00fcr \u00d6zel\u2019in gitti\u011fi bir ba\u015fka konteynerde de vatanda\u015flar, elektrik ve sular\u0131n kesik oldu\u011funu tabir etti. \u00d6zel, vatanda\u015fa, &#8220;\u015e\u00f6yle bir kat\u0131 bak\u0131\u015f a\u00e7\u0131s\u0131 var. Demin kom\u015funuz da s\u00f6yledi. Zelzeleden evvel ne yap\u0131yorsan onu yap diyorlar lakin sars\u0131nt\u0131dan evvel i\u015f vard\u0131, \u00e7al\u0131\u015f\u0131yordun, sisteminiz vard\u0131. Art\u0131k konuta \u00e7\u0131kmak i\u00e7in e\u015fya almak laz\u0131m. Nas\u0131l \u00e7\u0131kacaks\u0131n? Osmaniye&#8217;de konut ka\u00e7 para?&#8221; diye sordu. Vatanda\u015f, \u015f\u00f6yle yan\u0131tlad\u0131:<\/p>\n<p>&#8220;15\u201320 binden ba\u015fl\u0131yor. Bir de konutun i\u00e7ine girince adam bana, \u2018Garanti veremem\u2019 diyor. \u2018\u00c7olu\u011fun \u00e7ocu\u011fun vebalini alamam\u2019 diyor. \u2018Ben korkuyorum\u2019 diyor. D\u00f6rt ayl\u0131k depozito istiyor, d\u00f6rt ayl\u0131k kira pe\u015fin. Ta\u015f\u0131ma var bir de zati. Konut e\u015fyas\u0131 alacaks\u0131n, \u00e7ocuk masraf\u0131 var tabii\u2026 Elektrik masraf\u0131, su masraf\u0131 \u00e7ok&#8221; diye yan\u0131tlad\u0131.<\/p>\n<p>Deprem \u00f6ncesinde d\u00fczg\u00fcn makus ailesini ge\u00e7indirdi\u011fini belirten vatanda\u015f, &#8220;Depremden sonra her \u015fey alt \u00fcst oldu, gitti. Tertibim kalmad\u0131. Ka\u00e7 para veriyorlar? 5 bin 400\u2026 Hani artt\u0131 ya, artt\u0131 da 5 bin 400 oldu. 5 bin 400\u2019le ne yap\u0131l\u0131r? Benim o\u011fluma i\u015f bulsunlar, i\u015f versinler; ben \u00e7\u0131kar\u0131m, burada oturmam. Rezilli\u011fine de merakl\u0131 de\u011filim. Lakin o\u011flumun da i\u015fi yok, \u00fcniversite mezunu. Ben size CV\u2019sini getirdim&#8221; dedi.<\/p>\n<p>Erkek vatanda\u015f, bir beton ve kiremit mod\u00fcl\u00fcn\u00fc \u00d6zel&#8217;e g\u00f6stererek, &#8220;Bunun ne oldu\u011funu anlarlar. Bizi bu duruma soktular. Biz ayr\u0131m istemiyoruz. Bizim ortam\u0131zda ayr\u0131m yapmas\u0131nlar. Allah hepimize verdi. Allah\u2019\u0131n yapmad\u0131\u011f\u0131n\u0131 bunlar bize yap\u0131yor. Ya biz de insan\u0131z&#8221; diye konu\u015ftu. Konteynerde ya\u015fayan anne, \u00fc\u00e7 \u00e7ocu\u011funun t\u0131pk\u0131 dar alanda ders \u00e7al\u0131\u015famad\u0131\u011f\u0131n\u0131, elektrik ve suyun s\u0131k s\u0131k kesilmesi nedeniyle yemek dahi yapamad\u0131klar\u0131n\u0131 belirterek, imk\u00e2ns\u0131zl\u0131klar y\u00fcz\u00fcnden bu ko\u015fullarda ya\u015famak zorunda kald\u0131klar\u0131n\u0131 s\u00f6yledi.<\/p>\n<p><b>&#8220;BEN MUHTA\u00c7 DE\u011e\u0130LSEM BURADA N\u0130\u00c7\u0130N OTURUYORUM K\u0130?&#8221;<\/b><\/p>\n<p>3 \u00e7ocuk annesi, \u00d6zel\u2019e, &#8220;\u015eimdi liderim m\u00fcnasebetleri \u015fuymu\u015f: \u2018Muhta\u00e7 listesinde de\u011filsiniz. Gidin Sosyal\u2019den muhta\u00e7 oldu\u011funuza dair belgeyi getirin, geri takay\u0131m elektri\u011fi suyu.\u2019 Ben neye nazaran muhta\u00e7 de\u011filim? Ben muhta\u00e7 de\u011filsem burada ni\u00e7in oturuyorum ki? \u00c7ocuk okutuyoruz. Bu iktisatta \u00f6\u011frenci okutmak, \u00f6\u011frenciye sahip \u00e7\u0131kmak \u00e7ok zor&#8221; dedi.<\/p>\n<p>Kimsenin konteynerlere gelmedi\u011fini, hallerini sormad\u0131\u011f\u0131n\u0131 belirten bir bayan, &#8220;Senin o ho\u015f y\u00fcre\u011fin, kalbin\u2026 Bak geldin, buralar\u0131 tek tek geziyorsun. Buraya gelip de \u2018Halin nas\u0131l, nas\u0131l ge\u00e7iniyorsun, ne yap\u0131yorsun?\u2019 diye soran yok. Kederleri dinleyen yok. \u00dc\u00e7 y\u0131l oldu. Elektri\u011fi, suyu kesiyorlar. Oradan tehdit edilir mi elektrikle, suyla? Haydi benim k\u00fc\u00e7\u00fck \u00e7ocu\u011fum yok; k\u00fc\u00e7\u00fck \u00e7ocu\u011fu olanlar ne yaps\u0131n?&#8221; diye sordu.<\/p>\n<p>Anne, MHP Genel Ba\u015fkan\u0131 Devlet Bah\u00e7eli&#8217;ye, &#8220;En kara g\u00fcn\u00fcm\u00fczde yan\u0131m\u0131zda olmayan insan, memleketi olsa ne m\u00fcellif ki Liderim. Biz beklerdik. Birebir memleketteniz. B\u0131rak\u0131n partiyi siyaseti de onun topra\u011f\u0131nda \u00e7ocuklar\u0131m\u0131z\u0131 b\u00fcy\u00fct\u00fcyoruz. En az\u0131ndan bir ziyaretini beklerdik&#8221; dedi.<\/p>\n","protected":false},"excerpt":{"rendered":"<p>Osmaniye\u2019de konteyner kentte ya\u015fayan vatanda\u015flar elektrik ve sular\u0131n kesildi\u011fini belirtti. 3 \u00e7ocuk annesi bir bayan, &#8220;Elektri\u011fimizi kestiler ve ben \u00e7ocu\u011fuma buz \u00fczere mama veriyorum&#8221; dedi. \u00d6teki bir anne de MHP Genel Ba\u015fkan\u0131 Devlet Bah\u00e7eli&#8217;ye, &#8220;En kara g\u00fcn\u00fcm\u00fczde yan\u0131m\u0131zda olmayan insan, memleketi olsa ne muharrir ki&#8221; diye sitem etti.<\/p>\n","protected":false},"author":1,"featured_media":97902,"comment_status":"open","ping_status":"open","sticky":false,"template":"","format":"standard","meta":{"footnotes":""},"categories":[25],"tags":[1761,3285,675,285,373],"class_list":["post-97901","post","type-post","status-publish","format-standard","has-post-thumbnail","hentry","category-gundem","tag-anne","tag-cocugum","tag-cocuk","tag-deprem","tag-yap"],"_links":{"self":[{"href":"https:\/\/ikimisli.tr\/index.php\/wp-json\/wp\/v2\/posts\/97901","targetHints":{"allow":["GET"]}}],"collection":[{"href":"https:\/\/ikimisli.tr\/index.php\/wp-json\/wp\/v2\/posts"}],"about":[{"href":"https:\/\/ikimisli.tr\/index.php\/wp-json\/wp\/v2\/types\/post"}],"author":[{"embeddable":true,"href":"https:\/\/ikimisli.tr\/index.php\/wp-json\/wp\/v2\/users\/1"}],"replies":[{"embeddable":true,"href":"https:\/\/ikimisli.tr\/index.php\/wp-json\/wp\/v2\/comments?post=97901"}],"version-history":[{"count":1,"href":"https:\/\/ikimisli.tr\/index.php\/wp-json\/wp\/v2\/posts\/97901\/revisions"}],"predecessor-version":[{"id":97903,"href":"https:\/\/ikimisli.tr\/index.php\/wp-json\/wp\/v2\/posts\/97901\/revisions\/97903"}],"wp:featuredmedia":[{"embeddable":true,"href":"https:\/\/ikimisli.tr\/index.php\/wp-json\/wp\/v2\/media\/97902"}],"wp:attachment":[{"href":"https:\/\/ikimisli.tr\/index.php\/wp-json\/wp\/v2\/media?parent=97901"}],"wp:term":[{"taxonomy":"category","embeddable":true,"href":"https:\/\/ikimisli.tr\/index.php\/wp-json\/wp\/v2\/categories?post=97901"},{"taxonomy":"post_tag","embeddable":true,"href":"https:\/\/ikimisli.tr\/index.php\/wp-json\/wp\/v2\/tags?post=97901"}],"curies":[{"name":"wp","href":"https:\/\/api.w.org\/{rel}","templated":true}]}}