{"id":97945,"date":"2026-02-03T17:12:09","date_gmt":"2026-02-03T17:12:09","guid":{"rendered":"https:\/\/ikimisli.tr\/?p=97945"},"modified":"2026-02-03T17:12:09","modified_gmt":"2026-02-03T17:12:09","slug":"goc-idaresi-suriyelilerin-gonullu-geri-donusleri-hiz-kazandi","status":"publish","type":"post","link":"https:\/\/ikimisli.tr\/index.php\/2026\/02\/03\/goc-idaresi-suriyelilerin-gonullu-geri-donusleri-hiz-kazandi\/","title":{"rendered":"G\u00f6\u00e7 idaresi: Suriyelilerin g\u00f6n\u00fcll\u00fc geri d\u00f6n\u00fc\u015fleri h\u0131z kazand\u0131"},"content":{"rendered":"<p>T\u00fcrkiye\u2019ye resmi bir ziyarette bulunan Birle\u015fmi\u015f Milletler (BM) M\u00fclteciler Y\u00fcksek Komiseri Barham Salih, G\u00f6\u00e7 \u0130daresi Ba\u015fkan\u0131 H\u00fcseyin K\u00f6k ile birlikte Kilis\u2019teki \u00d6nc\u00fcp\u0131nar Hudut Kap\u0131s\u0131\u2019n\u0131 ziyaret ederek, T\u00fcrkiye\u2019nin y\u00fcr\u00fctt\u00fc\u011f\u00fc istekli, itimad\u0131 ve tertipli geri d\u00f6n\u00fc\u015f \u00e7al\u0131\u015fmalar\u0131 ile ilgili bilgi ald\u0131.<\/p>\n<p>T\u00fcrkiye&#8217;nin g\u00f6\u00e7\u00fc tarihi miras\u0131na uygun olarak y\u00f6netti\u011fini tabir eden G\u00f6\u00e7 \u0130daresi Ba\u015fkan\u0131 H\u00fcseyin K\u00f6k, &#8220;Bu s\u00fcre\u00e7te insan haklar\u0131, hukuk ve ulusal menfaatlerimiz temelinde; medeniyet de\u011ferlerimizden g\u00fc\u00e7 alarak; \u00fclkemizin kamu nizam\u0131n\u0131n, g\u00fcvenli\u011finin, ekonomik, siyasi, sosyo-k\u00fclt\u00fcrel yap\u0131s\u0131n\u0131n korunmas\u0131n\u0131 ve geli\u015ftirilmesini sa\u011flayacak formda; bilimsel, s\u00fcrd\u00fcr\u00fclebilir ve kapsay\u0131c\u0131 bir bak\u0131\u015f a\u00e7\u0131s\u0131yla hareket edildi. T\u00fcrkiye\u2019de bulunan s\u00fcreksiz m\u00fcdafaa kapsam\u0131ndaki Suriyelilerin 2016 y\u0131l\u0131ndan itibaren \u00fclkelerine istekli geri d\u00f6n\u00fc\u015fleri ba\u015flad\u0131. 8 Aral\u0131k 2024 tarihinde Suriye\u2019de meydana gelen geli\u015fmeler sonras\u0131nda Suriyelilerin istekli geri d\u00f6n\u00fc\u015fleri s\u00fcrat kazand\u0131&#8221; tabirlerini kulland\u0131.<\/p>\n<p><b>&#8220;SINIR KAPILARINDA BEKLEME YA\u015eANMAMAKTADIR&#8221;<\/b><\/p>\n<p>S\u00fcrecin her ad\u0131m\u0131n\u0131n \u0130\u00e7i\u015fleri Bakanl\u0131\u011f\u0131 G\u00f6\u00e7 \u0130daresi Ba\u015fkanl\u0131\u011f\u0131 uyumunda, ilgili t\u00fcm kurulu\u015flarla tam bir i\u015f birli\u011fi i\u00e7inde y\u00fcr\u00fct\u00fcld\u00fc\u011f\u00fcn\u00fc s\u00f6z eden H\u00fcseyin K\u00f6k, &#8220;Kay\u0131ttan ula\u015f\u0131ma her ad\u0131m, insan onuruna uygun formda planlanmaktad\u0131r. \u0130stekli geri d\u00f6n\u00fc\u015f yapmak isteyen Suriyeliler, m\u00fcracaatlar\u0131n\u0131 bulunduklar\u0131 vilayetlerden yapabilmektedir. \u0130nternet \u00fczerinden randevu alarak m\u00fcracaatlar\u0131n\u0131 yapanlara, birebir g\u00fcn yahut sonraki g\u00fcn randevu verilmektedir. Vilayet G\u00f6\u00e7 Y\u00f6netimi M\u00fcd\u00fcrl\u00fcklerinde t\u00fcm s\u00fcre\u00e7ler tamamland\u0131\u011f\u0131ndan hudut kap\u0131lar\u0131nda bekleme ya\u015fanmamaktad\u0131r&#8221; dedi.<\/p>\n<p><b>&#8220;G\u00d6N\u00dcLL\u00dc GER\u0130 D\u00d6N\u00dc\u015eLER B\u00dcY\u00dcK B\u0130R HASSAS\u0130YETLE Y\u00dcR\u00dcT\u00dcLMEKTED\u0130R&#8221;<\/b><\/p>\n<p>T\u00fcrkiye\u2019nin 8 Aral\u0131k 2024\u2019\u00fcn \u00e7abucak sonras\u0131nda t\u00fcm d\u00fcnyada \u00f6rnek olarak g\u00f6sterilen &#8216;\u00d6nc\u00fc G\u00f6\u00e7men&#8217; uygulamas\u0131n\u0131 ba\u015flatt\u0131\u011f\u0131n\u0131 ve bu kapsamda 1 Ocak-1 Temmuz 2025 tarihleri ortas\u0131nda s\u00fcreksiz muhafaza alt\u0131ndaki Suriyelilerin \u00fclkelerine gidip gelebilmelerine imkan sa\u011flayan \u00e7\u0131k\u0131\u015f m\u00fcsaadesi verildi\u011fini de hat\u0131rlatan K\u00f6k, &#8220;G\u00f6n\u00fcll\u00fc geri d\u00f6n\u00fc\u015flere ait s\u00fcre\u00e7ler, Birle\u015fmi\u015f Milletler M\u00fclteciler Y\u00fcksek Komiserli\u011fi (BMMYK) temsilcisinin de i\u015ftirak sa\u011flad\u0131\u011f\u0131 \u015feffaf bir s\u00fcre\u00e7te, memleketler aras\u0131 standartlara uygun olarak b\u00fcy\u00fck bir hassasiyetle y\u00fcr\u00fct\u00fclmektedir&#8221; tabirlerini kulland\u0131.<\/p>\n","protected":false},"excerpt":{"rendered":"<p>G\u00d6\u00c7 \u0130daresi Ba\u015fkan\u0131 H\u00fcseyin K\u00f6k, &#8220;8 Aral\u0131k 2024 tarihinde Suriye\u2019de meydana gelen geli\u015fmeler sonras\u0131nda Suriyelilerin istekli geri d\u00f6n\u00fc\u015fleri s\u00fcrat kazand\u0131&#8221; dedi.<\/p>\n","protected":false},"author":1,"featured_media":97946,"comment_status":"open","ping_status":"open","sticky":false,"template":"","format":"standard","meta":{"footnotes":""},"categories":[25],"tags":[2290,10200],"class_list":["post-97945","post","type-post","status-publish","format-standard","has-post-thumbnail","hentry","category-gundem","tag-goc","tag-gonullu-geri-donus"],"_links":{"self":[{"href":"https:\/\/ikimisli.tr\/index.php\/wp-json\/wp\/v2\/posts\/97945","targetHints":{"allow":["GET"]}}],"collection":[{"href":"https:\/\/ikimisli.tr\/index.php\/wp-json\/wp\/v2\/posts"}],"about":[{"href":"https:\/\/ikimisli.tr\/index.php\/wp-json\/wp\/v2\/types\/post"}],"author":[{"embeddable":true,"href":"https:\/\/ikimisli.tr\/index.php\/wp-json\/wp\/v2\/users\/1"}],"replies":[{"embeddable":true,"href":"https:\/\/ikimisli.tr\/index.php\/wp-json\/wp\/v2\/comments?post=97945"}],"version-history":[{"count":1,"href":"https:\/\/ikimisli.tr\/index.php\/wp-json\/wp\/v2\/posts\/97945\/revisions"}],"predecessor-version":[{"id":97947,"href":"https:\/\/ikimisli.tr\/index.php\/wp-json\/wp\/v2\/posts\/97945\/revisions\/97947"}],"wp:featuredmedia":[{"embeddable":true,"href":"https:\/\/ikimisli.tr\/index.php\/wp-json\/wp\/v2\/media\/97946"}],"wp:attachment":[{"href":"https:\/\/ikimisli.tr\/index.php\/wp-json\/wp\/v2\/media?parent=97945"}],"wp:term":[{"taxonomy":"category","embeddable":true,"href":"https:\/\/ikimisli.tr\/index.php\/wp-json\/wp\/v2\/categories?post=97945"},{"taxonomy":"post_tag","embeddable":true,"href":"https:\/\/ikimisli.tr\/index.php\/wp-json\/wp\/v2\/tags?post=97945"}],"curies":[{"name":"wp","href":"https:\/\/api.w.org\/{rel}","templated":true}]}}