{"id":97998,"date":"2026-02-03T20:12:08","date_gmt":"2026-02-03T20:12:08","guid":{"rendered":"https:\/\/ikimisli.tr\/?p=97998"},"modified":"2026-02-03T20:12:08","modified_gmt":"2026-02-03T20:12:08","slug":"gecis-garantisi-var-maas-zammi-yok","status":"publish","type":"post","link":"https:\/\/ikimisli.tr\/index.php\/2026\/02\/03\/gecis-garantisi-var-maas-zammi-yok\/","title":{"rendered":"Ge\u00e7i\u015f garantisi var, maa\u015f zamm\u0131 yok"},"content":{"rendered":"<p>1915 \u00c7anakkale K\u00f6pr\u00fcs\u00fc&#8217;n\u00fcn i\u015fletmecisi Intertoll, \u00e7al\u0131\u015fanlar\u0131na g\u00f6nderdi\u011fi e-posta ile 2026 y\u0131l\u0131 i\u00e7in planlanan maa\u015f art\u0131\u015flar\u0131n\u0131n ertelendi\u011fini a\u00e7\u0131klad\u0131. Birebir devirde k\u00f6pr\u00fc ge\u00e7i\u015f fiyatlar\u0131na art\u0131r\u0131m yap\u0131lmas\u0131, \u015firketin karar\u0131n\u0131 tart\u0131\u015fmal\u0131 hale getirdi.<\/p>\n<p><b>\u201cEKONOM\u0130K GEREK\u00c7E\u201d \u00c7ALI\u015eANI \u0130KNA ETMED\u0130<\/b><\/p>\n<p>Edinilen bilgilere nazaran Intertoll idaresi, \u00e7al\u0131\u015fanlara g\u00f6nderdi\u011fi iletide maa\u015f art\u0131\u015flar\u0131n\u0131n ertelenmesine m\u00fcnasebet olarak \u201cekonomik geli\u015fmeler\u201d ve \u201cb\u00fct\u00e7e planlamas\u0131\u201dn\u0131 g\u00f6sterdi. Karar\u0131n s\u00fcreksiz oldu\u011fu tabir edilse de, maa\u015f art\u0131\u015flar\u0131n\u0131n ne vakit yap\u0131laca\u011f\u0131na ait bir takvim payla\u015f\u0131lmad\u0131. Buna ra\u011fmen 1915 \u00c7anakkale K\u00f6pr\u00fcs\u00fc\u2019nde 2026 y\u0131l\u0131 prestijiyle ge\u00e7i\u015f fiyatlar\u0131na art\u0131r\u0131m yap\u0131lmas\u0131, \u00e7al\u0131\u015fanlar ortas\u0131nda reaksiyona yol a\u00e7t\u0131. Artan \u00f6m\u00fcr maliyetleri kar\u015f\u0131s\u0131nda maa\u015f art\u0131r\u0131mlar\u0131n\u0131n ertelenmesi, \u201cy\u00fck yeniden i\u015f\u00e7iye kesildi\u201d tenkitlerini beraberinde getirdi.<\/p>\n<p><b>\u201cD\u00d6NG\u00dcSEL KO\u015eULLAR\u201d GEREK\u00c7ES\u0130<\/b><\/p>\n<p>\u00c7al\u0131\u015fanlara g\u00f6nderilen bildiride \u015fu s\u00f6zlere yer verildi:<\/p>\n<p>\u201c\u015eirketimizin mevcut d\u00f6ng\u00fcsel \u015fartlar\u0131, ekonomik geli\u015fmelere ve b\u00fct\u00e7e planlamas\u0131 do\u011frultusunda yap\u0131lan de\u011ferlendirmeler sonucunda, 2026 y\u0131l\u0131 i\u00e7in planlanan maa\u015f art\u0131\u015flar\u0131n\u0131n s\u00fcreksiz olarak ertelenmesine karar verilmi\u015ftir.\u201d<\/p>\n<p><img decoding=\"async\" src=\"https:\/\/ikimisli.tr\/wp-content\/uploads\/2026\/02\/gecis-garantisi-var-maas-zammi-yok-0-L2sellSP.jpg\"\/><\/p>\n<p><b>GE\u00c7\u0130\u015e GARANT\u0130S\u0130 D\u0130KKAT \u00c7EK\u0130YOR<\/b><\/p>\n<p>Yap-i\u015flet-devret modeliyle yap\u0131lan 1915 \u00c7anakkale K\u00f6pr\u00fcs\u00fc i\u00e7in Daelim-Limak-SK-Yap\u0131 Merkezi Ortak Giri\u015fimi\u2019ne y\u0131ll\u0131k 16 milyon 425 bin ara\u00e7 ge\u00e7i\u015f garantisi verildi. Kamuoyunda uzun m\u00fcddettir tart\u0131\u015f\u0131lan bu garantiye ra\u011fmen, k\u00f6pr\u00fcy\u00fc i\u015fleten \u015firketin \u00e7al\u0131\u015fan maa\u015flar\u0131n\u0131 erteleme karar\u0131 almas\u0131 tenkitleri art\u0131rd\u0131.<\/p>\n","protected":false},"excerpt":{"rendered":"<p>Yap-i\u015flet-devret modeliyle in\u015fa edilen 1915 \u00c7anakkale K\u00f6pr\u00fcs\u00fc\u2019n\u00fc i\u015fleten Intertoll, 2026 y\u0131l\u0131 i\u00e7in \u00e7al\u0131\u015fan maa\u015f art\u0131r\u0131mlar\u0131n\u0131 erteledi\u011fini duyurdu. K\u00f6pr\u00fc ge\u00e7i\u015f fiyatlar\u0131na art\u0131r\u0131m yap\u0131l\u0131rken al\u0131nan karar reaksiyon \u00e7ekti.<\/p>\n","protected":false},"author":1,"featured_media":97999,"comment_status":"open","ping_status":"open","sticky":false,"template":"","format":"standard","meta":{"footnotes":""},"categories":[24],"tags":[594,372,405],"class_list":["post-97998","post","type-post","status-publish","format-standard","has-post-thumbnail","hentry","category-ekonomi","tag-calisan","tag-kopru","tag-maas"],"_links":{"self":[{"href":"https:\/\/ikimisli.tr\/index.php\/wp-json\/wp\/v2\/posts\/97998","targetHints":{"allow":["GET"]}}],"collection":[{"href":"https:\/\/ikimisli.tr\/index.php\/wp-json\/wp\/v2\/posts"}],"about":[{"href":"https:\/\/ikimisli.tr\/index.php\/wp-json\/wp\/v2\/types\/post"}],"author":[{"embeddable":true,"href":"https:\/\/ikimisli.tr\/index.php\/wp-json\/wp\/v2\/users\/1"}],"replies":[{"embeddable":true,"href":"https:\/\/ikimisli.tr\/index.php\/wp-json\/wp\/v2\/comments?post=97998"}],"version-history":[{"count":1,"href":"https:\/\/ikimisli.tr\/index.php\/wp-json\/wp\/v2\/posts\/97998\/revisions"}],"predecessor-version":[{"id":98001,"href":"https:\/\/ikimisli.tr\/index.php\/wp-json\/wp\/v2\/posts\/97998\/revisions\/98001"}],"wp:featuredmedia":[{"embeddable":true,"href":"https:\/\/ikimisli.tr\/index.php\/wp-json\/wp\/v2\/media\/97999"}],"wp:attachment":[{"href":"https:\/\/ikimisli.tr\/index.php\/wp-json\/wp\/v2\/media?parent=97998"}],"wp:term":[{"taxonomy":"category","embeddable":true,"href":"https:\/\/ikimisli.tr\/index.php\/wp-json\/wp\/v2\/categories?post=97998"},{"taxonomy":"post_tag","embeddable":true,"href":"https:\/\/ikimisli.tr\/index.php\/wp-json\/wp\/v2\/tags?post=97998"}],"curies":[{"name":"wp","href":"https:\/\/api.w.org\/{rel}","templated":true}]}}