{"id":98139,"date":"2026-02-04T03:48:08","date_gmt":"2026-02-04T03:48:08","guid":{"rendered":"https:\/\/ikimisli.tr\/?p=98139"},"modified":"2026-02-04T03:48:08","modified_gmt":"2026-02-04T03:48:08","slug":"istanbul-kisi-yasarken-bahar-mujdesi-geldi-kisa-bahar-molasi-basliyor","status":"publish","type":"post","link":"https:\/\/ikimisli.tr\/index.php\/2026\/02\/04\/istanbul-kisi-yasarken-bahar-mujdesi-geldi-kisa-bahar-molasi-basliyor\/","title":{"rendered":"\u0130stanbul k\u0131\u015f\u0131 ya\u015farken bahar m\u00fcjdesi geldi: &#8216;K\u0131sa bahar&#8217; molas\u0131 ba\u015fl\u0131yor"},"content":{"rendered":"<div>\n<p>Trakya\u2019dan giri\u015f yapan so\u011fuk hava dalgas\u0131 ve kuvvetli ya\u011f\u0131\u015flar \u0130stanbul ve Marmara genelinde tesirini s\u00fcrd\u00fcr\u00fcrken, meteoroloji datalar\u0131 hafta ortas\u0131 i\u00e7in &#8220;bahar tad\u0131nda&#8221; bir tablo \u00e7izdi. Bug\u00fcn (Sal\u0131) ak\u015fam saatlerinde karla kar\u0131\u015f\u0131k ya\u011fmurun g\u00f6r\u00fclece\u011fi \u0130stanbul\u2019da, yar\u0131ndan itibaren hava b\u00fcsb\u00fct\u00fcn de\u011fi\u015fiyor.<\/p>\n<p><b>SICAKLIKLAR HAFTA ORTASINDA Y\u00dcKSELECEK<\/b><\/p>\n<p>So\u011fuk hava dalgas\u0131 yar\u0131n (\u00c7ar\u015famba) prestijiyle bat\u0131 b\u00f6lgelerini terk etmeye haz\u0131rlan\u0131yor. 4-7 \u015eubat tarihleri (\u00c7ar\u015famba-Cumartesi) ortas\u0131nda \u0130stanbul\u2019da s\u0131cakl\u0131klar\u0131n mevsim normallerinin \u00fczerine \u00e7\u0131karak <strong>13 ila 16\u00b0C<\/strong> band\u0131na y\u00fckselmesi bekleniyor. Haftaya k\u0131\u015f so\u011fuklar\u0131yla ba\u015flayan \u0130stanbullular, haftan\u0131n ikinci yar\u0131s\u0131nda g\u00fcne\u015fli ve \u0131l\u0131k bir &#8220;k\u0131sa bahar&#8221; ya\u015fayacak.<\/p>\n<p><b>AK\u015eAM SAATLER\u0130NE D\u0130KKAT<\/b><\/p>\n<p>Bahar havas\u0131 \u00f6ncesinde ise \u0130stanbul son sert viraj\u0131 d\u00f6n\u00fcyor. Bug\u00fcn ak\u015fam saatlerinde s\u0131cakl\u0131klar\u0131n d\u00fc\u015fmesiyle ya\u011fmurun yer yer karla kar\u0131\u015f\u0131k ya\u011fmura d\u00f6nmesi bekleniyor. Lakin kent genelinde beyaz \u00f6rt\u00fc olu\u015fturacak bir kar birikimi \u00f6ng\u00f6r\u00fclm\u00fcyor. Yetkililer, bu ak\u015fam Marmara Denizi&#8217;nde surat\u0131 90 km&#8217;yi bulabilecek f\u0131rt\u0131naya ve su bask\u0131nlar\u0131na kar\u015f\u0131 ikazda bulundu.<\/p>\n<p>\u015eehir, yar\u0131ndan itibaren ya\u011f\u0131\u015fl\u0131 ve so\u011fuk havay\u0131 geride b\u0131rak\u0131p hafta sonuna kadar s\u00fcrecek \u0131l\u0131man havan\u0131n tesirine girecek.<\/p>\n<\/p><\/div>\n","protected":false},"excerpt":{"rendered":"<p>\u0130stanbul haftaya f\u0131rt\u0131na ve so\u011fuk hava dalgas\u0131yla ba\u015flasa da meteorolojiden sevindiren haber geldi. Bug\u00fcn tesirli olan ya\u011f\u0131\u015f ve r\u00fczgar\u0131n akabinde kent, &#8220;k\u0131sa bir bahar&#8221; molas\u0131na haz\u0131rlan\u0131yor. \u00c7ar\u015famba g\u00fcn\u00fcnden itibaren s\u0131cakl\u0131klar s\u00fcratle y\u00fckselerek 16 dereceyi g\u00f6recek.<\/p>\n","protected":false},"author":1,"featured_media":98140,"comment_status":"open","ping_status":"open","sticky":false,"template":"","format":"standard","meta":{"footnotes":""},"categories":[25],"tags":[161,380,379],"class_list":["post-98139","post","type-post","status-publish","format-standard","has-post-thumbnail","hentry","category-gundem","tag-hava","tag-istanbul","tag-kar"],"_links":{"self":[{"href":"https:\/\/ikimisli.tr\/index.php\/wp-json\/wp\/v2\/posts\/98139","targetHints":{"allow":["GET"]}}],"collection":[{"href":"https:\/\/ikimisli.tr\/index.php\/wp-json\/wp\/v2\/posts"}],"about":[{"href":"https:\/\/ikimisli.tr\/index.php\/wp-json\/wp\/v2\/types\/post"}],"author":[{"embeddable":true,"href":"https:\/\/ikimisli.tr\/index.php\/wp-json\/wp\/v2\/users\/1"}],"replies":[{"embeddable":true,"href":"https:\/\/ikimisli.tr\/index.php\/wp-json\/wp\/v2\/comments?post=98139"}],"version-history":[{"count":1,"href":"https:\/\/ikimisli.tr\/index.php\/wp-json\/wp\/v2\/posts\/98139\/revisions"}],"predecessor-version":[{"id":98141,"href":"https:\/\/ikimisli.tr\/index.php\/wp-json\/wp\/v2\/posts\/98139\/revisions\/98141"}],"wp:featuredmedia":[{"embeddable":true,"href":"https:\/\/ikimisli.tr\/index.php\/wp-json\/wp\/v2\/media\/98140"}],"wp:attachment":[{"href":"https:\/\/ikimisli.tr\/index.php\/wp-json\/wp\/v2\/media?parent=98139"}],"wp:term":[{"taxonomy":"category","embeddable":true,"href":"https:\/\/ikimisli.tr\/index.php\/wp-json\/wp\/v2\/categories?post=98139"},{"taxonomy":"post_tag","embeddable":true,"href":"https:\/\/ikimisli.tr\/index.php\/wp-json\/wp\/v2\/tags?post=98139"}],"curies":[{"name":"wp","href":"https:\/\/api.w.org\/{rel}","templated":true}]}}