{"id":9821,"date":"2025-02-11T13:48:07","date_gmt":"2025-02-11T13:48:07","guid":{"rendered":"https:\/\/ikimisli.tr\/?p=9821"},"modified":"2025-02-11T13:48:07","modified_gmt":"2025-02-11T13:48:07","slug":"vatandasa-aclik-yili-bakanliga-tonlarca-tatli","status":"publish","type":"post","link":"https:\/\/ikimisli.tr\/index.php\/2025\/02\/11\/vatandasa-aclik-yili-bakanliga-tonlarca-tatli\/","title":{"rendered":"Vatanda\u015fa a\u00e7l\u0131k y\u0131l\u0131, bakanl\u0131\u011fa tonlarca tatl\u0131"},"content":{"rendered":"<p>Milyonlarca vatanda\u015f\u0131n a\u00e7l\u0131k gayreti b\u00fcy\u00fcrken iktidar\u0131n \u015fatafat\u0131 da birebir oranda b\u00fcy\u00fcyor. Vatanda\u015f\u0131n al\u0131m g\u00fcc\u00fc d\u00fc\u015ft\u00fck\u00e7e tatl\u0131c\u0131larda \u2018bo\u015f baklava\u2019 \u2018ask\u0131da tatl\u0131\u2019 uygulamalar\u0131 da ba\u015flad\u0131. Lakin bu yokluk ve g\u00fc\u00e7 ko\u015fullar bakanl\u0131\u011f\u0131n kap\u0131s\u0131na bile u\u011framad\u0131. Tar\u0131m ve Orman Bakanl\u0131\u011f\u0131, 2025 y\u0131l\u0131nda yemekhane ve kafeteryas\u0131 i\u00e7in s\u00fctl\u00fc ve \u015ferbetli tatl\u0131 ile b\u00f6rek sat\u0131n al\u0131nd\u0131.<\/p>\n<p>Kilogramla sat\u0131lan tatl\u0131lardan 23 bin 200 kilogram, adetle sat\u0131lan tatl\u0131lardan ise 82 bin 250 adet tatl\u0131 i\u00e7in yap\u0131lan ihaleye toplam 8.5 milyon lira harcand\u0131.<\/p>\n<p><img decoding=\"async\" src=\"https:\/\/ikimisli.tr\/wp-content\/uploads\/2025\/02\/vatandasa-aclik-yili-bakanliga-tonlarca-tatli-0-BmkbPbrj.jpg\"\/><\/p>\n<p><b><span>\u015eartlar detayland\u0131r\u0131ld\u0131<\/span><\/b><\/p>\n<p>Elektronik Kamu Al\u0131mlar\u0131 Platformu \u00fczerinden 26 Kas\u0131m 2024\u2019te Bakanl\u0131k yemekhane ve kafeteryas\u0131 i\u00e7in 2025 y\u0131l\u0131 t\u00fcrl\u00fc s\u00fctl\u00fc tatl\u0131, \u015ferbetli tatl\u0131 ve b\u00f6rek \u00e7e\u015fitleri mal al\u0131m\u0131 ihalesi d\u00fczenledi.<\/p>\n<p>\u0130hale sonucu 9 Ocak 2025\u2019te bir yemek firmas\u0131yla 8 milyon 597 bin 750 TL\u2019lik mukavele imzaland\u0131. Bakanl\u0131\u011f\u0131n ihale teknik \u015fartnamesinde tatl\u0131larda aranacak \u00f6zeliklere yer verildi.<\/p>\n<p>Buna nazaran, 1 kilogram cevizli baklavada y\u00fcz gram m\u0131s\u0131r ni\u015fastas\u0131, 200 gram \u00f6zel bu\u011fday unu, 100 gram ay\u00e7i\u00e7ek ya\u011f\u0131, 100 gram sade ya\u011f, 0.18 gram tuz, 190 gram su, 150 gram yeni mahsul ceviz i\u00e7i, 350 gram toz \u015feker, 1 yumurta kullan\u0131lacak. 1 kilo S\u00fctl\u00fc Nuriye\u2019de ise 200 gram \u00f6zel bu\u011fday unu, 80 gram m\u0131s\u0131r ni\u015fastas\u0131, 100 gram sade ya\u011f, 1 yumurta, 100 gram ay\u00e7i\u00e7ek ya\u011f\u0131, 150 gram f\u0131nd\u0131k i\u00e7i, 250 gram toz \u015feker, 0.18 gram tuz, 150 gram su, 200 gram s\u00fct olacak.<\/p>\n<p><b><span>Birinci s\u0131n\u0131f kalite \u015fart<\/span><\/b><\/p>\n<p>\u0130hale \u015fartnamesinde tatl\u0131 ziyafetinin l\u00fcks\u00fc ayr\u0131nt\u0131l\u0131ca anlat\u0131ld\u0131. Buna nazaran; eserlerin taze \u00fcretilmesi, kendine mahsus tat, koku ve g\u00f6r\u00fcn\u00fc\u015fte olmas\u0131; gere\u00e7lerin birinci s\u0131n\u0131f kalitede olmas\u0131, kullan\u0131lan ceviz, f\u0131nd\u0131k ve f\u0131st\u0131\u011f\u0131n taze, kendine has tat ve kokuda olmas\u0131 istendi. Eserlerde yaln\u0131zca beyaz toz \u015feker ve y\u00fczde y\u00fcz inek s\u00fct\u00fc kullan\u0131lacak.<\/p>\n<p>Tatl\u0131lar\u0131n \u00fczerinde makul \u00f6l\u00e7\u00fcde Antep f\u0131st\u0131\u011f\u0131 da konulmas\u0131 \u015fartnameye konuldu.<\/p>\n","protected":false},"excerpt":{"rendered":"<p>Vatanda\u015f, tatl\u0131n\u0131n tad\u0131n\u0131 unutur, kemer s\u0131kma \u00f6nlemleriyle maa\u015f art\u0131r\u0131mlar\u0131ndan \u00f6d\u00fcn verirken saltanat\u0131ndan \u00f6d\u00fcn vermeyen Tar\u0131m ve Orman Bakanl\u0131\u011f\u0131, 8.5 milyon liral\u0131k tatl\u0131 ald\u0131.<\/p>\n","protected":false},"author":1,"featured_media":9822,"comment_status":"open","ping_status":"open","sticky":false,"template":"","format":"standard","meta":{"footnotes":""},"categories":[24],"tags":[517,206,2254,244,2306],"class_list":["post-9821","post","type-post","status-publish","format-standard","has-post-thumbnail","hentry","category-ekonomi","tag-gram","tag-ihale","tag-sart","tag-sut","tag-tatli"],"_links":{"self":[{"href":"https:\/\/ikimisli.tr\/index.php\/wp-json\/wp\/v2\/posts\/9821","targetHints":{"allow":["GET"]}}],"collection":[{"href":"https:\/\/ikimisli.tr\/index.php\/wp-json\/wp\/v2\/posts"}],"about":[{"href":"https:\/\/ikimisli.tr\/index.php\/wp-json\/wp\/v2\/types\/post"}],"author":[{"embeddable":true,"href":"https:\/\/ikimisli.tr\/index.php\/wp-json\/wp\/v2\/users\/1"}],"replies":[{"embeddable":true,"href":"https:\/\/ikimisli.tr\/index.php\/wp-json\/wp\/v2\/comments?post=9821"}],"version-history":[{"count":1,"href":"https:\/\/ikimisli.tr\/index.php\/wp-json\/wp\/v2\/posts\/9821\/revisions"}],"predecessor-version":[{"id":9824,"href":"https:\/\/ikimisli.tr\/index.php\/wp-json\/wp\/v2\/posts\/9821\/revisions\/9824"}],"wp:featuredmedia":[{"embeddable":true,"href":"https:\/\/ikimisli.tr\/index.php\/wp-json\/wp\/v2\/media\/9822"}],"wp:attachment":[{"href":"https:\/\/ikimisli.tr\/index.php\/wp-json\/wp\/v2\/media?parent=9821"}],"wp:term":[{"taxonomy":"category","embeddable":true,"href":"https:\/\/ikimisli.tr\/index.php\/wp-json\/wp\/v2\/categories?post=9821"},{"taxonomy":"post_tag","embeddable":true,"href":"https:\/\/ikimisli.tr\/index.php\/wp-json\/wp\/v2\/tags?post=9821"}],"curies":[{"name":"wp","href":"https:\/\/api.w.org\/{rel}","templated":true}]}}