{"id":98213,"date":"2026-02-04T08:12:08","date_gmt":"2026-02-04T08:12:08","guid":{"rendered":"https:\/\/ikimisli.tr\/?p=98213"},"modified":"2026-02-04T08:12:08","modified_gmt":"2026-02-04T08:12:08","slug":"bodrumun-saklanan-imar-planlari-mimar-muhendisleri-ayaga-kaldirdi","status":"publish","type":"post","link":"https:\/\/ikimisli.tr\/index.php\/2026\/02\/04\/bodrumun-saklanan-imar-planlari-mimar-muhendisleri-ayaga-kaldirdi\/","title":{"rendered":"Bodrum\u2019un saklanan imar planlar\u0131 mimar m\u00fchendisleri aya\u011fa kald\u0131rd\u0131"},"content":{"rendered":"<p>T\u00fcrk M\u00fchendis ve Mimar Odalar\u0131 Birli\u011fi (TMMOB) Bodrum \u0130l\u00e7e Koordinasyon Kurulu (\u0130KK) d\u00fczenledi\u011fi bas\u0131n toplant\u0131s\u0131 ile Turgutreis ve etraf\u0131n\u0131 kapsayan yeni imar plan\u0131 revizyonuna sert reaksiyon g\u00f6sterdi.<\/p>\n<p><b>YETK\u0130L\u0130LER KELAMLARINDA DURMADI TARIM ALANLARI \u0130MARA A\u00c7ILDI<\/b><\/p>\n<p>Kurul ismine a\u00e7\u0131klamay\u0131 okuyan Mustafa Erdo\u011fan, tar\u0131m yerlerinin yap\u0131la\u015fmaya a\u00e7\u0131ld\u0131\u011f\u0131n\u0131 ve teknik donat\u0131 alanlar\u0131n\u0131n yok edildi\u011fini belirterek, yetkililerin daha evvel verdi\u011fi d\u00fczeltme kelamlar\u0131n\u0131 tutmad\u0131\u011f\u0131n\u0131 s\u00f6yledi.<\/p>\n<p><b>PLAN GER\u0130 D\u00d6N\u00dcLEMEZ Z\u0130YANLAR VERECEK<\/b><\/p>\n<p>Mu\u011fla B\u00fcy\u00fck\u015fehir Belediyesi taraf\u0131ndan onaylanan ve 23 Ocak 2026 tarihinde Bodrum Belediyesi\u2019nce ask\u0131ya \u00e7\u0131kar\u0131lan 1\/1000 \u00f6l\u00e7ekli Uygulama \u0130mar Plan\u0131, Bodrum\u2019un g\u00fcndemine oturdu. TMMOB, plan\u0131n Turgutreis, Bah\u00e7elievler, Akyarlar, Karaba\u011f, Ak\u00e7aalan, Peksimet, \u0130slamhaneleri ve Derek\u00f6y mahallelerini kapsayan geni\u015f bir alanda &#8220;geri d\u00f6n\u00fclemez zararlar&#8221; verece\u011fi ikaz\u0131nda bulundu.<\/p>\n<p><b>\u0130MAR PLANINDA YAPILAN DE\u011e\u0130\u015e\u0130KL\u0130KLER KAMUOYUNDAN SAKLANDI<\/b><\/p>\n<p>Mustafa Erdo\u011fan plan s\u00fcrecinde Mu\u011fla B\u00fcy\u00fck\u015fehir Belediyesi yetkilileri, Genel Sekreter Yard\u0131mc\u0131s\u0131 \u0130hsan \u00c7akar, \u0130mar \u015eehircilik Daire Ba\u015fkan\u0131 Onur Demirta\u015f ve devrin yetkilisi Ahmet Aras ile g\u00f6r\u00fc\u015ft\u00fcklerini, itirazlar\u0131n\u0131n dikkate al\u0131naca\u011f\u0131 kelam\u0131n\u0131 ald\u0131klar\u0131n\u0131 fakat ask\u0131ya \u00e7\u0131kan planda bu kelamlar\u0131n tutulmad\u0131\u011f\u0131n\u0131 s\u00f6z ederek &#8220;Mu\u011fla B\u00fcy\u00fck\u015fehir Belediyesi, Bodrum Belediyesi&#8217;nin onay\u0131 olmadan ve \u00f6b\u00fcr kurum g\u00f6r\u00fc\u015fleri al\u0131nmadan yeni bir plan onaylam\u0131\u015ft\u0131r. Yap\u0131lan de\u011fi\u015fiklikler kamuoyundan saklanm\u0131\u015f ve ge\u00e7i\u015ftirilmi\u015ftir&#8221; tabirlerine yer verildi.<\/p>\n<p><b>&#8220;K\u0130\u015e\u0130YE \u00d6ZEL RANT ODAKLI PLANLAMA<\/b><\/p>\n<p>Erdo\u011fan ask\u0131ya \u00e7\u0131kan planda tespit ettikleri &#8220;rant&#8221; odakl\u0131 de\u011fi\u015fiklikleri parsel numaralar\u0131 vererek a\u00e7\u0131klad\u0131. Bilhassa \u0130slamhaneleri ve Akyarlar b\u00f6lgelerindeki de\u011fi\u015fiklikler dikkat \u00e7ekti:<\/p>\n<p>\u0130slamhaneleri&#8217;nde Tar\u0131m Yerine %30 \u0130marl\u0131 Konut: \u0130slamhaneleri 110 ada 10 parselde bulunan 63.494 metrekarelik alan\u0131n, \u00fcst \u00f6l\u00e7ekli planda &#8220;Tar\u0131m Arazisi&#8221; olmas\u0131na kar\u015f\u0131n &#8220;Ticaret + Konut Alan\u0131&#8221; ilan edildi\u011fi belirtildi. A\u00e7\u0131klamada, &#8220;Bu karar ile bu parselde bireye \u00f6zel rant sa\u011flan\u0131yor ve yakla\u015f\u0131k 20.000 m2 in\u015faat alan\u0131 yarat\u0131l\u0131yor. Bu parselin neden \u00f6zel imar ald\u0131\u011f\u0131 b\u00fcy\u00fck bir soru i\u015faretidir&#8221; denildi.<\/p>\n<p>Mandalina Bah\u00e7eleri Tehdit Alt\u0131nda (Pandoran\u0131n Kutusu): Yeniden \u0130slamhaneleri 209 ada 66, 67, 68, 69, 70, 71 numaral\u0131 parsellerin, &#8220;Marjinal Tar\u0131m Arazisi&#8221; stat\u00fcs\u00fcnden \u00e7\u0131kar\u0131l\u0131p &#8220;\u00d6zel Rekreasyon Alan\u0131&#8221; yap\u0131ld\u0131\u011f\u0131 ve 47.000 m2 alan\u0131n imara a\u00e7\u0131ld\u0131\u011f\u0131 vurguland\u0131. TMMOB, bu durumu &#8220;Pandoran\u0131n kutusunu a\u00e7mak&#8221; olarak niteleyerek, &#8220;Bu planlama emsal g\u00f6sterilirse, yar\u0131n t\u00fcm marjinal tar\u0131m topraklar\u0131n\u0131n, zeytinliklerin ve mandalina bah\u00e7elerinin yap\u0131la\u015fmaya a\u00e7\u0131lmas\u0131n\u0131n yolu a\u00e7\u0131lacakt\u0131r&#8221; ikaz\u0131nda bulundu.<\/p>\n<p>Akyarlar&#8217;da Park Alan\u0131 Hibe Sav\u0131: Akyarlar 317 ada 1 parseldeki 76.240 m2&#8217;lik alan\u0131n turizm alan\u0131ndan \u00e7\u0131kart\u0131l\u0131p ticaret ve konut alan\u0131na \u00e7evrildi\u011fi, parseldeki park ve belediye yollar\u0131n\u0131n kald\u0131r\u0131larak yakla\u015f\u0131k 8.000 m2 alan\u0131n \u00f6zel m\u00fclksahibine hibe edildi\u011fi sav edildi.<\/p>\n<p><b>&#8220;SU SORUNU VARKEN N\u00dcFUS ARTI\u015eI GET\u0130R\u0130L\u0130YOR&#8221;<\/b><\/p>\n<p>Erdo\u011fan a\u00e7\u0131klamas\u0131nda Bodrum&#8217;un mevcut meselelerine da dikkat \u00e7ekerek &#8220;Bodrum Yar\u0131madas\u0131&#8217;nda ya\u015fanan trafik, su sorunu, kat\u0131 ve s\u0131v\u0131 at\u0131k sorunlar\u0131 dikkate al\u0131nd\u0131\u011f\u0131nda, ek n\u00fcfus getiren hi\u00e7bir imar art\u0131\u015f\u0131n\u0131n yap\u0131lmamas\u0131 gerekir. Bodrum\u2019un daha su sorunu \u00e7\u00f6z\u00fclmemi\u015fken daima n\u00fcfus art\u0131\u015f\u0131na sebep olacak imar art\u0131\u015flar\u0131 yapman\u0131n \u00f6b\u00fcr bir a\u00e7\u0131klamas\u0131 yoktur.planlamay\u0131 &#8220;rant arac\u0131&#8221; olarak kullanan zihniyetin kar\u015f\u0131s\u0131nday\u0131z\u201d diyerek kelamlar\u0131n\u0131 bitirdi.<\/p>\n<p>S\u00f6z konusu \u0130mar Plan\u0131 Revizyonu, 23 Ocak 2026 tarihinden itibaren bir ay m\u00fcddetle Bodrum Belediyesi&#8217;nde ask\u0131da kalacak. Vatanda\u015flar\u0131n ve ilgililerin bu m\u00fcddet zarf\u0131nda plana itiraz etme haklar\u0131 bulunuyor.<\/p>\n","protected":false},"excerpt":{"rendered":"<p>Mu\u011fla\u2019n\u0131n Bodrum il\u00e7esinde ask\u0131ya \u00e7\u0131kar\u0131lan Turgutreis Revizyon \u0130mar Plan\u0131 ile ilgili bas\u0131n a\u00e7\u0131klamas\u0131 yapan TMMOB Bodrum \u0130KK, bug\u00fcn yapt\u0131\u011f\u0131 a\u00e7\u0131klama ile \u00e7ok sert reaksiyon g\u00f6sterdi. A\u00e7\u0131klamada \u201cKi\u015filere \u00f6zel rant gayeli ve gizli sakl\u0131 yap\u0131lan planlardan ve tar\u0131m yerlerinin imara a\u00e7\u0131lmas\u0131ndan bahsedildi. \u201cPlanlamay\u0131 rant hedefli kullan\u0131n zihniyetin kar\u015f\u0131s\u0131nday\u0131z\u201d denildi<\/p>\n","protected":false},"author":1,"featured_media":98214,"comment_status":"open","ping_status":"open","sticky":false,"template":"","format":"standard","meta":{"footnotes":""},"categories":[25],"tags":[1703,1124,2098,5078,603],"class_list":["post-98213","post","type-post","status-publish","format-standard","has-post-thumbnail","hentry","category-gundem","tag-alani","tag-bodrum","tag-imar","tag-parsel","tag-plan"],"_links":{"self":[{"href":"https:\/\/ikimisli.tr\/index.php\/wp-json\/wp\/v2\/posts\/98213","targetHints":{"allow":["GET"]}}],"collection":[{"href":"https:\/\/ikimisli.tr\/index.php\/wp-json\/wp\/v2\/posts"}],"about":[{"href":"https:\/\/ikimisli.tr\/index.php\/wp-json\/wp\/v2\/types\/post"}],"author":[{"embeddable":true,"href":"https:\/\/ikimisli.tr\/index.php\/wp-json\/wp\/v2\/users\/1"}],"replies":[{"embeddable":true,"href":"https:\/\/ikimisli.tr\/index.php\/wp-json\/wp\/v2\/comments?post=98213"}],"version-history":[{"count":1,"href":"https:\/\/ikimisli.tr\/index.php\/wp-json\/wp\/v2\/posts\/98213\/revisions"}],"predecessor-version":[{"id":98215,"href":"https:\/\/ikimisli.tr\/index.php\/wp-json\/wp\/v2\/posts\/98213\/revisions\/98215"}],"wp:featuredmedia":[{"embeddable":true,"href":"https:\/\/ikimisli.tr\/index.php\/wp-json\/wp\/v2\/media\/98214"}],"wp:attachment":[{"href":"https:\/\/ikimisli.tr\/index.php\/wp-json\/wp\/v2\/media?parent=98213"}],"wp:term":[{"taxonomy":"category","embeddable":true,"href":"https:\/\/ikimisli.tr\/index.php\/wp-json\/wp\/v2\/categories?post=98213"},{"taxonomy":"post_tag","embeddable":true,"href":"https:\/\/ikimisli.tr\/index.php\/wp-json\/wp\/v2\/tags?post=98213"}],"curies":[{"name":"wp","href":"https:\/\/api.w.org\/{rel}","templated":true}]}}