{"id":98216,"date":"2026-02-04T08:24:10","date_gmt":"2026-02-04T08:24:10","guid":{"rendered":"https:\/\/ikimisli.tr\/?p=98216"},"modified":"2026-02-04T08:24:10","modified_gmt":"2026-02-04T08:24:10","slug":"universitelerde-liyakat-alarmi-kisiye-ozel-ilanlar-bitmiyor","status":"publish","type":"post","link":"https:\/\/ikimisli.tr\/index.php\/2026\/02\/04\/universitelerde-liyakat-alarmi-kisiye-ozel-ilanlar-bitmiyor\/","title":{"rendered":"\u00dcniversitelerde liyakat alarm\u0131: Ki\u015fiye \u00f6zel ilanlar bitmiyor"},"content":{"rendered":"<p>\u00dcniversitelerde akademik tak\u0131m ilanlar\u0131n\u0131n \u201cki\u015fiye \u00f6zel\u201d haz\u0131rland\u0131\u011f\u0131na y\u00f6nelik savlara bir yenisi eklendi. Sivas Cumhuriyet \u00dcniversitesi \u0130leti\u015fim Fak\u00fcltesi Yeni Medya ve \u0130rtibat K\u0131sm\u0131 i\u00e7in yay\u0131mlanan \u00f6\u011fretim \u00fcyesi ilan\u0131ndaki \u00f6zel kurallar, akademi etraflar\u0131nda reaksiyon \u00e7ekti.<\/p>\n<p><b>\u00d6\u011eRET\u0130M \u00dcYES\u0130 ALIMINDA B\u0130REYE \u00d6ZEL KURAL \u0130DD\u0130ASI<\/b><\/p>\n<p>Sivas Cumhuriyet \u00dcniversitesi taraf\u0131ndan 13 Eyl\u00fcl 2025 tarihinde yay\u0131mlanan ilanda, \u0130leti\u015fim Fak\u00fcltesi Yeni Medya ve Ba\u011flant\u0131 K\u0131sm\u0131, Yeni Medya ve Ba\u011flant\u0131 Anabilim Kolu i\u00e7in bir ki\u015filik doktor \u00f6\u011fretim \u00fcyesi kadrosu a\u00e7\u0131ld\u0131. \u0130lan\u0131n \u00f6zel kaideleri ortas\u0131nda, \u201cdoktoras\u0131n\u0131 pazarlama alan\u0131nda yapm\u0131\u015f olmak\u201d ile birlikte \u201csosyal medya, dezenformasyon, infodemi ve yapay zek\u00e2 hususlar\u0131nda bilimsel \u00e7al\u0131\u015fmalar yapm\u0131\u015f olmak\u201d kriterleri yer ald\u0131. Akademik \u00e7evreler, bilhassa pazarlama alan\u0131nda doktora yapm\u0131\u015f olma ko\u015fulunun, k\u0131sm\u0131n akademik yap\u0131s\u0131yla \u00f6rt\u00fc\u015fmedi\u011fine dikkat \u00e7ekerek ilan\u0131n makul bir akademisyeni i\u015faret etti\u011fi g\u00f6r\u00fc\u015f\u00fcn\u00fc lisana getirdi. \u0130lan\u0131n bu haliyle farkl\u0131 adaylar\u0131n ba\u015fvurusunu fiilen d\u0131\u015flad\u0131\u011f\u0131, \u00fcniversitelerde liyakat unsurunun bir defa daha tart\u0131\u015fmaya a\u00e7\u0131ld\u0131\u011f\u0131 s\u00f6z edildi.<\/p>\n<p><b>PROF. E\u015e\u0130 \u0130\u00c7\u0130N \u00d6ZEL \u0130LAN A\u00c7ILMI\u015eTI<\/b><\/p>\n<p>Konya Necmettin Erbakan \u00dcniversitesi Ahmet Kele\u015fo\u011flu E\u011fitim Fak\u00fcltesi Ho\u015f Sanatlar K\u0131sm\u0131 i\u00e7in 12 Aral\u0131k 2025 tarihinde a\u00e7\u0131lan tek ki\u015filik do\u00e7ent kadrosu, \u201cki\u015fiye \u00f6zel ilan\u201d arg\u00fcmanlar\u0131n\u0131 beraberinde getirdi. \u0130landa yer alan \u00f6zel ko\u015fullar\u0131n, muhakkak bir akademisyeni i\u015faret etti\u011fi \u00f6ne s\u00fcr\u00fclm\u00fc\u015ft\u00fc. \u0130landa, adaylarda \u201csanatta yeterlilik ve foto\u011fraf alan\u0131nda \u00e7al\u0131\u015fmalar yapm\u0131\u015f olmak, do\u00e7entlik unvan\u0131n\u0131 plastik sanatlar alan\u0131nda alm\u0131\u015f olmak\u201d kaidelerinin yan\u0131 s\u0131ra \u201c\u00e7a\u011fda\u015f sanatta eser\u2013mek\u00e2n ve bask\u0131 foto\u011fraf alan\u0131nda \u00e7al\u0131\u015fmalar yapm\u0131\u015f olmak\u201d kriteri arand\u0131. Kelam konusu ilana sadece Necmettin Erbakan \u00dcniversitesi G\u00fczel Sanatlar ve Mimarl\u0131k Fak\u00fcltesi Foto\u011fraf B\u00f6l\u00fcm\u00fc\u2019nde misyon yapan Prof. Dr. Mustafa K\u00fc\u00e7\u00fck\u00f6ner\u2019in e\u015fi Hava K\u00fc\u00e7\u00fck\u00f6ner\u2019in ba\u015fvurdu\u011fu ortaya \u00e7\u0131km\u0131\u015ft\u0131.<\/p>\n","protected":false},"excerpt":{"rendered":"<p>Sivas Cumhuriyet \u00dcniversitesi Ba\u011flant\u0131 Fak\u00fcltesi\u2019nde a\u00e7\u0131lan doktor \u00f6\u011fretim \u00fcyesi ilan\u0131nda yer alan \u201cdoktoras\u0131n\u0131 pazarlama alan\u0131nda yapm\u0131\u015f olmak\u201d ko\u015fulunun makul bir akademisyeni i\u015faret etti\u011fi tez edildi. Benzeri bir \u201cki\u015fiye \u00f6zel ilan\u201d tart\u0131\u015fmas\u0131 daha evvel Necmettin Erbakan \u00dcniversitesi\u2019nde de g\u00fcndeme gelmi\u015fti.<\/p>\n","protected":false},"author":1,"featured_media":98217,"comment_status":"open","ping_status":"open","sticky":false,"template":"","format":"standard","meta":{"footnotes":""},"categories":[25],"tags":[1679,10208,10209,1400,2254],"class_list":["post-98216","post","type-post","status-publish","format-standard","has-post-thumbnail","hentry","category-gundem","tag-akademi","tag-alaninda","tag-bolumu","tag-ilan","tag-sart"],"_links":{"self":[{"href":"https:\/\/ikimisli.tr\/index.php\/wp-json\/wp\/v2\/posts\/98216","targetHints":{"allow":["GET"]}}],"collection":[{"href":"https:\/\/ikimisli.tr\/index.php\/wp-json\/wp\/v2\/posts"}],"about":[{"href":"https:\/\/ikimisli.tr\/index.php\/wp-json\/wp\/v2\/types\/post"}],"author":[{"embeddable":true,"href":"https:\/\/ikimisli.tr\/index.php\/wp-json\/wp\/v2\/users\/1"}],"replies":[{"embeddable":true,"href":"https:\/\/ikimisli.tr\/index.php\/wp-json\/wp\/v2\/comments?post=98216"}],"version-history":[{"count":1,"href":"https:\/\/ikimisli.tr\/index.php\/wp-json\/wp\/v2\/posts\/98216\/revisions"}],"predecessor-version":[{"id":98218,"href":"https:\/\/ikimisli.tr\/index.php\/wp-json\/wp\/v2\/posts\/98216\/revisions\/98218"}],"wp:featuredmedia":[{"embeddable":true,"href":"https:\/\/ikimisli.tr\/index.php\/wp-json\/wp\/v2\/media\/98217"}],"wp:attachment":[{"href":"https:\/\/ikimisli.tr\/index.php\/wp-json\/wp\/v2\/media?parent=98216"}],"wp:term":[{"taxonomy":"category","embeddable":true,"href":"https:\/\/ikimisli.tr\/index.php\/wp-json\/wp\/v2\/categories?post=98216"},{"taxonomy":"post_tag","embeddable":true,"href":"https:\/\/ikimisli.tr\/index.php\/wp-json\/wp\/v2\/tags?post=98216"}],"curies":[{"name":"wp","href":"https:\/\/api.w.org\/{rel}","templated":true}]}}