{"id":98300,"date":"2026-02-04T13:00:08","date_gmt":"2026-02-04T13:00:08","guid":{"rendered":"https:\/\/ikimisli.tr\/?p=98300"},"modified":"2026-02-04T13:00:08","modified_gmt":"2026-02-04T13:00:08","slug":"balikesir-universitesindeki-atama-krizi-mhpli-baskanin-gorevi-iptal-edildi","status":"publish","type":"post","link":"https:\/\/ikimisli.tr\/index.php\/2026\/02\/04\/balikesir-universitesindeki-atama-krizi-mhpli-baskanin-gorevi-iptal-edildi\/","title":{"rendered":"Bal\u0131kesir \u00dcniversitesi\u2019ndeki atama krizi: MHP\u2019li ba\u015fkan\u0131n g\u00f6revi iptal edildi"},"content":{"rendered":"<p>Bal\u0131kesir \u00dcniversitesi\u2019nde 2021 y\u0131l\u0131nda a\u00e7\u0131lan \u00f6\u011fretim vazifelisi tak\u0131m\u0131, siyasi temaslar ve hukuksal s\u00fcre\u00e7lerle g\u00fcndeme geldi. MHP \u00c7anakkale \u0130l Ba\u015fkan\u0131 Hakan \u0130mamo\u011flu\u2019nun m\u00fclakat sonucunda d\u00fc\u015f\u00fck puan almas\u0131na kar\u015f\u0131n misyona ba\u015flamas\u0131, yasal itirazlara neden oldu.<\/p>\n<p><b>D\u00dc\u015e\u00dcK PUANA RA\u011eMEM MHP\u2019L\u0130 \u0130S\u0130M ALINDI<\/b><\/p>\n<p>17 Ocak 2021\u2019de Bal\u0131kesir Meslek Y\u00fcksekokulu Otel, Lokanta ve \u0130kram Hizmetleri K\u0131sm\u0131 Turizm ve Otel \u0130\u015fletmecili\u011fi program\u0131na bir ki\u015filik \u00f6\u011fretim vazifelisi al\u0131m\u0131 i\u00e7in ilan a\u00e7\u0131ld\u0131. \u00d6n k\u0131ymetlendirme sonucunda 9 ki\u015fi m\u00fclakat hakk\u0131 kazand\u0131. Yap\u0131lan imtihanda 70 puanla 9. s\u0131rada yer alan MHP\u2019li Hakan \u0130mamo\u011flu, 2022 y\u0131l\u0131nda \u00fcniversitede misyona ba\u015flad\u0131.<\/p>\n<p>S\u0131navda ikinci olan Hasret Ar\u0131, durumu Bal\u0131kesir Y\u00f6netim Mahkemesi\u2019ne ta\u015f\u0131d\u0131. Mahkeme, \u00f6b\u00fcr bir \u00fcniversiteden heyet g\u00f6revlendirerek bilim s\u0131nav\u0131 ka\u011f\u0131tlar\u0131n\u0131n tekrar okunmas\u0131na karar verdi. Yap\u0131lan tekrar k\u0131ymetlendirme sonucunda \u0130mamo\u011flu\u2019nun puan\u0131 \u00f6nemli formda d\u00fc\u015ferken, Hasret Ar\u0131 birinci oldu.<\/p>\n<p><b>\u0130MAMO\u011eLU\u2019NUN M\u0130SYONUNA SON VER\u0130LD\u0130<\/b><\/p>\n<p>2023 y\u0131l\u0131 prestijiyle Hasret Ar\u0131, \u00f6\u011fretim vazifelisi olarak vazifeye ba\u015flarken, MHP&#8217;li liderin vazifesine mahkeme karar\u0131yla son verildi\u011fi \u00f6\u011frenildi.<\/p>\n<p>Konuyla ilgili arad\u0131\u011f\u0131m\u0131z Bal\u0131kesir \u00dcniversitesi Rekt\u00f6rl\u00fc\u011f\u00fc\u2019nden rastgele bir a\u00e7\u0131klama gelmedi. MHP \u00c7anakkale \u0130l Ba\u015fkan\u0131 Hakan \u0130mamo\u011flu ise olay\u0131 do\u011frularken olayla ilgili ayr\u0131nt\u0131 vermek istemedi.<\/p>\n","protected":false},"excerpt":{"rendered":"<p>Bal\u0131kesir Meslek Y\u00fcksekokulu\u2019nda \u00f6\u011fretim vazifelisi al\u0131m\u0131nda \u00f6n k\u0131ymetlendirme ve m\u00fclakat sonu\u00e7lar\u0131 tart\u0131\u015fma konusu oldu. Mahkeme m\u00fcdahalesi sonras\u0131 MHP\u2019li \u00c7anakkale \u0130l Ba\u015fkan\u0131 Hakan \u0130mamo\u011flu\u2019nun g\u00f6revi sonland\u0131r\u0131l\u0131rken, imtihanda ikinci olan Hasret Ar\u0131 misyona ba\u015flad\u0131.<\/p>\n","protected":false},"author":1,"featured_media":98301,"comment_status":"open","ping_status":"open","sticky":false,"template":"","format":"standard","meta":{"footnotes":""},"categories":[25],"tags":[2115,657],"class_list":["post-98300","post","type-post","status-publish","format-standard","has-post-thumbnail","hentry","category-gundem","tag-imamoglu","tag-mhp"],"_links":{"self":[{"href":"https:\/\/ikimisli.tr\/index.php\/wp-json\/wp\/v2\/posts\/98300","targetHints":{"allow":["GET"]}}],"collection":[{"href":"https:\/\/ikimisli.tr\/index.php\/wp-json\/wp\/v2\/posts"}],"about":[{"href":"https:\/\/ikimisli.tr\/index.php\/wp-json\/wp\/v2\/types\/post"}],"author":[{"embeddable":true,"href":"https:\/\/ikimisli.tr\/index.php\/wp-json\/wp\/v2\/users\/1"}],"replies":[{"embeddable":true,"href":"https:\/\/ikimisli.tr\/index.php\/wp-json\/wp\/v2\/comments?post=98300"}],"version-history":[{"count":1,"href":"https:\/\/ikimisli.tr\/index.php\/wp-json\/wp\/v2\/posts\/98300\/revisions"}],"predecessor-version":[{"id":98302,"href":"https:\/\/ikimisli.tr\/index.php\/wp-json\/wp\/v2\/posts\/98300\/revisions\/98302"}],"wp:featuredmedia":[{"embeddable":true,"href":"https:\/\/ikimisli.tr\/index.php\/wp-json\/wp\/v2\/media\/98301"}],"wp:attachment":[{"href":"https:\/\/ikimisli.tr\/index.php\/wp-json\/wp\/v2\/media?parent=98300"}],"wp:term":[{"taxonomy":"category","embeddable":true,"href":"https:\/\/ikimisli.tr\/index.php\/wp-json\/wp\/v2\/categories?post=98300"},{"taxonomy":"post_tag","embeddable":true,"href":"https:\/\/ikimisli.tr\/index.php\/wp-json\/wp\/v2\/tags?post=98300"}],"curies":[{"name":"wp","href":"https:\/\/api.w.org\/{rel}","templated":true}]}}