{"id":98320,"date":"2026-02-04T14:12:09","date_gmt":"2026-02-04T14:12:09","guid":{"rendered":"https:\/\/ikimisli.tr\/?p=98320"},"modified":"2026-02-04T14:12:09","modified_gmt":"2026-02-04T14:12:09","slug":"melih-gokcekin-uykularini-kaciracak-kritik-karar","status":"publish","type":"post","link":"https:\/\/ikimisli.tr\/index.php\/2026\/02\/04\/melih-gokcekin-uykularini-kaciracak-kritik-karar\/","title":{"rendered":"Melih G\u00f6k\u00e7ek&#8217;in uykular\u0131n\u0131 ka\u00e7\u0131racak kritik karar!"},"content":{"rendered":"<p>Ankara B\u00fcy\u00fck\u015fehir Belediyesi\u2019nin,\u00a0AKP&#8217;li eski Belediye Ba\u015fkan\u0131\u00a0Melih G\u00f6k\u00e7ek\u00a0d\u00f6neminde FET\u00d6&#8217;ye ve FET\u00d6 ili\u015fkili ki\u015fi ve \u015firketlere, imar planlar\u0131 yoluyla menfaat sa\u011fland\u0131\u011f\u0131 teziyle yapt\u0131\u011f\u0131 c\u00fcr\u00fcm duyurusunda,\u00a0\u0130\u00e7i\u015fleri Bakanl\u0131\u011f\u0131\u2019n\u0131n verdi\u011fi \u201csoru\u015fturma m\u00fcsaadesi verilmemesi\u201d karar\u0131,\u00a0Dan\u0131\u015ftay\u00a01. Dairesi taraf\u0131ndan oybirli\u011fiyle kald\u0131r\u0131ld\u0131.<\/p>\n<p>Dan\u0131\u015ftay, evrak\u0131n yine \u00f6n inceleme yap\u0131lmak \u00fczere \u0130\u00e7i\u015fleri Bakanl\u0131\u011f\u0131\u2019na g\u00f6nderilmesine karar verdi.<\/p>\n<p>Ankara B\u00fcy\u00fck\u015fehir Belediyesi\u2019nin, misyondan al\u0131nan eski Belediye Ba\u015fkan\u0131 Melih G\u00f6k\u00e7ek d\u00f6neminde \u201cparsel parsel\u201d FET\u00d6 ve FET\u00d6 irtibatl\u0131 ki\u015fi ve \u015firketlere, imar planlar\u0131 yoluyla menfaat sa\u011fland\u0131\u011f\u0131 teziyle yapt\u0131\u011f\u0131 c\u00fcr\u00fcm duyurusunda, \u0130\u00e7i\u015fleri Bakanl\u0131\u011f\u0131\u2019n\u0131n verdi\u011fi \u201csoru\u015fturma m\u00fcsaadesi verilmemesi\u201d karar\u0131, Dan\u0131\u015ftay 1. Dairesi taraf\u0131ndan oybirli\u011fiyle kald\u0131r\u0131ld\u0131.<\/p>\n<p>\u00a0<\/p>\n<p>Karar\u0131 X hesab\u0131ndan duyuran gazeteci Murat A\u011f\u0131rel \u015funlar\u0131 kaydetti:<\/p>\n<p>\u00a0<\/p>\n<p>Dan\u0131\u015ftay\u2019dan Melih G\u00f6k\u00e7ek Hakk\u0131ndaki Soru\u015fturma M\u00fcracaat\u0131nda Kritik Karar<\/p>\n<p>Ankara B\u00fcy\u00fck\u015fehir Belediyesi\u2019nin, misyondan al\u0131nan eski Belediye Ba\u015fkan\u0131 Melih G\u00f6k\u00e7ek d\u00f6neminde \u201cparsel parsel\u201d FET\u00d6 ve FET\u00d6 irtibatl\u0131 ki\u015fi ve \u015firketlere, imar planlar\u0131 yoluyla menfaat sa\u011fland\u0131\u011f\u0131 teziyle yapt\u0131\u011f\u0131 kabahat duyurusunda, \u0130\u00e7i\u015fleri Bakanl\u0131\u011f\u0131\u2019n\u0131n verdi\u011fi \u201csoru\u015fturma m\u00fcsaadesi verilmemesi\u201d karar\u0131, Dan\u0131\u015ftay 1. Dairesi taraf\u0131ndan oybirli\u011fiyle kald\u0131r\u0131ld\u0131.<\/p>\n<p>Dan\u0131\u015ftay, evrak\u0131n tekrar \u00f6n inceleme yap\u0131lmak \u00fczere \u0130\u00e7i\u015fleri Bakanl\u0131\u011f\u0131\u2019na g\u00f6nderilmesine karar verdi.<\/p>\n<p>Karara ait g\u00f6r\u00fc\u015f\u00fcne ba\u015fvurulan hukuk\u00e7ular ise, evrakta yer alan arg\u00fcmanlar\u0131n ter\u00f6r c\u00fcr\u00fcmleri (FET\u00d6) kapsam\u0131nda k\u0131ymetlendirilmesi gerekti\u011fini belirterek, bu t\u0131p bir evrak\u0131n idari m\u00fcfetti\u015f incelemesiyle hudutlu kalamayaca\u011f\u0131n\u0131, hukuken ter\u00f6r hatalar\u0131na bakmakla misyonlu Cumhuriyet savc\u0131l\u0131klar\u0131n\u0131n yetki alan\u0131nda bulundu\u011funu s\u00f6z ediyor.<\/p>\n<p>\u00a0<\/p>\n<p><img decoding=\"async\" src=\"https:\/\/ikimisli.tr\/wp-content\/uploads\/2026\/02\/melih-gokcekin-uykularini-kaciracak-kritik-karar-0-QPFZOytA.jpeg\"\/><\/p>\n<p>\u00a0<\/p>\n<p><img decoding=\"async\" src=\"https:\/\/ikimisli.tr\/wp-content\/uploads\/2026\/02\/melih-gokcekin-uykularini-kaciracak-kritik-karar-1-7UFLiWEv.jpeg\"\/><\/p>\n","protected":false},"excerpt":{"rendered":"<p>AKP&#8217;li eski Ankara B\u00fcy\u00fck\u015fehir Belediye Ba\u015fkan\u0131 Melih G\u00f6k\u00e7ek hakk\u0131nda \u0130\u00e7i\u015fleri Bakanl\u0131\u011f\u0131&#8217;n\u0131n &#8220;soru\u015fturma m\u00fcsaadesi verilmemesi&#8221; karar\u0131 Dan\u0131\u015ftay karar\u0131yla kald\u0131r\u0131ld\u0131. Belge tekrar \u0130\u00e7i\u015fleri Bakanl\u0131\u011f\u0131&#8217;na g\u00f6nderdildi.<\/p>\n","protected":false},"author":1,"featured_media":98321,"comment_status":"open","ping_status":"open","sticky":false,"template":"","format":"standard","meta":{"footnotes":""},"categories":[25],"tags":[40,7419,2932,7526,149],"class_list":["post-98320","post","type-post","status-publish","format-standard","has-post-thumbnail","hentry","category-gundem","tag-belediye","tag-danistay","tag-feto","tag-icisleri","tag-karar"],"_links":{"self":[{"href":"https:\/\/ikimisli.tr\/index.php\/wp-json\/wp\/v2\/posts\/98320","targetHints":{"allow":["GET"]}}],"collection":[{"href":"https:\/\/ikimisli.tr\/index.php\/wp-json\/wp\/v2\/posts"}],"about":[{"href":"https:\/\/ikimisli.tr\/index.php\/wp-json\/wp\/v2\/types\/post"}],"author":[{"embeddable":true,"href":"https:\/\/ikimisli.tr\/index.php\/wp-json\/wp\/v2\/users\/1"}],"replies":[{"embeddable":true,"href":"https:\/\/ikimisli.tr\/index.php\/wp-json\/wp\/v2\/comments?post=98320"}],"version-history":[{"count":1,"href":"https:\/\/ikimisli.tr\/index.php\/wp-json\/wp\/v2\/posts\/98320\/revisions"}],"predecessor-version":[{"id":98324,"href":"https:\/\/ikimisli.tr\/index.php\/wp-json\/wp\/v2\/posts\/98320\/revisions\/98324"}],"wp:featuredmedia":[{"embeddable":true,"href":"https:\/\/ikimisli.tr\/index.php\/wp-json\/wp\/v2\/media\/98321"}],"wp:attachment":[{"href":"https:\/\/ikimisli.tr\/index.php\/wp-json\/wp\/v2\/media?parent=98320"}],"wp:term":[{"taxonomy":"category","embeddable":true,"href":"https:\/\/ikimisli.tr\/index.php\/wp-json\/wp\/v2\/categories?post=98320"},{"taxonomy":"post_tag","embeddable":true,"href":"https:\/\/ikimisli.tr\/index.php\/wp-json\/wp\/v2\/tags?post=98320"}],"curies":[{"name":"wp","href":"https:\/\/api.w.org\/{rel}","templated":true}]}}