{"id":98393,"date":"2026-02-04T18:00:08","date_gmt":"2026-02-04T18:00:08","guid":{"rendered":"https:\/\/ikimisli.tr\/?p=98393"},"modified":"2026-02-04T18:00:08","modified_gmt":"2026-02-04T18:00:08","slug":"yalovada-korkunc-son-denizde-bulunan-cesedin-kimligi-belirlendi","status":"publish","type":"post","link":"https:\/\/ikimisli.tr\/index.php\/2026\/02\/04\/yalovada-korkunc-son-denizde-bulunan-cesedin-kimligi-belirlendi\/","title":{"rendered":"Yalova&#8217;da korkun\u00e7 son: Denizde bulunan cesedin kimli\u011fi belirlendi"},"content":{"rendered":"<p>Yalova&#8217;da deniz y\u00fczeyinde bulunan bayan cesedinin, Vilayet K\u00fclt\u00fcr ve Turizm M\u00fcd\u00fcrl\u00fc\u011f\u00fc\u2019nde \u00e7al\u0131\u015fan 40 ya\u015f\u0131ndaki Yeliz Ay\u2019a\u00a0 ili\u015fkin oldu\u011fu tespit edildi.<\/p>\n<p>Al\u0131nan bilgiye nazaran \u0130stanbul Deniz Otob\u00fcsleri (\u0130DO) Feribot \u0130skelesi&#8217;nden deniz y\u00fczeyinde hareketsiz ki\u015fiyi g\u00f6renler, durumu 112 Acil Davet Merkezi&#8217;ne bildirdi. \u0130hbar \u00fczerine olay yerine deniz polisi ve s\u0131hhat gruplar\u0131 y\u00f6nlendirildi. Deniz polisinin sudan \u00e7\u0131kard\u0131\u011f\u0131 ve bayana ili\u015fkin olan ceset, olay yeri incelemesinin akabinde Yalova E\u011fitim ve Ara\u015ft\u0131rma Hastanesi&#8217;nin morguna kald\u0131r\u0131ld\u0131. Polis gruplar\u0131nca ara\u015ft\u0131rmada \u00f6len ki\u015finin Yalova Vilayet K\u00fclt\u00fcr ve Turizm M\u00fcd\u00fcrl\u00fc\u011f\u00fc\u2019nde \u00e7al\u0131\u015fan Yeliz Ay\u2019a ili\u015fkin oldu\u011fu tespit edildi.<\/p>\n<p>Ay&#8217;\u0131n d\u00fcn i\u015f yerinde \u00e7antas\u0131n\u0131 ve telefonunu b\u0131rakarak kurumdan ayr\u0131ld\u0131\u011f\u0131 \u00f6\u011frenilirken, kesin vefat nedeninin belirlenmesi maksad\u0131yla soru\u015fturma devam ediyor.\u00a0<\/p>\n","protected":false},"excerpt":{"rendered":"<p>Yalova&#8217;da deniz y\u00fczeyinde bulunan cesedin kimli\u011fi belirlendi.<\/p>\n","protected":false},"author":1,"featured_media":98394,"comment_status":"open","ping_status":"open","sticky":false,"template":"","format":"standard","meta":{"footnotes":""},"categories":[25],"tags":[105],"class_list":["post-98393","post","type-post","status-publish","format-standard","has-post-thumbnail","hentry","category-gundem","tag-deniz"],"_links":{"self":[{"href":"https:\/\/ikimisli.tr\/index.php\/wp-json\/wp\/v2\/posts\/98393","targetHints":{"allow":["GET"]}}],"collection":[{"href":"https:\/\/ikimisli.tr\/index.php\/wp-json\/wp\/v2\/posts"}],"about":[{"href":"https:\/\/ikimisli.tr\/index.php\/wp-json\/wp\/v2\/types\/post"}],"author":[{"embeddable":true,"href":"https:\/\/ikimisli.tr\/index.php\/wp-json\/wp\/v2\/users\/1"}],"replies":[{"embeddable":true,"href":"https:\/\/ikimisli.tr\/index.php\/wp-json\/wp\/v2\/comments?post=98393"}],"version-history":[{"count":1,"href":"https:\/\/ikimisli.tr\/index.php\/wp-json\/wp\/v2\/posts\/98393\/revisions"}],"predecessor-version":[{"id":98395,"href":"https:\/\/ikimisli.tr\/index.php\/wp-json\/wp\/v2\/posts\/98393\/revisions\/98395"}],"wp:featuredmedia":[{"embeddable":true,"href":"https:\/\/ikimisli.tr\/index.php\/wp-json\/wp\/v2\/media\/98394"}],"wp:attachment":[{"href":"https:\/\/ikimisli.tr\/index.php\/wp-json\/wp\/v2\/media?parent=98393"}],"wp:term":[{"taxonomy":"category","embeddable":true,"href":"https:\/\/ikimisli.tr\/index.php\/wp-json\/wp\/v2\/categories?post=98393"},{"taxonomy":"post_tag","embeddable":true,"href":"https:\/\/ikimisli.tr\/index.php\/wp-json\/wp\/v2\/tags?post=98393"}],"curies":[{"name":"wp","href":"https:\/\/api.w.org\/{rel}","templated":true}]}}