{"id":98403,"date":"2026-02-04T18:36:07","date_gmt":"2026-02-04T18:36:07","guid":{"rendered":"https:\/\/ikimisli.tr\/?p=98403"},"modified":"2026-02-04T18:36:07","modified_gmt":"2026-02-04T18:36:07","slug":"chpden-akpye-gecen-hasan-ufuk-cakirin-yeni-gorevi-belli-oldu","status":"publish","type":"post","link":"https:\/\/ikimisli.tr\/index.php\/2026\/02\/04\/chpden-akpye-gecen-hasan-ufuk-cakirin-yeni-gorevi-belli-oldu\/","title":{"rendered":"CHP&#8217;den AKP&#8217;ye ge\u00e7en Hasan Ufuk \u00c7ak\u0131r&#8217;\u0131n yeni g\u00f6revi belli oldu"},"content":{"rendered":"<p>Komisyon, bug\u00fcn AK Parti Kahramanmara\u015f Milletvekili ve Komisyon Ba\u015fkan\u0131 Vahit Kiri\u015f\u00e7i ba\u015fkanl\u0131\u011f\u0131nda topland\u0131.<\/p>\n<p>Toplant\u0131n\u0131n a\u00e7\u0131l\u0131\u015f\u0131nda konu\u015fan Komisyon Ba\u015fkan\u0131 Vahit Kiri\u015f\u00e7i, Katip \u00dcye olan A\u011fr\u0131 Milletvekili Ruken Kilerci&#8217;nin komite \u00fcyeli\u011fi vazifesinin sona erdi\u011fini belirtti. Kiri\u015f\u00e7i, Meclis \u0130\u00e7 T\u00fcz\u00fc\u011f\u00fc&#8217;n\u00fcn 24&#8217;\u00fcnc\u00fc hususu uyar\u0131nca Ba\u015fkanl\u0131k Divan\u0131&#8217;ndaki bu bo\u015flu\u011fu doldurmak maksad\u0131yla topland\u0131klar\u0131n\u0131 s\u00f6z ederek \u015fu a\u00e7\u0131klamay\u0131 yapt\u0131:<\/p>\n<p>&#8220;Komisyonumuzun Ba\u015fkanl\u0131k Divan\u0131 se\u00e7imine ge\u00e7ebilmemiz i\u00e7in gerekli olan salt \u00e7o\u011funluk \u015fu anda haz\u0131r bulunmaktad\u0131r. Hasebiyle toplant\u0131 k\u00e2fi say\u0131m\u0131z vard\u0131r.&#8221;<\/p>\n<p><b>AKP&#8217;YE GE\u00c7T\u0130 TEK ADAY OLDU<\/b><\/p>\n<p>Ba\u015fkanl\u0131k Divan\u0131 \u00fcyeli\u011fi i\u00e7in AKP Mersin Milletvekili Hasan Ufuk \u00c7ak\u0131r tek aday olarak g\u00f6sterildi. Yap\u0131lan sakl\u0131 oylama sonucunda \u00c7ak\u0131r, kurul \u00fcyelerinin \u00e7o\u011funluk oyunu alarak resmi olarak Katip \u00dcye vazifesine getirildi.<\/p>\n<p>Se\u00e7im s\u00fcrecinin tamamlanmas\u0131n\u0131n ard\u0131ndan Komisyon Ba\u015fkan\u0131 Kiri\u015f\u00e7i, yeni se\u00e7ilen \u00c7ak\u0131r\u2019\u0131 tebrik ederek birle\u015fimi sonland\u0131rd\u0131. Bu g\u00f6revlendirme ile birlikte komitenin idare tak\u0131m\u0131 yine tamamlanm\u0131\u015f oldu.<\/p>\n","protected":false},"excerpt":{"rendered":"<p>TBMM Tar\u0131m, Orman ve K\u00f6yi\u015fleri Komisyonu\u2019nda bo\u015falan Ba\u015fkanl\u0131k Divan\u0131 \u00fcyeli\u011fi i\u00e7in se\u00e7im heyecan\u0131 ya\u015fand\u0131. Yap\u0131lan oylama sonucunda CHP&#8217;den AKP&#8217;ye ge\u00e7en Mersin Milletvekili Hasan Ufuk \u00c7ak\u0131r, kurulun yeni Katip \u00dcyesi se\u00e7ildi.<\/p>\n","protected":false},"author":1,"featured_media":98404,"comment_status":"open","ping_status":"open","sticky":false,"template":"","format":"standard","meta":{"footnotes":""},"categories":[25],"tags":[147,739],"class_list":["post-98403","post","type-post","status-publish","format-standard","has-post-thumbnail","hentry","category-gundem","tag-komisyon","tag-uye"],"_links":{"self":[{"href":"https:\/\/ikimisli.tr\/index.php\/wp-json\/wp\/v2\/posts\/98403","targetHints":{"allow":["GET"]}}],"collection":[{"href":"https:\/\/ikimisli.tr\/index.php\/wp-json\/wp\/v2\/posts"}],"about":[{"href":"https:\/\/ikimisli.tr\/index.php\/wp-json\/wp\/v2\/types\/post"}],"author":[{"embeddable":true,"href":"https:\/\/ikimisli.tr\/index.php\/wp-json\/wp\/v2\/users\/1"}],"replies":[{"embeddable":true,"href":"https:\/\/ikimisli.tr\/index.php\/wp-json\/wp\/v2\/comments?post=98403"}],"version-history":[{"count":1,"href":"https:\/\/ikimisli.tr\/index.php\/wp-json\/wp\/v2\/posts\/98403\/revisions"}],"predecessor-version":[{"id":98405,"href":"https:\/\/ikimisli.tr\/index.php\/wp-json\/wp\/v2\/posts\/98403\/revisions\/98405"}],"wp:featuredmedia":[{"embeddable":true,"href":"https:\/\/ikimisli.tr\/index.php\/wp-json\/wp\/v2\/media\/98404"}],"wp:attachment":[{"href":"https:\/\/ikimisli.tr\/index.php\/wp-json\/wp\/v2\/media?parent=98403"}],"wp:term":[{"taxonomy":"category","embeddable":true,"href":"https:\/\/ikimisli.tr\/index.php\/wp-json\/wp\/v2\/categories?post=98403"},{"taxonomy":"post_tag","embeddable":true,"href":"https:\/\/ikimisli.tr\/index.php\/wp-json\/wp\/v2\/tags?post=98403"}],"curies":[{"name":"wp","href":"https:\/\/api.w.org\/{rel}","templated":true}]}}