{"id":98435,"date":"2026-02-04T20:36:08","date_gmt":"2026-02-04T20:36:08","guid":{"rendered":"https:\/\/ikimisli.tr\/?p=98435"},"modified":"2026-02-04T20:36:08","modified_gmt":"2026-02-04T20:36:08","slug":"turk-eczacilari-birliginden-saldirilara-kinama","status":"publish","type":"post","link":"https:\/\/ikimisli.tr\/index.php\/2026\/02\/04\/turk-eczacilari-birliginden-saldirilara-kinama\/","title":{"rendered":"T\u00fcrk Eczac\u0131lar\u0131 Birli\u011fi&#8217;nden sald\u0131r\u0131lara k\u0131nama"},"content":{"rendered":"<p>T\u00fcrk Eczac\u0131lar\u0131 Birli\u011fi (TEB), Kad\u0131k\u00f6y \u00c7ar\u015f\u0131 Eczanesi\u2019nde ya\u015fanan ak\u0131na ait yaz\u0131l\u0131 bir a\u00e7\u0131klama yapt\u0131. A\u00e7\u0131klamada \u015fu tabirlere yer verildi:<\/p>\n<p><b>&#8220;M\u00dcCADELEM\u0130Z\u0130 S\u00dcRD\u00dcRECE\u011e\u0130Z&#8221;<\/b><\/p>\n<p>&#8220;Kad\u0131k\u00f6y \u00c7ar\u015f\u0131 Eczanesi\u2019nde vazife yapan meslekta\u015f\u0131m\u0131z Ecz. Safiye Serap Yaz\u0131c\u0131o\u011flu\u2019na ili\u015fkin eczanede, unsur ba\u011f\u0131ml\u0131s\u0131 oldu\u011fu bildirilen bir \u015fahs\u0131n ger\u00e7ekle\u015ftirdi\u011fi h\u00fccum sonucu iki eczane \u00e7al\u0131\u015fan\u0131n\u0131n yaralanm\u0131\u015f olmas\u0131n\u0131 derin bir \u0131st\u0131rapla \u00f6\u011frenmi\u015f bulunuyoruz. Meslekta\u015f\u0131m\u0131za ve yaralanan eczane \u00e7al\u0131\u015fanlar\u0131na ge\u00e7mi\u015f olsun dileklerimizi iletiyor, sald\u0131r\u0131y\u0131 en g\u00fc\u00e7l\u00fc bi\u00e7imde k\u0131n\u0131yoruz. S\u0131hhat i\u015f\u00e7ilerine y\u00f6nelik \u015fiddet asla kabul edilemez. Faillerin en k\u0131sa m\u00fcddette adalet \u00f6n\u00fcnde hesap vermesini talep ediyor; s\u0131hhat i\u015f\u00e7ilerinin inan\u00e7l\u0131 \u00e7al\u0131\u015fma \u015fartlar\u0131na kavu\u015fabilmesi i\u00e7in yetkilileri bir kere daha acil ve tesirli tedbirler almaya \u00e7a\u011f\u0131r\u0131yoruz. S\u0131hhatte \u015fiddetin son bulmas\u0131 i\u00e7in gayretimizi kararl\u0131l\u0131kla s\u00fcrd\u00fcrece\u011fiz.&#8221;<\/p>\n","protected":false},"excerpt":{"rendered":"<p>T\u00fcrk Eczac\u0131lar\u0131 Birli\u011fi, Kad\u0131k\u00f6y\u2019de bir eczaneye d\u00fczenlenen ak\u0131nda iki \u00e7al\u0131\u015fan\u0131n yaralanmas\u0131na ait &#8220;Sa\u011fl\u0131kta \u015fiddet kabul edilemez&#8221; a\u00e7\u0131klamas\u0131nda bulundu.<\/p>\n","protected":false},"author":1,"featured_media":98436,"comment_status":"open","ping_status":"open","sticky":false,"template":"","format":"standard","meta":{"footnotes":""},"categories":[25],"tags":[2395],"class_list":["post-98435","post","type-post","status-publish","format-standard","has-post-thumbnail","hentry","category-gundem","tag-eczane"],"_links":{"self":[{"href":"https:\/\/ikimisli.tr\/index.php\/wp-json\/wp\/v2\/posts\/98435","targetHints":{"allow":["GET"]}}],"collection":[{"href":"https:\/\/ikimisli.tr\/index.php\/wp-json\/wp\/v2\/posts"}],"about":[{"href":"https:\/\/ikimisli.tr\/index.php\/wp-json\/wp\/v2\/types\/post"}],"author":[{"embeddable":true,"href":"https:\/\/ikimisli.tr\/index.php\/wp-json\/wp\/v2\/users\/1"}],"replies":[{"embeddable":true,"href":"https:\/\/ikimisli.tr\/index.php\/wp-json\/wp\/v2\/comments?post=98435"}],"version-history":[{"count":1,"href":"https:\/\/ikimisli.tr\/index.php\/wp-json\/wp\/v2\/posts\/98435\/revisions"}],"predecessor-version":[{"id":98437,"href":"https:\/\/ikimisli.tr\/index.php\/wp-json\/wp\/v2\/posts\/98435\/revisions\/98437"}],"wp:featuredmedia":[{"embeddable":true,"href":"https:\/\/ikimisli.tr\/index.php\/wp-json\/wp\/v2\/media\/98436"}],"wp:attachment":[{"href":"https:\/\/ikimisli.tr\/index.php\/wp-json\/wp\/v2\/media?parent=98435"}],"wp:term":[{"taxonomy":"category","embeddable":true,"href":"https:\/\/ikimisli.tr\/index.php\/wp-json\/wp\/v2\/categories?post=98435"},{"taxonomy":"post_tag","embeddable":true,"href":"https:\/\/ikimisli.tr\/index.php\/wp-json\/wp\/v2\/tags?post=98435"}],"curies":[{"name":"wp","href":"https:\/\/api.w.org\/{rel}","templated":true}]}}