{"id":98529,"date":"2026-02-05T01:12:07","date_gmt":"2026-02-05T01:12:07","guid":{"rendered":"https:\/\/ikimisli.tr\/?p=98529"},"modified":"2026-02-05T01:12:07","modified_gmt":"2026-02-05T01:12:07","slug":"iki-ilimize-talih-kusu-kondu-2-milyondan-fazla-eve-girecek","status":"publish","type":"post","link":"https:\/\/ikimisli.tr\/index.php\/2026\/02\/05\/iki-ilimize-talih-kusu-kondu-2-milyondan-fazla-eve-girecek\/","title":{"rendered":"\u0130ki ilimize talih ku\u015fu kondu: 2 milyondan fazla eve girecek"},"content":{"rendered":"<p>Bakan Bayraktar sosyal medya hesab\u0131ndan yapt\u0131\u011f\u0131 a\u00e7\u0131klamada, Suudi Arabistan&#8217;\u0131n ba\u015f\u015fehri Riyad&#8217;da Suudi mevkida\u015f\u0131 Abdulaziz bin Selman Al-Suud ile yenilenebilir g\u00fc\u00e7 alan\u0131nda h\u00fck\u00fcmetler ortas\u0131 mutabakata imza at\u0131ld\u0131\u011f\u0131n\u0131 duyurdu. Muahede kapsam\u0131nda, T\u00fcrkiye&#8217;de toplam 5.000 MW g\u00fcc\u00fcnde g\u00fcne\u015f ve r\u00fczgar santrali kurulmas\u0131 hedefleniyor.<\/p>\n<p><b>ELEKTR\u0130K 25 YIL BOYUNCA D\u00dc\u015e\u00dcK F\u0130YATTAN ALINACAK<\/b><\/p>\n<p>Bu b\u00fcy\u00fck plan\u0131n birinci ad\u0131m\u0131 ise Karaman ve Sivas olacak. \u0130ki vilayette toplam 2.000 MW kapasiteli g\u00fcne\u015f g\u00fcc\u00fc santralleri hayata ge\u00e7irilecek.<\/p>\n<p>Bayraktar&#8217;\u0131n verdi\u011fi bilgilere nazaran, projelerin tamam\u0131 d\u0131\u015f finansman yoluyla ger\u00e7ekle\u015ftirilecek ve milletleraras\u0131 finans kurulu\u015flar\u0131 da s\u00fcrece kredi takviyesi verecek. \u00dcretilen elektri\u011fin al\u0131m fiyatlar\u0131 ise dikkat cazibeli seviyede d\u00fc\u015f\u00fck olacak:<\/p>\n<p>Karaman: Kilovatsaat ba\u015f\u0131na 1,995 euro cent<\/p>\n<p>Sivas: Kilovatsaat ba\u015f\u0131na 2,3415 euro cent<\/p>\n<p>Bu fiyatlar \u00fczerinden 25 y\u0131l boyunca elektrik al\u0131m garantisi sa\u011flanacak. Bakanl\u0131k, kelam konusu say\u0131lar\u0131n T\u00fcrkiye&#8217;de bug\u00fcne kadar in\u015fa edilen yenilenebilir g\u00fc\u00e7 santralleri ortas\u0131nda en d\u00fc\u015f\u00fck sat\u0131\u015f fiyatlar\u0131 ortas\u0131nda yer ald\u0131\u011f\u0131n\u0131 vurguluyor.<\/p>\n<p><b>2.1 M\u0130LYON HANEYE PAK ENERJ\u0130<\/b><\/p>\n<p>Santrallerin en az y\u00fczde 50 yerlilik oran\u0131yla in\u015fa edilmesi planlan\u0131yor. Bu sayede yaln\u0131zca g\u00fc\u00e7 \u00fcretimi de\u011fil, birebir vakitte yerli elektrik ekipmanlar\u0131 ve hizmet dal\u0131n\u0131n de k\u0131ymetli \u00f6l\u00e7\u00fcde desteklenmesi hedefleniyor.<\/p>\n<p>Yakla\u015f\u0131k 2 milyar dolarl\u0131k yat\u0131r\u0131mla hayata ge\u00e7irilecek projeler tamamland\u0131\u011f\u0131nda, 2.1 milyon hanenin elektrik muhta\u00e7l\u0131\u011f\u0131 yenilenebilir kaynaklardan kar\u015f\u0131lanacak. Bakan Bayraktar, bu yat\u0131r\u0131mlar\u0131n T\u00fcrkiye&#8217;nin g\u00fc\u00e7 kesimine duyulan milletleraras\u0131 inanc\u0131n g\u00fc\u00e7l\u00fc bir g\u00f6stergesi oldu\u011funu belirtti.<\/p>\n","protected":false},"excerpt":{"rendered":"<p>T\u00fcrkiye ile Suudi Arabistan ortas\u0131nda imzalanan yeni muahede, iki kentimizi yak\u0131ndan ilgilendiren b\u00fcy\u00fck \u00f6l\u00e7ekli bir yenilenebilir g\u00fc\u00e7 at\u0131l\u0131m\u0131n\u0131 beraberinde getirdi. G\u00fc\u00e7 ve Tabii Kaynaklar Bakan\u0131 Alparslan Bayraktar, Karaman ve Sivas&#8217;ta kurulacak g\u00fcne\u015f ve r\u00fczgar santralleri sayesinde 2 milyondan fazla hanenin elektrik gereksiniminin kar\u015f\u0131lanaca\u011f\u0131n\u0131 a\u00e7\u0131klad\u0131.<\/p>\n","protected":false},"author":1,"featured_media":98530,"comment_status":"open","ping_status":"open","sticky":false,"template":"","format":"standard","meta":{"footnotes":""},"categories":[25],"tags":[77],"class_list":["post-98529","post","type-post","status-publish","format-standard","has-post-thumbnail","hentry","category-gundem","tag-enerji"],"_links":{"self":[{"href":"https:\/\/ikimisli.tr\/index.php\/wp-json\/wp\/v2\/posts\/98529","targetHints":{"allow":["GET"]}}],"collection":[{"href":"https:\/\/ikimisli.tr\/index.php\/wp-json\/wp\/v2\/posts"}],"about":[{"href":"https:\/\/ikimisli.tr\/index.php\/wp-json\/wp\/v2\/types\/post"}],"author":[{"embeddable":true,"href":"https:\/\/ikimisli.tr\/index.php\/wp-json\/wp\/v2\/users\/1"}],"replies":[{"embeddable":true,"href":"https:\/\/ikimisli.tr\/index.php\/wp-json\/wp\/v2\/comments?post=98529"}],"version-history":[{"count":1,"href":"https:\/\/ikimisli.tr\/index.php\/wp-json\/wp\/v2\/posts\/98529\/revisions"}],"predecessor-version":[{"id":98531,"href":"https:\/\/ikimisli.tr\/index.php\/wp-json\/wp\/v2\/posts\/98529\/revisions\/98531"}],"wp:featuredmedia":[{"embeddable":true,"href":"https:\/\/ikimisli.tr\/index.php\/wp-json\/wp\/v2\/media\/98530"}],"wp:attachment":[{"href":"https:\/\/ikimisli.tr\/index.php\/wp-json\/wp\/v2\/media?parent=98529"}],"wp:term":[{"taxonomy":"category","embeddable":true,"href":"https:\/\/ikimisli.tr\/index.php\/wp-json\/wp\/v2\/categories?post=98529"},{"taxonomy":"post_tag","embeddable":true,"href":"https:\/\/ikimisli.tr\/index.php\/wp-json\/wp\/v2\/tags?post=98529"}],"curies":[{"name":"wp","href":"https:\/\/api.w.org\/{rel}","templated":true}]}}