{"id":98673,"date":"2026-02-05T09:36:07","date_gmt":"2026-02-05T09:36:07","guid":{"rendered":"https:\/\/ikimisli.tr\/?p=98673"},"modified":"2026-02-05T09:36:07","modified_gmt":"2026-02-05T09:36:07","slug":"turkiyenin-gunlerce-agladigi-sirin-elmas-hanilci-cinayetinde-istinaf-kararini-verdi","status":"publish","type":"post","link":"https:\/\/ikimisli.tr\/index.php\/2026\/02\/05\/turkiyenin-gunlerce-agladigi-sirin-elmas-hanilci-cinayetinde-istinaf-kararini-verdi\/","title":{"rendered":"T\u00fcrkiye&#8217;nin g\u00fcnlerce a\u011flad\u0131\u011f\u0131 \u015eirin Elmas Hanil\u00e7i cinayetinde istinaf karar\u0131n\u0131 verdi"},"content":{"rendered":"<p>\u0130stanbul B\u00f6lge Adliye Mahkemesi 1. Ceza Dairesi (istinaf), san\u0131k \u00d6r\u00fcn&#8217;e, \u0130stanbul 37. A\u011f\u0131r Ceza Mahkemesince, &#8220;\u00e7ocu\u011fa kar\u015f\u0131 taamm\u00fcden \u00f6ld\u00fcrme&#8221;, &#8220;cinsel maksatla \u00e7ocu\u011fu h\u00fcrriyetinden mahrum k\u0131lma&#8221; ve &#8220;\u00e7ocu\u011fun cinsel istismar\u0131&#8221; c\u00fcr\u00fcmlerinden verilen a\u011f\u0131rla\u015ft\u0131r\u0131lm\u0131\u015f m\u00fcebbet ile 51 y\u0131l mahpus cezas\u0131 karar\u0131na y\u00f6nelik incelemesini tamamlad\u0131.<\/p>\n<p>Dosyan\u0131n resen incelenmek \u00fczere daireye g\u00f6nderildi\u011fi belirtilen kararda, mahall\u00ee mahkemenin karar\u0131nda adap ve temele ait rastgele bir hukuka terslik olmad\u0131\u011f\u0131 kaydedildi.<\/p>\n<p>\u0130ncelenen belgeye nazaran kurulan kararlarda bir isabetsizlik g\u00f6r\u00fclmedi\u011fine h\u00fckmeden daire, kan\u0131tlarda ve s\u00fcre\u00e7lerde rastgele bir eksiklik olmad\u0131\u011f\u0131na karar verdi.<\/p>\n<p>Daire, ispat bak\u0131m\u0131ndan de\u011ferlendirmenin yerinde oldu\u011funa h\u00fckmederek, istinaf ba\u015fvurusunu temelden reddetti.<\/p>\n<p>\u00d6te yandan, istinaf\u0131n karar\u0131na y\u00f6nelik temyiz m\u00fcracaat\u0131nda bulunulmad\u0131\u011f\u0131 i\u00e7in san\u0131k hakk\u0131nda verilen karar\u0131n mutlakla\u015ft\u0131\u011f\u0131 \u00f6\u011frenildi.<\/p>\n<p><b>NE OLMU\u015eTU<\/b><\/p>\n<p>Ferik\u00f6y Mahallesi&#8217;nde 31 Ekim 2024&#8217;te haber al\u0131namayan ve ailesinin kay\u0131p m\u00fcracaat\u0131nda bulundu\u011fu 6 ya\u015f\u0131ndaki Ho\u015f Elmas Hanil\u00e7i, 2 Kas\u0131m 2024&#8217;te Ferik\u00f6y Mezarl\u0131\u011f\u0131&#8217;nda \u00f6ld\u00fcr\u00fclm\u00fc\u015f halde bulunmu\u015f, g\u00f6zalt\u0131na al\u0131nan ku\u015fkulu Mustafa \u00d6r\u00fcn tutuklanm\u0131\u015ft\u0131.<\/p>\n<p>\u0130stanbul Cumhuriyet Ba\u015fsavc\u0131l\u0131\u011f\u0131nca haz\u0131rlanan iddianamede, Sevecen Elmas Hanil\u00e7i&#8217;nin, annesi K\u00e2fi Hanil\u00e7i ve karde\u015fleriyle 31 Ekim 2024&#8217;te babaannesinin meskenine gitti\u011fi anlat\u0131lm\u0131\u015ft\u0131.<\/p>\n<p>Ayn\u0131 g\u00fcn saat 15.30 s\u0131ralar\u0131nda k\u00fc\u00e7\u00fck k\u0131z\u0131n annesi, babaannesi ve dedesinin, \u00e7ocuklar\u0131 da yanlar\u0131na alarak fatura \u00f6demek i\u00e7in d\u0131\u015far\u0131ya \u00e7\u0131kt\u0131klar\u0131 belirtilen iddianamede, anne Hanil\u00e7i&#8217;nin &#8220;Sen gelme, halan\u0131n k\u0131z\u0131yla oyna, ben gelece\u011fim.&#8221; diyerek, Tatl\u0131&#8217;y\u0131 yanlar\u0131nda g\u00f6t\u00fcrmedi\u011fi s\u00f6z edilmi\u015fti.<\/p>\n<p>\u0130ddianamede, Tatl\u0131&#8217;n\u0131n aile b\u00fcy\u00fckleri gittikten sonra iki karde\u015fiyle d\u0131\u015far\u0131ya \u00e7\u0131kt\u0131\u011f\u0131, bir m\u00fchlet sonra karde\u015flerinin konuta geldi\u011fi lakin onun d\u00f6nmedi\u011fi bilgisine yer verilmi\u015fti.<\/p>\n<p>Kamera kay\u0131tlar\u0131na nazaran, Tatl\u0131&#8217;n\u0131n olay g\u00fcn\u00fc saat 16.35 s\u0131ralar\u0131nda tek ba\u015f\u0131na Avukat Caddesi&#8217;nden \u00dclker Sokak istikametine, oradan da Poyraz 1 Sokak&#8217;a girdi\u011fi, bu soka\u011f\u0131n giri\u015finde san\u0131k Mustafa \u00d6r\u00fcn&#8217;\u00fcn hurda toplama arac\u0131yla Tatl\u0131&#8217;n\u0131n yan\u0131na geldi\u011fi, ba\u011flant\u0131da bulunmaya ve yak\u0131nl\u0131k kurmaya ba\u015flad\u0131\u011f\u0131 aktar\u0131lm\u0131\u015ft\u0131.<\/p>\n<p>\u0130ddianamede, san\u0131k \u00d6r\u00fcn&#8217;\u00fcn y\u00fcr\u00fcd\u00fckleri yol boyunca Tatl\u0131&#8217;yla konu\u015ftu\u011fu, \u00e7\u00f6p konteynerlerinin yan\u0131nda durup bir yandan ka\u011f\u0131t toplad\u0131\u011f\u0131, saat 16.45 s\u0131ralar\u0131nda Tatl\u0131&#8217;yla Poyraz 1 Sokak ve Hasret Caddesi kesi\u015fimine gelip, buradan Ferik\u00f6y Mezarl\u0131\u011f\u0131 istikametine hakikat ilerledi\u011fi kaydedilmi\u015fti.<\/p>\n<p>San\u0131\u011f\u0131n Tatl\u0131&#8217;y\u0131 Ferik\u00f6y Mezarl\u0131\u011f\u0131&#8217;n\u0131n giri\u015f kap\u0131s\u0131na yak\u0131n tenha alandaki iki mezar ortas\u0131na g\u00f6t\u00fcrd\u00fc\u011f\u00fc, cinsel istismarda bulunduktan sonra kan\u0131tlar\u0131 ortadan kald\u0131rmak, kabahati gizlemek ve yakalanmamak i\u00e7in Tatl\u0131&#8217;y\u0131 \u00f6ld\u00fcrmeye karar verdi\u011fi, a\u011fz\u0131na t\u0131kad\u0131\u011f\u0131 e\u015farb\u0131 \u00e7\u0131kartarak boynuna dolad\u0131\u011f\u0131 ve bu bi\u00e7imde k\u00fc\u00e7\u00fck k\u0131z\u0131 \u00f6ld\u00fcrd\u00fc\u011f\u00fc belirtilmi\u015fti.<\/p>\n<p>\u0130ddianamede san\u0131k \u00d6r\u00fcn&#8217;\u00fcn, &#8220;bir c\u00fcrm\u00fc gizlemek, kan\u0131tlar\u0131n\u0131 ortadan kald\u0131rmak yahut i\u015flenmesini kolayla\u015ft\u0131rmak ya da yakalanmamak gayesiyle \u00e7ocu\u011fa ya da v\u00fccut yahut ruh bak\u0131m\u0131ndan kendisini savunamayacak durumda bulunan bireye kar\u015f\u0131 taamm\u00fcden \u00f6ld\u00fcrme&#8221; ve &#8220;cinsel maksatla \u00e7ocu\u011fu ya da v\u00fccut yahut ruh bak\u0131m\u0131ndan kendini savunamayacak durumda bulunan ki\u015fiyi h\u00fcrriyetinden mahrum k\u0131lma&#8221; c\u00fcr\u00fcmlerinden a\u011f\u0131rla\u015ft\u0131r\u0131lm\u0131\u015f m\u00fcebbet ve 6 y\u0131ldan 21 y\u0131la kadar mahpus, &#8220;\u00e7ocu\u011fun cinsel istismar\u0131&#8221; hatas\u0131ndan ise 18 y\u0131ldan az olmamak kaidesiyle mahpus cezas\u0131na \u00e7arpt\u0131r\u0131lmas\u0131 talep edilmi\u015fti.<\/p>\n<p><b>\u0130LK DURU\u015eMADA MAHPUS CEZASI<\/b><\/p>\n<p>\u0130stanbul 37. A\u011f\u0131r Ceza Mahkemesi, 9 Ocak 2025&#8217;te g\u00f6r\u00fclen birinci duru\u015fmada davay\u0131 karara ba\u011flam\u0131\u015ft\u0131.<\/p>\n<p>Mahkeme heyeti, san\u0131k Mustafa \u00d6r\u00fcn&#8217;\u00fc, &#8220;\u00e7ocu\u011fa, bayana kar\u015f\u0131 ve bir hata kan\u0131tlar\u0131n\u0131 gizlemek yahut yok etmek hedefiyle taamm\u00fcden \u00f6ld\u00fcrme&#8221; c\u00fcrm\u00fcnden a\u011f\u0131rla\u015ft\u0131r\u0131lm\u0131\u015f m\u00fcebbet, &#8220;cinsel emelle \u00e7ocu\u011fu h\u00fcrriyetinden mahrum k\u0131lma&#8221; hatas\u0131ndan 21 y\u0131l ile &#8220;\u00e7ocu\u011fun cinsel istismar\u0131&#8221; hatas\u0131ndan da 30 y\u0131l mahpus cezas\u0131na \u00e7arpt\u0131rm\u0131\u015ft\u0131.<\/p>\n<p>Heyet, san\u0131\u011fa \u00fcst huduttan ceza karar\u0131 kurarak indirim uygulamam\u0131\u015ft\u0131.<\/p>\n<p>Karar\u0131n akabinde evrak, incelenmek \u00fczere istinafa ta\u015f\u0131nm\u0131\u015ft\u0131.<\/p>\n","protected":false},"excerpt":{"rendered":"<p>\u015ei\u015fli&#8217;deki Ferik\u00f6y Mezarl\u0131\u011f\u0131&#8217;nda 6 ya\u015f\u0131ndaki Sevimli Elmas Hanil\u00e7i&#8217;yi \u00f6ld\u00fcrd\u00fc\u011f\u00fc gerek\u00e7esiyle tutuklanan san\u0131k Mustafa \u00d6r\u00fcn&#8217;e verilen a\u011f\u0131rla\u015ft\u0131r\u0131lm\u0131\u015f m\u00fcebbet ile 51 y\u0131l mahpus cezas\u0131 hukuka uygun bulundu.<\/p>\n","protected":false},"author":1,"featured_media":98674,"comment_status":"open","ping_status":"open","sticky":false,"template":"","format":"standard","meta":{"footnotes":""},"categories":[25],"tags":[53,773,149,10135,1323],"class_list":["post-98673","post","type-post","status-publish","format-standard","has-post-thumbnail","hentry","category-gundem","tag-ceza","tag-cinsel","tag-karar","tag-sirin","tag-sucu"],"_links":{"self":[{"href":"https:\/\/ikimisli.tr\/index.php\/wp-json\/wp\/v2\/posts\/98673","targetHints":{"allow":["GET"]}}],"collection":[{"href":"https:\/\/ikimisli.tr\/index.php\/wp-json\/wp\/v2\/posts"}],"about":[{"href":"https:\/\/ikimisli.tr\/index.php\/wp-json\/wp\/v2\/types\/post"}],"author":[{"embeddable":true,"href":"https:\/\/ikimisli.tr\/index.php\/wp-json\/wp\/v2\/users\/1"}],"replies":[{"embeddable":true,"href":"https:\/\/ikimisli.tr\/index.php\/wp-json\/wp\/v2\/comments?post=98673"}],"version-history":[{"count":1,"href":"https:\/\/ikimisli.tr\/index.php\/wp-json\/wp\/v2\/posts\/98673\/revisions"}],"predecessor-version":[{"id":98675,"href":"https:\/\/ikimisli.tr\/index.php\/wp-json\/wp\/v2\/posts\/98673\/revisions\/98675"}],"wp:featuredmedia":[{"embeddable":true,"href":"https:\/\/ikimisli.tr\/index.php\/wp-json\/wp\/v2\/media\/98674"}],"wp:attachment":[{"href":"https:\/\/ikimisli.tr\/index.php\/wp-json\/wp\/v2\/media?parent=98673"}],"wp:term":[{"taxonomy":"category","embeddable":true,"href":"https:\/\/ikimisli.tr\/index.php\/wp-json\/wp\/v2\/categories?post=98673"},{"taxonomy":"post_tag","embeddable":true,"href":"https:\/\/ikimisli.tr\/index.php\/wp-json\/wp\/v2\/tags?post=98673"}],"curies":[{"name":"wp","href":"https:\/\/api.w.org\/{rel}","templated":true}]}}