{"id":98684,"date":"2026-02-05T10:48:07","date_gmt":"2026-02-05T10:48:07","guid":{"rendered":"https:\/\/ikimisli.tr\/?p=98684"},"modified":"2026-02-05T10:48:07","modified_gmt":"2026-02-05T10:48:07","slug":"turkiyenin-konustugu-sapik-sinan-tahliye-oldu-ilk-kez-konustu","status":"publish","type":"post","link":"https:\/\/ikimisli.tr\/index.php\/2026\/02\/05\/turkiyenin-konustugu-sapik-sinan-tahliye-oldu-ilk-kez-konustu\/","title":{"rendered":"T\u00fcrkiye&#8217;nin konu\u015ftu\u011fu &#8216;sap\u0131k Sinan&#8217; tahliye oldu: \u0130lk kez konu\u015ftu!"},"content":{"rendered":"<p>M\u00fcge Anl\u0131 ile Tatl\u0131 Sert program\u0131nda aranan 64 ya\u015f\u0131ndaki Arife G\u00f6k\u00e7e&#8217;nin kayb\u0131 ve olay\u0131n \u015f\u00fcphelisi Sinan Sardo\u011fan, T\u00fcrkiye g\u00fcndeminde uzun m\u00fcddet yer alm\u0131\u015ft\u0131. Olay\u0131n akabinde ku\u015fkular\u0131n a\u011f\u0131rla\u015ft\u0131\u011f\u0131 isimlerden biri olan Sinan Sardo\u011fan, ya\u015fl\u0131 bayanlara g\u00f6nderdi\u011fi m\u00fcstehcen bildiriler ve olay sonras\u0131 sergiledi\u011fi davran\u0131\u015flar nedeniyle dikkat \u00e7ekmi\u015fti.<\/p>\n<p><img decoding=\"async\" src=\"https:\/\/ikimisli.tr\/wp-content\/uploads\/2026\/02\/turkiyenin-konustugu-sapik-sinan-tahliye-oldu-ilk-kez-konustu-0-hfu8p1WJ.jpeg\"\/><\/p>\n<p>Sardo\u011fan&#8217;\u0131n, Arife G\u00f6k\u00e7e&#8217;nin kaybolmas\u0131nda direkt rol\u00fc oldu\u011funa dair tezler ispatlanamam\u0131\u015f lakin olaydan sonra k\u0131yafetlerini yakarak yok etmesi kamuoyunda ku\u015fkulu bulunmu\u015ftu.<\/p>\n<p><b>C\u0130NSEL \u0130ST\u0130SMAR ARG\u00dcMANIYLA TUTUKLANMI\u015eTI<\/b><\/p>\n<p>\u0130ddiaya nazaran ma\u011fdur \u00e7ocuk, Sardo\u011fan&#8217;\u0131 televizyonda g\u00f6rd\u00fckten sonra te\u015fhis etmi\u015f, bunun \u00fczerine hakk\u0131nda s\u00fcre\u00e7 ba\u015flat\u0131lm\u0131\u015ft\u0131. M\u00fcge Anl\u0131 Arife G\u00f6k\u00e7e belgesiyle ilgili yay\u0131nlar s\u00fcrerken Sardo\u011fan&#8217;\u0131n di\u011fer bir evraktan cezaevine girdi\u011fini a\u00e7\u0131klam\u0131\u015ft\u0131.<\/p>\n<p><b>KUAF\u00d6RDEK\u0130 \u0130MGELERLE TAHL\u0130YES\u0130 ORTAYA \u00c7IKTI<\/b><\/p>\n<p><img decoding=\"async\" src=\"https:\/\/ikimisli.tr\/wp-content\/uploads\/2026\/02\/turkiyenin-konustugu-sapik-sinan-tahliye-oldu-ilk-kez-konustu-1-W5GmNQF3.jpeg\"\/><\/p>\n<p>Tokat&#8217;ta bir erkek kuaf\u00f6r\u00fcnde \u00e7ekilen imajlarla Sardo\u011fan&#8217;\u0131n tahliye edildi\u011fi ortaya \u00e7\u0131kt\u0131. Sinan Sardo\u011fan&#8217;\u0131n cezaevinden \u00e7\u0131kt\u0131ktan sonraki imgeleri, Arife G\u00f6k\u00e7e belgesini hat\u0131rlayan bir\u00e7ok ki\u015fi taraf\u0131ndan tekrar g\u00fcndeme ta\u015f\u0131nd\u0131.<\/p>\n<p><b>G\u00dcNLER SONRA M\u00dcGE ANLI&#8217;YA KONU\u015eTU<\/b><\/p>\n<p>Sinan Sardo\u011fan kuaf\u00f6rdeki imajlar\u0131 akabinde birinci kere M\u00fcge Anl\u0131&#8217;ya konu\u015ftu. Cezaevi \u015fartlar\u0131n\u0131n s\u0131k\u0131nt\u0131 oldu\u011funu belirten Sardo\u011fan; \u201cA\u011falar var, arbedeler \u00e7\u0131k\u0131yor, 50 y\u0131l ceza alanlar var. Allah kimseyi d\u00fc\u015f\u00fcrmesin\u201d s\u00f6zlerini kulland\u0131.<\/p>\n<p><b>&#8216;USLU USLU OTURUYORUM&#8217;<\/b><\/p>\n<p>Cezaevi sonras\u0131 hayat\u0131na ait sorular\u0131 cevaplayan Sardo\u011fan, ge\u00e7imini \u00e7al\u0131\u015farak sa\u011flad\u0131\u011f\u0131n\u0131, ortada eline 3-5 kuru\u015f ge\u00e7ti\u011fini ve k\u0131z karde\u015finin kendisine dayanak oldu\u011funu s\u00f6yledi. Arife G\u00f6k\u00e7e\u2019yi hayat\u0131nda hi\u00e7 g\u00f6rmedi\u011fini tez eden Sardo\u011fan, hakk\u0131nda ortaya at\u0131lan su\u00e7lamalar\u0131n tamam\u0131n\u0131n palavra oldu\u011funu savundu.<\/p>\n<p>Programda daha evvel sarf etti\u011fi kelamlardan pi\u015fman oldu\u011funu lisana getiren Sinan Sardo\u011fan, <strong>\u201cKimse merak etmesin, kendi konutumda uslu uslu oturuyorum. K\u00f6y\u00fcmde kalaca\u011f\u0131m. Tek olmam daha iyi\u201d<\/strong> diyerek kamuoyuna ileti verdi.<\/p>\n<p>\u00a0<\/p>\n<p>\u00a0<\/p>\n","protected":false},"excerpt":{"rendered":"<p>64 ya\u015f\u0131ndaki Arife G\u00f6k\u00e7e&#8217;nin kayb\u0131ndan sonra ku\u015fkulu listesinde yer alan Sinan Sardo\u011fan, ya\u015fl\u0131 bayanlara g\u00f6nderdi\u011fi m\u00fcstehcen iletilerle g\u00fcndem olmu\u015ftu. Belgenin gidi\u015fat\u0131 programda i\u015flenmeye devam ederken Sardo\u011fan \u00f6teki bir belgeden cezaevine girdi. Tahliye haberi geldi. Cezaevinden \u00e7\u0131k\u0131\u015f\u0131n\u0131n akabinde birinci kere konu\u015ftu.<\/p>\n","protected":false},"author":1,"featured_media":98685,"comment_status":"open","ping_status":"open","sticky":false,"template":"","format":"standard","meta":{"footnotes":""},"categories":[25],"tags":[10230,53,10228,10229],"class_list":["post-98684","post","type-post","status-publish","format-standard","has-post-thumbnail","hentry","category-gundem","tag-arife-gokce","tag-ceza","tag-sardogan","tag-sinan-sardogan"],"_links":{"self":[{"href":"https:\/\/ikimisli.tr\/index.php\/wp-json\/wp\/v2\/posts\/98684","targetHints":{"allow":["GET"]}}],"collection":[{"href":"https:\/\/ikimisli.tr\/index.php\/wp-json\/wp\/v2\/posts"}],"about":[{"href":"https:\/\/ikimisli.tr\/index.php\/wp-json\/wp\/v2\/types\/post"}],"author":[{"embeddable":true,"href":"https:\/\/ikimisli.tr\/index.php\/wp-json\/wp\/v2\/users\/1"}],"replies":[{"embeddable":true,"href":"https:\/\/ikimisli.tr\/index.php\/wp-json\/wp\/v2\/comments?post=98684"}],"version-history":[{"count":1,"href":"https:\/\/ikimisli.tr\/index.php\/wp-json\/wp\/v2\/posts\/98684\/revisions"}],"predecessor-version":[{"id":98688,"href":"https:\/\/ikimisli.tr\/index.php\/wp-json\/wp\/v2\/posts\/98684\/revisions\/98688"}],"wp:featuredmedia":[{"embeddable":true,"href":"https:\/\/ikimisli.tr\/index.php\/wp-json\/wp\/v2\/media\/98685"}],"wp:attachment":[{"href":"https:\/\/ikimisli.tr\/index.php\/wp-json\/wp\/v2\/media?parent=98684"}],"wp:term":[{"taxonomy":"category","embeddable":true,"href":"https:\/\/ikimisli.tr\/index.php\/wp-json\/wp\/v2\/categories?post=98684"},{"taxonomy":"post_tag","embeddable":true,"href":"https:\/\/ikimisli.tr\/index.php\/wp-json\/wp\/v2\/tags?post=98684"}],"curies":[{"name":"wp","href":"https:\/\/api.w.org\/{rel}","templated":true}]}}