{"id":98703,"date":"2026-02-05T11:48:07","date_gmt":"2026-02-05T11:48:07","guid":{"rendered":"https:\/\/ikimisli.tr\/?p=98703"},"modified":"2026-02-05T11:48:07","modified_gmt":"2026-02-05T11:48:07","slug":"euro-bolgesinde-uretici-fiyatlari-aralikta-geriledi","status":"publish","type":"post","link":"https:\/\/ikimisli.tr\/index.php\/2026\/02\/05\/euro-bolgesinde-uretici-fiyatlari-aralikta-geriledi\/","title":{"rendered":"Euro B\u00f6lgesi&#8217;nde \u00fcretici fiyatlar\u0131 aral\u0131kta geriledi"},"content":{"rendered":"<p>Avrupa \u0130statistik Ofisi (Eurostat), Avrupa Birli\u011fi (AB) ve Avro B\u00f6lgesi&#8217;nin 2025 y\u0131l\u0131 aral\u0131k ay\u0131 \u00dcFE datalar\u0131n\u0131 a\u00e7\u0131klad\u0131.<\/p>\n<p>Verilere nazaran, AB&#8217;de \u00dcFE, ge\u00e7en y\u0131l\u0131n aral\u0131k ay\u0131nda, kas\u0131m ay\u0131na k\u0131yasla y\u00fczde 0,4, evvelki y\u0131l\u0131n aral\u0131k ay\u0131na nazaran de y\u00fczde 1,9 geriledi.<\/p>\n<p>Avro B\u00f6lgesi&#8217;nde de \u00dcFE, aral\u0131kta ayl\u0131k bazda y\u00fczde 0,3, y\u0131ll\u0131k bazda y\u00fczde 2,1 d\u00fc\u015ft\u00fc.<\/p>\n<p>Piyasa beklentisi, Avro B\u00f6lgesi&#8217;nde \u00dcFE&#8217;nin ayl\u0131k y\u00fczde 0,3, y\u0131ll\u0131k y\u00fczde 2,3 azalaca\u011f\u0131 taraf\u0131ndayd\u0131.<\/p>\n<p>AB \u00fcyeleri ortas\u0131nda \u00dcFE, aral\u0131kta ayl\u0131k bazda en fazla y\u00fczde 3 ile Estonya&#8217;da, y\u00fczde 2,8 ile \u0130rlanda&#8217;da ve y\u00fczde 1,9 ile Danimarka&#8217;da azald\u0131. Ayl\u0131k \u00dcFE aral\u0131kta, Bulgaristan&#8217;da y\u00fczde 1,4, Portekiz&#8217;de y\u00fczde 0,5, Bel\u00e7ika ve Romanya&#8217;da y\u00fczde 0,4 artt\u0131.<\/p>\n<p>\u00dcFE, aral\u0131kta y\u0131ll\u0131k bazda L\u00fcksemburg&#8217;da y\u00fczde 5,6, \u0130rlanda&#8217;da y\u00fczde 4,9 ve Portekiz&#8217;de y\u00fczde 3,7 gerilerken, Bulgaristan&#8217;da y\u00fczde 9,8, Romanya&#8217;da y\u00fczde 6,6 ve \u0130sve\u00e7&#8217;te y\u00fczde 1,3 artt\u0131.<\/p>\n","protected":false},"excerpt":{"rendered":"<p>Euro B\u00f6lgesi&#8217;nde \u00dcretici Fiyat Endeksi (\u00dcFE), ge\u00e7en y\u0131l\u0131n aral\u0131k ay\u0131nda evvelki aya k\u0131yasla y\u00fczde 0,3 azald\u0131.<\/p>\n","protected":false},"author":1,"featured_media":98704,"comment_status":"open","ping_status":"open","sticky":false,"template":"","format":"standard","meta":{"footnotes":""},"categories":[24],"tags":[144,2246],"class_list":["post-98703","post","type-post","status-publish","format-standard","has-post-thumbnail","hentry","category-ekonomi","tag-aralik","tag-ufe"],"_links":{"self":[{"href":"https:\/\/ikimisli.tr\/index.php\/wp-json\/wp\/v2\/posts\/98703","targetHints":{"allow":["GET"]}}],"collection":[{"href":"https:\/\/ikimisli.tr\/index.php\/wp-json\/wp\/v2\/posts"}],"about":[{"href":"https:\/\/ikimisli.tr\/index.php\/wp-json\/wp\/v2\/types\/post"}],"author":[{"embeddable":true,"href":"https:\/\/ikimisli.tr\/index.php\/wp-json\/wp\/v2\/users\/1"}],"replies":[{"embeddable":true,"href":"https:\/\/ikimisli.tr\/index.php\/wp-json\/wp\/v2\/comments?post=98703"}],"version-history":[{"count":1,"href":"https:\/\/ikimisli.tr\/index.php\/wp-json\/wp\/v2\/posts\/98703\/revisions"}],"predecessor-version":[{"id":98705,"href":"https:\/\/ikimisli.tr\/index.php\/wp-json\/wp\/v2\/posts\/98703\/revisions\/98705"}],"wp:featuredmedia":[{"embeddable":true,"href":"https:\/\/ikimisli.tr\/index.php\/wp-json\/wp\/v2\/media\/98704"}],"wp:attachment":[{"href":"https:\/\/ikimisli.tr\/index.php\/wp-json\/wp\/v2\/media?parent=98703"}],"wp:term":[{"taxonomy":"category","embeddable":true,"href":"https:\/\/ikimisli.tr\/index.php\/wp-json\/wp\/v2\/categories?post=98703"},{"taxonomy":"post_tag","embeddable":true,"href":"https:\/\/ikimisli.tr\/index.php\/wp-json\/wp\/v2\/tags?post=98703"}],"curies":[{"name":"wp","href":"https:\/\/api.w.org\/{rel}","templated":true}]}}