{"id":98856,"date":"2026-02-05T23:36:06","date_gmt":"2026-02-05T23:36:06","guid":{"rendered":"https:\/\/ikimisli.tr\/?p=98856"},"modified":"2026-02-05T23:36:06","modified_gmt":"2026-02-05T23:36:06","slug":"abd-iran-hattinda-diplomasi-devreye-girdi-gorusme-yarin-ummanda","status":"publish","type":"post","link":"https:\/\/ikimisli.tr\/index.php\/2026\/02\/05\/abd-iran-hattinda-diplomasi-devreye-girdi-gorusme-yarin-ummanda\/","title":{"rendered":"ABD- \u0130ran hatt\u0131nda diplomasi devreye girdi: G\u00f6r\u00fc\u015fme yar\u0131n Umman&#8217;da"},"content":{"rendered":"<div>\n<div>\n<div>\n<p>ABD-\u0130ran s\u0131n\u0131r\u0131ndaki tehlikeli restle\u015fmede diplomasi masas\u0131 daha kurulmadan \u00e7at\u0131rdad\u0131.<\/p>\n<\/p><\/div>\n<\/p><\/div>\n<\/p><\/div>\n<div>\n<div>\n<p>\u0130stanbul&#8217;da planlanan g\u00f6r\u00fc\u015fmelerin yeri ve format\u0131 de\u011fi\u015fti. \u0130ran D\u0131\u015fi\u015fleri Bakan\u0131 Abbas Arak\u00e7i, ABD ile n\u00fckleer bahisli g\u00f6r\u00fc\u015fmelerin cuma g\u00fcn\u00fc saat 10&#8217;da Umman&#8217;da yap\u0131laca\u011f\u0131n\u0131 duyurdu. Beyaz Saray&#8217;dan bir yetkili de g\u00f6r\u00fc\u015fmelerin yeri ve saatini do\u011frulad\u0131.<\/p>\n<p><strong>ABD&#8217;L\u0130 YETK\u0130L\u0130: G\u00d6R\u00dc\u015eME CUMA G\u00dcN\u00dc UMMAN&#8217;DA<\/strong><\/p>\n<p>ABD bas\u0131n\u0131n\u0131n ABD&#8217;li yetkililere dayand\u0131rd\u0131\u011f\u0131 haberinde ise Arap ve M\u00fcsl\u00fcman ba\u015fkanlar\u0131n devreye girerek Trump idaresine Amerika&#8217;n\u0131n g\u00f6r\u00fc\u015fmelerden \u00e7ekilmesi tehdidini hayata ge\u00e7irmeme davetinde bulundu\u011fu ve bunun \u00fczerine ABD&#8217;nin Umman&#8217;da g\u00f6r\u00fc\u015fmeyi kabul etti\u011fi belirtiliyor. <\/p>\n<p>Axios&#8217;a konu\u015fan \u00fcst dizey bir ABD&#8217;li yetkili, \u201c\u0130ran ne diyor bir kulak vermemizi istediler. Biz muvaffakiyet baht\u0131 konusunda ku\u015fku ile bak\u0131yoruz\u201d derken b\u00f6lgeden en \u00fcst seviyelerde 9 \u00fclkeden Beyaz Saray&#8217;a bir bildiri iletti\u011fi ve \u0130ran&#8217;la Umman&#8217;da g\u00f6r\u00fc\u015fmelerin yap\u0131lmas\u0131 istikametinde davette bulunduklar\u0131n\u0131 belirtti. <\/p>\n<p>Bir \u00f6teki ABD&#8217;li yetkilinin ise Trump idaresinin b\u00f6lgedeki m\u00fcttefiklerini duydu\u011fu h\u00fcrmetten bu g\u00f6r\u00fc\u015fmeyi ger\u00e7ekle\u015ftirece\u011fi ve diplomasiye devam etmeye karar verdi\u011fi tabir ediliyor. <\/p>\n<p><strong>TRUMP&#8217;TAN \u0130LK A\u00c7IKLAMA<\/strong><\/p>\n<p>ABD Ba\u015fkan\u0131 Donald Trump ya\u015fanan geli\u015fmelerin akabinde yapt\u0131\u011f\u0131 birinci a\u00e7\u0131klamada \u015fu s\u00f6zleri kulland\u0131:<\/p>\n<p>&#8220;\u0130ran kaos i\u00e7erisinde, protestocular\u0131 destekliyoruz. \u0130ran\u2019\u0131n n\u00fckleer program\u0131n\u0131 yine ba\u015flatmaya \u00e7al\u0131\u015ft\u0131\u011f\u0131n\u0131<br \/>duydum. U\u00e7aklar\u0131m\u0131z\u0131 tekrar yollar\u0131z. \u0130ran&#8217;\u0131n dini lideri Hamaney endi\u015felenmeli&#8221;<\/p>\n<p><strong>\u201cABD YER VER FORMATIN DE\u011e\u0130\u015eMES\u0130N\u0130 REDDETT\u0130\u201d \u0130DD\u0130ASI<\/strong><\/p>\n<p>Axios haber platformu iki ABD&#8217;li yetkiliye dayand\u0131rd\u0131\u011f\u0131 haberinde, Washington idaresinin, \u0130ran&#8217;\u0131n g\u00f6r\u00fc\u015fmelerin \u0130stanbul yerine Umman&#8217;da ve s\u0131rf ikili formatta yap\u0131lmas\u0131 taraf\u0131ndaki talebini geri \u00e7evirdi\u011fini ve g\u00f6r\u00fc\u015fmelerin iptal edildi\u011fini yazm\u0131\u015ft\u0131.<\/p>\n<p>Aa muhabirine bilgi veren \u0130ranl\u0131 diplomatik kaynak, ABD ile m\u00fczakere \u00f6ncesi temaslar\u0131n k\u00f6t\u00fcle\u015fti\u011fini ve g\u00f6r\u00fc\u015fmelerin cuma g\u00fcn\u00fc yap\u0131lmayabilece\u011fini tabir etmi\u015fti.<\/p>\n<p><strong>TAHRAN: BASKILARA BOYUN E\u011e\u0130LMEYECEK<\/strong><\/p>\n<p>Katar bas\u0131n\u0131na konu\u015fan \u00fcst seviye bir \u0130ranl\u0131 yetkili, ABD&#8217;nin cuma g\u00fcn\u00fc yap\u0131lmas\u0131 planlanan g\u00f6r\u00fc\u015fmenin yerinin ve format\u0131n\u0131n de\u011fi\u015ftirilmesini reddetti\u011fi istikametindeki \u00e7\u0131kan haberlere de\u011finerek, bunun ABD\u2019nin s\u00fcrece y\u00f6nelik \u00f6nemli olmad\u0131\u011f\u0131n\u0131 g\u00f6sterdi\u011fini s\u00f6yledi. <\/p>\n<p>Yetkili, &#8220;N\u00fckleer belge d\u0131\u015f\u0131ndaki hi\u00e7bir mevzuda m\u00fczakereyi kabul etmeyece\u011fiz. G\u00f6r\u00fcnen o ki, diplomasinin ayk\u0131r\u0131s\u0131 olan ve sertlik yanl\u0131s\u0131 \u00e7evreler, ABD\u2019nin m\u00fczakerelere ait karar alma s\u00fcrecinde giderek daha tesirli hale geliyor&#8221; tabirlerini kulland\u0131.<\/p>\n<p>L\u00fcbnan bas\u0131n\u0131n\u0131n \u0130ranl\u0131 bir kayna\u011fa dayand\u0131rd\u0131\u011f\u0131 haberde ise \u0130ran\u2019\u0131n m\u00fczakereye haz\u0131r olmay\u0131 s\u00fcrd\u00fcrd\u00fc\u011f\u00fc belirtilerek, ABD ile yap\u0131lacak olas\u0131 g\u00f6r\u00fc\u015fmelerde n\u00fckleer evrak \u00e7er\u00e7evesi d\u0131\u015f\u0131ndaki bahislerin g\u00fcndeme getirilmesine m\u00fcsaade verilmeyece\u011fi vurguland\u0131. Kaynak ayr\u0131yeten, \u00fczerinde uzla\u015f\u0131lan m\u00fczakere form\u00fcl\u00fc ve \u00e7er\u00e7evesinin de\u011fi\u015ftirilmesine y\u00f6nelik bask\u0131lara boyun e\u011filmeyece\u011fini ve bu taraftaki te\u015febb\u00fcslere cevap verilmeyece\u011fini s\u00f6yledi.<\/p>\n<p><strong>ABD DI\u0130\u015eLER\u0130 BAKANI: YER\u0130 NETLE\u015eT\u0130RMEK \u0130\u00c7\u0130N \u00c7ALI\u015eIYORUZ<\/strong><\/p>\n<p>Konuyla ilgili son a\u00e7\u0131klama ise ABD D\u0131\u015fi\u015fleri Bakan\u0131 Marco Rubio&#8217;dan geldi. Rubio, \u0130ran&#8217;la g\u00f6r\u00fc\u015fmelerin nerede yap\u0131laca\u011f\u0131n\u0131 netle\u015ftirmek i\u00e7in hala \u00e7al\u0131\u015ft\u0131klar\u0131n\u0131 belirtirken, \u201cE\u011fer \u0130ranl\u0131lar Cuma g\u00fcn\u00fc g\u00f6r\u00fc\u015fmek isterse biz haz\u0131r\u0131z\u201d tabirlerini kulland\u0131. <\/p>\n<p>Rubio ayr\u0131yeten, m\u00fczakerelerin manal\u0131 bir sonuca ula\u015fabilmesi i\u00e7in balistik f\u00fczeler konusunun da g\u00f6r\u00fc\u015fmelere dahil edilmesi gerekti\u011fini s\u00f6yledi. <\/p>\n<p><strong>\u0130K\u0130 \u00dcLKEN\u0130N FARKLI TALEPLER\u0130 VAR<\/strong><\/p>\n<p>ABD&#8217;nin talepleri ortas\u0131nda \u0130ran&#8217;daki zenginle\u015ftirilmi\u015f uranyumun b\u00fcsb\u00fct\u00fcn \u00fclke d\u0131\u015f\u0131na \u00e7\u0131kar\u0131lmas\u0131 bulunuyor. \u0130kinci olarak da balistik f\u00fcze program\u0131n\u0131n sonland\u0131r\u0131lmas\u0131 ve b\u00f6lgedeki \u0130ran takviyeli g\u00fc\u00e7lere sa\u011flanan kayna\u011f\u0131n sona ermesi.<\/p>\n<p>Reuters haber ajans\u0131na konu\u015fan \u0130ranl\u0131 bir yetkiliye nazaran ise \u0130ran, m\u00fczakerelerin kapsam\u0131n\u0131 da daraltma gayesinde. Tahran&#8217;\u0131n talebi, b\u00f6lge \u00fclkeleri olmadan s\u0131rf Washington idaresiyle ikili bir m\u00fczakere masas\u0131 olu\u015fturmak. \u0130kincisi ise n\u00fckleer program d\u0131\u015f\u0131nda \u00f6b\u00fcr hi\u00e7bir mevzuyu ele almamak. <\/p>\n<p><strong>Y\u0130NE ARAK\u00c7\u0130 VE W\u0130TKOFF MASADA OLACAK<\/strong><\/p>\n<p>Amerikan taraf\u0131ndan masaya oturacak isimlerin Ortado\u011fu \u00d6zel Temsilcisi Steve Witkoff ve Trump&#8217;\u0131n damad\u0131 Jared Kushner&#8217;\u0131n olaca\u011f\u0131 belirtiliyor. \u0130ran taraf\u0131ndan ise D\u0131\u015fi\u015fleri Bakan\u0131 Abbas Arak\u00e7i ve beraberindeki heyet kat\u0131lacak.<\/p>\n<p><strong>KISA M\u00dcDDETL\u0130 TANS\u0130YON YA\u015eANDI<\/strong><\/p>\n<p>Gerilim daha m\u00fczakere ba\u015flamadan \u0130ran k\u0131y\u0131lar\u0131na 800 kilometre uzakl\u0131kta t\u0131rmand\u0131. Amerikan Merkez Komutanl\u0131\u011f\u0131, USS Abraham Lincoln Gemisi&#8217;nden kalkan bir F-35 sava\u015f jetinin \u0130ran dronunu d\u00fc\u015f\u00fcrd\u00fc\u011f\u00fcn\u00fc a\u00e7\u0131klad\u0131.<\/p>\n<p>\u0130ran&#8217;\u0131n yar\u0131 resmi haber ajans\u0131 Fars ise \u015eehit-139 tipi dronun ke\u015fif ve g\u00f6zetleme misyonunu muvaffakiyetle yerine getirdi\u011fini duyurdu.<\/p>\n<p>Amerikan Bayrakl\u0131 bir ticari gemi de \u0130ran \u0130htilal Muhaf\u0131zlar\u0131 taraf\u0131ndan tehdit edildi. Centcom&#8217;a nazaran, gemiye motorunu kapatmas\u0131 buyru\u011fu verildi. Lakin gemi rotas\u0131na tam gaz devim etti.  B\u00f6lgedeki Amerikan sava\u015f gemilerinden biri ticari gemiye inan\u00e7l\u0131 noktaya kadar e\u015flik etti.<\/p>\n<\/p><\/div>\n<\/p><\/div>\n","protected":false},"excerpt":{"rendered":"<p>ABD ile \u0130ran ortas\u0131nda planlanan n\u00fckleer m\u00fczakereler \u00f6ncesi kriz ve belirsizlik artt\u0131. G\u00f6r\u00fc\u015fmelerin cuma g\u00fcn\u00fc Umman\u2019da yap\u0131laca\u011f\u0131 a\u00e7\u0131klan\u0131rken, taraflar\u0131n yer, format ve kapsam mevzular\u0131nda uzla\u015fmazl\u0131\u011f\u0131 dikkat \u00e7ekti; Trump\u2019tan sert iletiler gelirken, b\u00f6lgede askeri tansiyon de yine t\u0131rmand\u0131.<\/p>\n","protected":false},"author":1,"featured_media":98857,"comment_status":"open","ping_status":"open","sticky":false,"template":"","format":"standard","meta":{"footnotes":""},"categories":[43],"tags":[82,697,138,365,4011],"class_list":["post-98856","post","type-post","status-publish","format-standard","has-post-thumbnail","hentry","category-dunya","tag-abd","tag-gorusme","tag-iran","tag-muzakere","tag-yetkili"],"_links":{"self":[{"href":"https:\/\/ikimisli.tr\/index.php\/wp-json\/wp\/v2\/posts\/98856","targetHints":{"allow":["GET"]}}],"collection":[{"href":"https:\/\/ikimisli.tr\/index.php\/wp-json\/wp\/v2\/posts"}],"about":[{"href":"https:\/\/ikimisli.tr\/index.php\/wp-json\/wp\/v2\/types\/post"}],"author":[{"embeddable":true,"href":"https:\/\/ikimisli.tr\/index.php\/wp-json\/wp\/v2\/users\/1"}],"replies":[{"embeddable":true,"href":"https:\/\/ikimisli.tr\/index.php\/wp-json\/wp\/v2\/comments?post=98856"}],"version-history":[{"count":1,"href":"https:\/\/ikimisli.tr\/index.php\/wp-json\/wp\/v2\/posts\/98856\/revisions"}],"predecessor-version":[{"id":98858,"href":"https:\/\/ikimisli.tr\/index.php\/wp-json\/wp\/v2\/posts\/98856\/revisions\/98858"}],"wp:featuredmedia":[{"embeddable":true,"href":"https:\/\/ikimisli.tr\/index.php\/wp-json\/wp\/v2\/media\/98857"}],"wp:attachment":[{"href":"https:\/\/ikimisli.tr\/index.php\/wp-json\/wp\/v2\/media?parent=98856"}],"wp:term":[{"taxonomy":"category","embeddable":true,"href":"https:\/\/ikimisli.tr\/index.php\/wp-json\/wp\/v2\/categories?post=98856"},{"taxonomy":"post_tag","embeddable":true,"href":"https:\/\/ikimisli.tr\/index.php\/wp-json\/wp\/v2\/tags?post=98856"}],"curies":[{"name":"wp","href":"https:\/\/api.w.org\/{rel}","templated":true}]}}