{"id":98932,"date":"2026-02-06T03:36:07","date_gmt":"2026-02-06T03:36:07","guid":{"rendered":"https:\/\/ikimisli.tr\/?p=98932"},"modified":"2026-02-06T03:36:07","modified_gmt":"2026-02-06T03:36:07","slug":"meteorolojiden-sari-alarm-9-siddetinde-firtina-ve-sel-kapida","status":"publish","type":"post","link":"https:\/\/ikimisli.tr\/index.php\/2026\/02\/06\/meteorolojiden-sari-alarm-9-siddetinde-firtina-ve-sel-kapida\/","title":{"rendered":"Meteorolojiden sar\u0131 alarm: 9 \u015fiddetinde f\u0131rt\u0131na ve sel kap\u0131da"},"content":{"rendered":"<div>\n<p>Megakentte bahar havas\u0131 yerini \u015fiddetli k\u0131\u015f \u015fartlar\u0131na b\u0131rak\u0131yor. Ak\u015fam saatlerinden itibaren ba\u015flayacak olan f\u0131rt\u0131na ve \u015fiddetli ya\u011fmurun, \u00f6n\u00fcm\u00fczdeki hafta boyunca tesirini s\u00fcrd\u00fcrmesi bekleniyor. Meteoroloji Genel M\u00fcd\u00fcrl\u00fc\u011f\u00fc, ya\u015fanabilecek aksiliklere kar\u015f\u0131 kenti sar\u0131 kodla uyard\u0131.<\/p>\n<p><b>HAR\u0130TALARDA 9 \u015e\u0130DDET\u0130NDE YA\u011eI\u015e G\u00d6R\u00dcLD\u00dc<\/b><\/p>\n<p>Hava varsay\u0131m raporlar\u0131ndaki son bilgilere nazaran, \u0130stanbul\u2019da tesirli olacak ya\u011f\u0131\u015f\u0131n haritalara yans\u0131mas\u0131 9 \u015fiddetinde olacak. Bu y\u00fcksek yo\u011funluktaki ya\u011f\u0131\u015f\u0131n, bilhassa k\u0131y\u0131 kesitlerinde ve al\u00e7ak noktalarda ani su bask\u0131nlar\u0131na yol a\u00e7abilece\u011fi bedellendiriliyor. Meteoroloji, bu kritik tablo \u00fczerine \u0130stanbul i\u00e7in &#8220;sar\u0131 alarm&#8221; verdi.<\/p>\n<p><img decoding=\"async\" src=\"https:\/\/ikimisli.tr\/wp-content\/uploads\/2026\/02\/meteorolojiden-sari-alarm-9-siddetinde-firtina-ve-sel-kapida-0-wcaTgGiJ.jpg\"\/><\/p>\n<p><b>FIRTINA VE SO\u011eUK HAVA GEL\u0130YOR<\/b><\/p>\n<p>Hafta ba\u015f\u0131ndan bu yana s\u00fcren g\u00fcne\u015fli hava, ak\u015fam saatlerinden itibaren yerini \u015fiddetli r\u00fczgara b\u0131rakacak. F\u0131rt\u0131nan\u0131n tesiriyle hissedilir derecede d\u00fc\u015fecek olan hava s\u0131cakl\u0131klar\u0131, kenti tekrar k\u0131\u015f moduna sokacak. AKOM, f\u0131rt\u0131nan\u0131n birka\u00e7 saat i\u00e7inde \u0130stanbul genelinde tesirini art\u0131raca\u011f\u0131n\u0131 ve ula\u015f\u0131mda aksamalara neden olabilece\u011fini bildirdi.<\/p>\n<p><b>B\u0130R HAFTA BOYUNCA YA\u011eMUR VAR<\/b><\/p>\n<p>Tahminlere nazaran ya\u011f\u0131\u015fl\u0131 hava yaln\u0131zca bu ak\u015famla hudutlu kalmayacak. \u00d6n\u00fcm\u00fczdeki hafta boyunca megakentte \u00e7abucak her g\u00fcn ya\u011fmur ge\u00e7i\u015flerinin ya\u015fanmas\u0131 bekleniyor.<\/p>\n<\/p><\/div>\n","protected":false},"excerpt":{"rendered":"<p>AKOM ve Meteoroloji Genel M\u00fcd\u00fcrl\u00fc\u011f\u00fc\u2019n\u00fcn ihtarlar\u0131n\u0131n akabinde, \u0130stanbul\u2019da &#8220;sar\u0131 alarm&#8221; verildi. Saatler sonra tesirini g\u00f6stermesi beklenen ya\u011f\u0131\u015f\u0131n \u015fiddeti haritalara 9 derece olarak yans\u0131d\u0131. AKOM ve Meteoroloji bilgilerine nazaran, birka\u00e7 saat i\u00e7inde f\u0131rt\u0131nayla ba\u015flayacak olan de\u011fi\u015fim, g\u00fcnlerce s\u00fcrecek ya\u011f\u0131\u015fl\u0131 bir sistemi beraberinde getirecek.<\/p>\n","protected":false},"author":1,"featured_media":98933,"comment_status":"open","ping_status":"open","sticky":false,"template":"","format":"standard","meta":{"footnotes":""},"categories":[25],"tags":[161],"class_list":["post-98932","post","type-post","status-publish","format-standard","has-post-thumbnail","hentry","category-gundem","tag-hava"],"_links":{"self":[{"href":"https:\/\/ikimisli.tr\/index.php\/wp-json\/wp\/v2\/posts\/98932","targetHints":{"allow":["GET"]}}],"collection":[{"href":"https:\/\/ikimisli.tr\/index.php\/wp-json\/wp\/v2\/posts"}],"about":[{"href":"https:\/\/ikimisli.tr\/index.php\/wp-json\/wp\/v2\/types\/post"}],"author":[{"embeddable":true,"href":"https:\/\/ikimisli.tr\/index.php\/wp-json\/wp\/v2\/users\/1"}],"replies":[{"embeddable":true,"href":"https:\/\/ikimisli.tr\/index.php\/wp-json\/wp\/v2\/comments?post=98932"}],"version-history":[{"count":1,"href":"https:\/\/ikimisli.tr\/index.php\/wp-json\/wp\/v2\/posts\/98932\/revisions"}],"predecessor-version":[{"id":98935,"href":"https:\/\/ikimisli.tr\/index.php\/wp-json\/wp\/v2\/posts\/98932\/revisions\/98935"}],"wp:featuredmedia":[{"embeddable":true,"href":"https:\/\/ikimisli.tr\/index.php\/wp-json\/wp\/v2\/media\/98933"}],"wp:attachment":[{"href":"https:\/\/ikimisli.tr\/index.php\/wp-json\/wp\/v2\/media?parent=98932"}],"wp:term":[{"taxonomy":"category","embeddable":true,"href":"https:\/\/ikimisli.tr\/index.php\/wp-json\/wp\/v2\/categories?post=98932"},{"taxonomy":"post_tag","embeddable":true,"href":"https:\/\/ikimisli.tr\/index.php\/wp-json\/wp\/v2\/tags?post=98932"}],"curies":[{"name":"wp","href":"https:\/\/api.w.org\/{rel}","templated":true}]}}