{"id":98948,"date":"2026-02-06T04:36:06","date_gmt":"2026-02-06T04:36:06","guid":{"rendered":"https:\/\/ikimisli.tr\/?p=98948"},"modified":"2026-02-06T04:36:06","modified_gmt":"2026-02-06T04:36:06","slug":"imamoglunun-danismanindan-milliyetci-hassasiyet-cikisi","status":"publish","type":"post","link":"https:\/\/ikimisli.tr\/index.php\/2026\/02\/06\/imamoglunun-danismanindan-milliyetci-hassasiyet-cikisi\/","title":{"rendered":"\u0130mamo\u011flu\u2019nun dan\u0131\u015fman\u0131ndan &#8216;milliyet\u00e7i hassasiyet&#8217; \u00e7\u0131k\u0131\u015f\u0131"},"content":{"rendered":"<p>Milli Dayan\u0131\u015fma, Karde\u015flik ve Demokrasi Komisyonu\u2019nun g\u00fcn ger\u00e7ekle\u015ftirdi\u011fi toplant\u0131 sonras\u0131 MHP Genel Lider Yard\u0131mc\u0131s\u0131 Feti Y\u0131ld\u0131z, bir a\u00e7\u0131klama yapt\u0131. \u00d6n\u00fcm\u00fczdeki haftay\u0131 i\u015faret eden Y\u0131ld\u0131z, \u201cT\u00fcm sorulara kar\u015f\u0131l\u0131k veremiyoruz ancak \u00f6n\u00fcm\u00fczdeki hafta biter. Sordu\u011funuz sorular\u0131n t\u00fcm kar\u015f\u0131l\u0131klar\u0131n\u0131 bulursunuz\u201d dedi. \u201cUmut hakk\u0131 konusunda uzla\u015ft\u0131k. Sorun yok, raporda olacak\u201d s\u00f6z\u00fcn\u00fc kullanan Y\u0131ld\u0131z \u015f\u00f6yle dedi:<\/p>\n<p>\u201cZaten A\u0130HM kararlar\u0131na uydu\u011fun vakit A\u0130HM kararlar\u0131 umut hakk\u0131ndan bahsediyor. Raporda, A\u0130HM ve AYM kararlar\u0131na uyma tavsiye edilecek. Bunun i\u00e7inde umut hakk\u0131 da var esasen. Ortam\u0131zda \u00f6nemli bir g\u00f6r\u00fc\u015f ayr\u0131l\u0131\u011f\u0131 yok. Herkes ayr\u0131 siyasi parti sonu\u00e7ta talepler, istekler, umutlar farkl\u0131. Gelece\u011fimiz, birli\u011fimiz, b\u00fct\u00fcnl\u00fc\u011f\u00fcm\u00fcz i\u00e7in bu t\u00fcrl\u00fc \u015feylerde anla\u015f\u0131yoruz.\u201d<\/p>\n<p><b>CHP: MUTABAKAT YOK<\/b><\/p>\n<p>Komisyon toplant\u0131s\u0131 \u00e7\u0131k\u0131\u015f\u0131nda CHP K\u00fcme Ba\u015fkanvekili Murat Buyruk de bahse ait sorular\u0131 yan\u0131tlad\u0131. Murat Buyruk, \u201cHi\u00e7bir mevzuda tam uzla\u015fmad\u0131\u011f\u0131m\u0131z, her mevzuyu konu\u015ftu\u011fumuzu ve partilerin birbirine yakla\u015ft\u0131\u011f\u0131n\u0131 lakin mutabakat olmad\u0131\u011f\u0131n\u0131 \u0131srarla s\u00f6yl\u00fcyorum\u201d dedi.<\/p>\n<p>Tutuklu \u0130BB Ba\u015fkan\u0131 ve CHP&#8217;nin Cumhurba\u015fkan\u0131 Aday\u0131 Ekrem \u0130mamo\u011flu&#8217;nun dan\u0131\u015fman\u0131 \u0130brahim \u00d6zkan da tart\u0131\u015fmalara ili\u015fikin bir payla\u015f\u0131m yapt\u0131.<\/p>\n<p><b>M\u0130LL\u0130YET\u00c7\u0130 HASSAS\u0130YET VURGUSU<\/b><\/p>\n<p>\u00d6zkan X hesab\u0131ndan yapt\u0131\u011f\u0131 a\u00e7\u0131klamada &#8220;Cumhuriyet Halk Partisi, \u201cUmut Hakk\u0131\u201d konusunda en net ve en berrak \u00e7izgiyi milliyet\u00e7i hassasiyetleri g\u00f6zeterek koymak zorundad\u0131r&#8221; dedi.<\/p>\n<p>\u00d6zkan \u015funlar\u0131 kaydetti:<\/p>\n<p>Benim bak\u0131\u015f a\u00e7\u0131ma g\u00f6re Cumhuriyet Halk Partisi, \u201cUmut Hakk\u0131\u201d konusunda en net ve en berrak \u00e7izgiyi milliyet\u00e7i hassasiyetleri g\u00f6zeterek koymak zorundad\u0131r. CHP\u2019nin hali, \u201chukuk\u201d telaffuzuyla mu\u011flakla\u015fan de\u011fil; \u015fehitlerin aziz an\u0131s\u0131n\u0131, devletin ter\u00f6rle u\u011fra\u015f\u0131ndaki kararl\u0131l\u0131\u011f\u0131n\u0131 ve milletin adalet hissini a\u00e7\u0131k\u00e7a savunan bir duru\u015f olmal\u0131d\u0131r.<\/p>\n<p>Toplumun geni\u015f bir kesiti i\u00e7in bu sorun pazarl\u0131k konusu de\u011fildir; m\u00fcnasebetiyle CHP, ter\u00f6re kar\u015f\u0131 odunsuz, devleti zay\u0131f g\u00f6steren hi\u00e7bir d\u00fczenlemenin yan\u0131nda durmayaca\u011f\u0131n\u0131 net bi\u00e7imde tabir etmelidir. Milliyet\u00e7i se\u00e7men, CHP\u2019den slogan de\u011fil garanti duymak ister: \u201cDevletin birli\u011fi, vatan\u0131n b\u00fct\u00fcnl\u00fc\u011f\u00fc ve adaletin cayd\u0131r\u0131c\u0131l\u0131\u011f\u0131 k\u0131rm\u0131z\u0131 \u00e7izgimizdir.\u201d Bu netlik sa\u011flanmadan at\u0131lacak her ad\u0131m, CHP\u2019yi anlatmak yerine anla\u015f\u0131lmayan bir duruma iter.<\/p>\n","protected":false},"excerpt":{"rendered":"<p>Ekrem \u0130mamo\u011flu&#8217;nun dan\u0131\u015fman\u0131 \u0130brahim \u00d6zkan, \u00d6calan&#8217;a &#8220;Umut hakk\u0131&#8221; konusundaki payla\u015f\u0131m\u0131nda &#8220;&#8221;Cumhuriyet Halk Partisi, \u201cUmut Hakk\u0131\u201d konusunda en net ve en berrak \u00e7izgiyi milliyet\u00e7i hassasiyetleri g\u00f6zeterek koymak zorundad\u0131r&#8221; dedi.<\/p>\n","protected":false},"author":1,"featured_media":98949,"comment_status":"open","ping_status":"open","sticky":false,"template":"","format":"standard","meta":{"footnotes":""},"categories":[25],"tags":[60,486,2055,10243],"class_list":["post-98948","post","type-post","status-publish","format-standard","has-post-thumbnail","hentry","category-gundem","tag-chp","tag-milli","tag-net","tag-umut-hakki"],"_links":{"self":[{"href":"https:\/\/ikimisli.tr\/index.php\/wp-json\/wp\/v2\/posts\/98948","targetHints":{"allow":["GET"]}}],"collection":[{"href":"https:\/\/ikimisli.tr\/index.php\/wp-json\/wp\/v2\/posts"}],"about":[{"href":"https:\/\/ikimisli.tr\/index.php\/wp-json\/wp\/v2\/types\/post"}],"author":[{"embeddable":true,"href":"https:\/\/ikimisli.tr\/index.php\/wp-json\/wp\/v2\/users\/1"}],"replies":[{"embeddable":true,"href":"https:\/\/ikimisli.tr\/index.php\/wp-json\/wp\/v2\/comments?post=98948"}],"version-history":[{"count":1,"href":"https:\/\/ikimisli.tr\/index.php\/wp-json\/wp\/v2\/posts\/98948\/revisions"}],"predecessor-version":[{"id":98950,"href":"https:\/\/ikimisli.tr\/index.php\/wp-json\/wp\/v2\/posts\/98948\/revisions\/98950"}],"wp:featuredmedia":[{"embeddable":true,"href":"https:\/\/ikimisli.tr\/index.php\/wp-json\/wp\/v2\/media\/98949"}],"wp:attachment":[{"href":"https:\/\/ikimisli.tr\/index.php\/wp-json\/wp\/v2\/media?parent=98948"}],"wp:term":[{"taxonomy":"category","embeddable":true,"href":"https:\/\/ikimisli.tr\/index.php\/wp-json\/wp\/v2\/categories?post=98948"},{"taxonomy":"post_tag","embeddable":true,"href":"https:\/\/ikimisli.tr\/index.php\/wp-json\/wp\/v2\/tags?post=98948"}],"curies":[{"name":"wp","href":"https:\/\/api.w.org\/{rel}","templated":true}]}}