{"id":99023,"date":"2026-02-06T09:12:08","date_gmt":"2026-02-06T09:12:08","guid":{"rendered":"https:\/\/ikimisli.tr\/?p=99023"},"modified":"2026-02-06T09:12:08","modified_gmt":"2026-02-06T09:12:08","slug":"turkiyede-ilk-kez-uygulaniyor-depreme-karsi-hazirlik-ilk-anons-yapildi","status":"publish","type":"post","link":"https:\/\/ikimisli.tr\/index.php\/2026\/02\/06\/turkiyede-ilk-kez-uygulaniyor-depreme-karsi-hazirlik-ilk-anons-yapildi\/","title":{"rendered":"T\u00fcrkiye\u2019de ilk kez uygulan\u0131yor: Depreme kar\u015f\u0131 haz\u0131rl\u0131k, ilk anons yap\u0131ld\u0131"},"content":{"rendered":"<p>23 \u00e7al\u0131\u015fma k\u00fcmesi ve 17 mahallede 82 telsiz da\u011f\u0131tan Tuzla Belediyesi, birebir frekans \u00fczerinden T\u00fcrkiye\u2019nin en yayg\u0131n ba\u011flant\u0131 a\u011f\u0131n\u0131 kurdu. Tuzla Afet ve Acil Durum Uyum Merkezi, t\u00fcm kamu \u00fcniteleri, mahalle muhtarl\u0131klar\u0131, itfaiye ve s\u0131hhat gruplar\u0131na verilen 82 telsiz s\u00fcratli ve e\u015f g\u00fcd\u00fcml\u00fc \u00e7al\u0131\u015fma imkan\u0131 yarat\u0131yor. T\u00fcm kurumlar\u0131n kat\u0131ld\u0131\u011f\u0131 \u00e7evrim i\u00e7i deneme yay\u0131n\u0131na, zelzelelerde hayat\u0131n\u0131 kaybedenler an\u0131larak ba\u015fland\u0131.<\/p>\n<p><b>Merkezden anons ge\u00e7ildi, \u00fcniteler cevap verdi<\/b><\/p>\n<p>Tuzla Afet ve Acil \u0130dare Merkezi i\u015f\u00e7isi Muhammet \u0130kbal Sunar, merkeze ba\u011fl\u0131 t\u00fcm \u00fcnitelere ge\u00e7ti\u011fi bildiride, \u201c6 \u015eubat sars\u0131nt\u0131lar\u0131n\u0131n 3&#8217;\u00fcnc\u00fc y\u0131l d\u00f6n\u00fcm\u00fcnde hayat\u0131n\u0131 kaybeden t\u00fcm vatanda\u015flar\u0131m\u0131z\u0131 rahmetle an\u0131yor, kederli ailelerine ve aziz milletimize ba\u015fsa\u011fl\u0131\u011f\u0131 diliyoruz. Zelzeleden etkilenen vilayetlerimize ge\u00e7mi\u015f olsun\u201d s\u00f6zlerini kulland\u0131.<\/p>\n<p>6 \u015eubat sars\u0131nt\u0131lar\u0131na ait bildirinin akabinde \u0130l\u00e7e Yaz\u0131 \u0130\u015fleri M\u00fcd\u00fcrl\u00fc\u011f\u00fc, \u0130l\u00e7e N\u00fcfus M\u00fcd\u00fcrl\u00fc\u011f\u00fc, \u0130l\u00e7e Sa\u011fl\u0131k M\u00fcd\u00fcrl\u00fc\u011f\u00fc, \u0130l\u00e7e M\u00fcft\u00fcl\u00fc\u011f\u00fc\u2019nden mahalle muhtarl\u0131klar\u0131na kadar t\u00fcm \u00fcnitelere anons ge\u00e7ildi. \u00dcnitelerden ve muhtarl\u0131klardan ise \u201cDinlemedeyiz, ayg\u0131t a\u00e7\u0131k ve net\u201d kar\u015f\u0131l\u0131\u011f\u0131 al\u0131nd\u0131.<\/p>\n<p>Afet \u0130\u015fleri M\u00fcd\u00fcr\u00fc Muharrem Kaya, telsiz \u00e7evrimi ve 6 \u015eubat sars\u0131nt\u0131lar\u0131na ait \u015funlar\u0131 kaydetti:<\/p>\n<p><b>&#8220;17 mahallemizde telsizler da\u011f\u0131tarak bu haberle\u015fme a\u011f\u0131n\u0131 geni\u015flettik&#8221;<\/b><\/p>\n<p>\u201c6 \u015eubat sars\u0131nt\u0131lar\u0131n\u0131n y\u0131l d\u00f6n\u00fcm\u00fc haftas\u0131nday\u0131z. Bu vesileyle Hatay ve 11 vilayetimizde hayat\u0131m\u0131z\u0131 kaybeden b\u00fct\u00fcn vatanda\u015flar\u0131m\u0131za Allah\u2019tan diliyorum. B\u00fct\u00fcn vilayetlerimize ge\u00e7mi\u015f olsun dileklerimi iletiyorum. TAMP plan\u0131 kapsam\u0131nda bulunan 23 \u00e7al\u0131\u015fma k\u00fcmesine, m\u00fcd\u00fcrl\u00fcklerimize telsizler da\u011f\u0131t\u0131ld\u0131. Tuzla\u2019da telsiz haberle\u015fmesi sisteminde askeri hudutlar i\u00e7erisinde, afete \u00f6zel bir r\u00f6lemiz bulunmaktad\u0131r. Bu r\u00f6leyle afet i\u015fleriyle ilgili haberle\u015fme a\u011f\u0131n\u0131 Tuzla\u2019m\u0131zda olu\u015fturmu\u015f durumday\u0131z. Ayr\u0131yeten 17 mahallemizde telsizler da\u011f\u0131tarak bu haberle\u015fme a\u011f\u0131n\u0131 geni\u015flettik. \u0130stanbul\u2019da muhtarlara telsiz da\u011f\u0131tarak bu a\u011f\u0131 geni\u015fleten birinci il\u00e7eyiz. Bu vesileyle bize yard\u0131m ve dayana\u011f\u0131n\u0131 esirgemeyen ba\u015fta Belediye Liderimiz Av. Eren Ali Bing\u00f6l\u2019e, lider yard\u0131mc\u0131lar\u0131m\u0131za, m\u00fcd\u00fcrlerimize te\u015fekk\u00fcr ederiz.\u201d<\/p>\n<p>Tuzla Belediyesi Arama Kurtarma Ekip Lideri \u0130brahim Erten ise kurulan telsiz sistemine ait \u015funlar\u0131 aktard\u0131:<\/p>\n<p>\u201c\u0130l\u00e7emizde muhtemel afet ve acil durumlarda haberle\u015fmeyi kesintisiz sa\u011flayabilmek ismine TAMP kapsam\u0131nda 23 \u00e7al\u0131\u015fma k\u00fcmesine ve bu k\u00fcmelere ba\u011fl\u0131 17 mahallemizde telsiz sistemi da\u011f\u0131t\u0131larak Afet Uyum Merkezi\u2019mizle ili\u015fkileri sa\u011fland\u0131. Burada hedefimiz, \u2018Gidemedi\u011finiz yer sizin de\u011fildir\u2019 anlay\u0131\u015fla muhtemel afet durumunda mahallelerimizin tamam\u0131ndan haberdar olmak, acil tak\u0131mlar\u0131m\u0131z\u0131 y\u00f6nlendirmek, gelecek olan dayanak gruplar\u0131n\u0131 yanl\u0131\u015fs\u0131z koordine ederek il\u00e7emizin t\u00fcm noktalar\u0131nda haberle\u015fme sistemimizi olu\u015fturduk.<\/p>\n<p><b>&#8220;Amac\u0131m\u0131z muhtemel bir afet ve acil durumda kesintisiz haberle\u015fmeyi sa\u011flamak&#8221;<\/b><\/p>\n<p>Bununla ilgili mahalle afet timlerimizi kuruyoruz. Her mahallemize birer adet afet konteynerleri koyuyoruz. Afet istasyonlar\u0131 ile m\u00fcmk\u00fcn afet acil durumlarda vatanda\u015flar\u0131m\u0131z\u0131n birinci m\u00fcdahaleyi yapmas\u0131 i\u00e7in tak\u0131mlar\u0131m\u0131z\u0131 yeti\u015ftiriyoruz. Olu\u015facak takviye taleplerini de Uyum Merkezi\u2019mizde toplayarak AFAD Birlik M\u00fcd\u00fcrl\u00fc\u011f\u00fc\u2019ne iletmek emeliyle bu sistemleri kurduk. \u0130l\u00e7emizde afete \u00f6zel bir r\u00f6le kurduk. Telsiz sistemlerimizi olu\u015fturduk. Toplamda 82 tane telsizin \u00e7al\u0131\u015fma k\u00fcmelerine, mahalle muhtarl\u0131klar\u0131na da\u011f\u0131t\u0131m\u0131n\u0131 yapt\u0131k. Hedefimiz muhtemel bir afet ve acil durumda kesintisiz haberle\u015fmeyi sa\u011flamak. Muhtemel bir afet ve acil durumunda birinci 8 saatte vatanda\u015flar\u0131m\u0131z\u0131 kurtarmak, muhta\u00e7l\u0131klar\u0131n\u0131 gidermek hayati ehemmiyet ta\u015f\u0131maktad\u0131r. Milletleraras\u0131 literat\u00fcrde 72 saat diye ge\u00e7se de birinci 8 saatin de\u011ferini \u00e7ok uygun bilmekteyiz. Bu nedenle ba\u011flant\u0131 altyap\u0131m\u0131z\u0131 kurduk ve Afet Uyum Merkezi\u2019mize b\u00fct\u00fcn il\u00e7emizi ba\u011flad\u0131k.\u201d<\/p>\n","protected":false},"excerpt":{"rendered":"<p>Kahramanmara\u015f merkezli 6 \u015eubat sars\u0131nt\u0131lar\u0131n\u0131n akabinde afete haz\u0131rl\u0131k \u00e7al\u0131\u015fmalar\u0131n\u0131 s\u00fcrd\u00fcren Tuzla Belediyesi, T\u00fcrkiye Afet M\u00fcdahale Plan\u0131 (TAMP) kapsam\u0131nda T\u00fcrkiye\u2019de birinci defa uygulanan tesirli haberle\u015fme a\u011f\u0131n\u0131 hizmete soktu.<\/p>\n","protected":false},"author":1,"featured_media":99024,"comment_status":"open","ping_status":"open","sticky":false,"template":"","format":"standard","meta":{"footnotes":""},"categories":[25],"tags":[4863,10252,968,10253,10251],"class_list":["post-99023","post","type-post","status-publish","format-standard","has-post-thumbnail","hentry","category-gundem","tag-afet","tag-haberlesme","tag-mahalle","tag-olasi","tag-telsiz"],"_links":{"self":[{"href":"https:\/\/ikimisli.tr\/index.php\/wp-json\/wp\/v2\/posts\/99023","targetHints":{"allow":["GET"]}}],"collection":[{"href":"https:\/\/ikimisli.tr\/index.php\/wp-json\/wp\/v2\/posts"}],"about":[{"href":"https:\/\/ikimisli.tr\/index.php\/wp-json\/wp\/v2\/types\/post"}],"author":[{"embeddable":true,"href":"https:\/\/ikimisli.tr\/index.php\/wp-json\/wp\/v2\/users\/1"}],"replies":[{"embeddable":true,"href":"https:\/\/ikimisli.tr\/index.php\/wp-json\/wp\/v2\/comments?post=99023"}],"version-history":[{"count":1,"href":"https:\/\/ikimisli.tr\/index.php\/wp-json\/wp\/v2\/posts\/99023\/revisions"}],"predecessor-version":[{"id":99025,"href":"https:\/\/ikimisli.tr\/index.php\/wp-json\/wp\/v2\/posts\/99023\/revisions\/99025"}],"wp:featuredmedia":[{"embeddable":true,"href":"https:\/\/ikimisli.tr\/index.php\/wp-json\/wp\/v2\/media\/99024"}],"wp:attachment":[{"href":"https:\/\/ikimisli.tr\/index.php\/wp-json\/wp\/v2\/media?parent=99023"}],"wp:term":[{"taxonomy":"category","embeddable":true,"href":"https:\/\/ikimisli.tr\/index.php\/wp-json\/wp\/v2\/categories?post=99023"},{"taxonomy":"post_tag","embeddable":true,"href":"https:\/\/ikimisli.tr\/index.php\/wp-json\/wp\/v2\/tags?post=99023"}],"curies":[{"name":"wp","href":"https:\/\/api.w.org\/{rel}","templated":true}]}}