{"id":99055,"date":"2026-02-06T11:00:09","date_gmt":"2026-02-06T11:00:09","guid":{"rendered":"https:\/\/ikimisli.tr\/?p=99055"},"modified":"2026-02-06T11:00:09","modified_gmt":"2026-02-06T11:00:09","slug":"akpden-umut-hakki-aciklamasi-gorusumuz-rapora-intikal-edecektir","status":"publish","type":"post","link":"https:\/\/ikimisli.tr\/index.php\/2026\/02\/06\/akpden-umut-hakki-aciklamasi-gorusumuz-rapora-intikal-edecektir\/","title":{"rendered":"AKP&#8217;den &#8216;umut hakk\u0131&#8217; a\u00e7\u0131klamas\u0131: G\u00f6r\u00fc\u015f\u00fcm\u00fcz rapora intikal edecektir"},"content":{"rendered":"<p>AKP Genel Lider Vekili Mustafa Elita\u015f, T\u00fcrkiye Bas\u0131n Federasyonu&#8217;nun &#8216;Anadolu Sohbetleri&#8217; program\u0131nda bas\u0131n mensuplar\u0131yla bir ortaya geldi. Elita\u015f, MHP Genel Ba\u015fkan\u0131 Devlet Bah\u00e7eli&#8217;nin PKK eleba\u015f\u0131 Abdullah \u00d6calan i\u00e7in &#8216;umut hakk\u0131&#8217; s\u00f6zleri ile ilgili soru \u00fczerine, TBMM&#8217;de kurulan Ulusal Dayan\u0131\u015fma Karde\u015flik ve Demokrasi Kurulu&#8217;nun \u00e7al\u0131\u015fmalar\u0131n\u0131 s\u00fcrd\u00fcrd\u00fc\u011f\u00fcn\u00fc s\u00f6yledi.<\/p>\n<p>Elita\u015f, kurulda bulunan partilerin temsilcileriyle d\u00fcn de bir toplant\u0131 yap\u0131ld\u0131\u011f\u0131n\u0131 belirterek, &#8220;Baz\u0131 a\u00e7\u0131klamalar oldu. Bu a\u00e7\u0131klamalarla ilgili bir k\u0131sm\u0131 kendi g\u00f6r\u00fc\u015fleri olabilir. Zira &#8216;anla\u015ft\u0131k&#8217; dedi\u011fine ba\u015fkas\u0131 daha \u015fimdi net olmad\u0131\u011f\u0131n\u0131 s\u00f6z etti\u011fine nazaran demek ki kendi g\u00f6r\u00fc\u015flerini s\u00f6z edecekler. Lakin iste\u011fimiz, dile\u011fimiz o ki kuruldan tek bir sesin \u00e7\u0131kmas\u0131. Komite raporunun TBMM ve kamuoyuna sunulmak \u00fczere raporun tek elden \u00e7\u0131kmas\u0131 ve mutabakatla \u00e7\u0131kmas\u0131 olumludur, uygundur diye d\u00fc\u015f\u00fcn\u00fcyorum&#8221; dedi.<\/p>\n<p><b>&#8216;KOM\u0130SYONDAK\u0130 ARKADA\u015eLARIMIZ DE\u011eERLEND\u0130R\u0130YOR&#8217;<\/b><\/p>\n<p>Elita\u015f, Bah\u00e7eli&#8217;nin &#8216;umut hakk\u0131&#8217;yla ilgili mevzuyu sal\u0131 g\u00fcnk\u00fc toplant\u0131s\u0131nda ve daha evvelki periyotlarda de beyan etti\u011fine vurgu yaparak, &#8220;Bu bahis komitedeki arkada\u015flar\u0131m\u0131z taraf\u0131ndan bedellendiriliyor. O \u00e7er\u00e7evede de bu mevzuyla ilgili rapora nihayet verildi\u011fi anda rapora da AK Parti&#8217;nin g\u00f6r\u00fc\u015f\u00fc yani b\u00fct\u00fcn partilerin g\u00f6r\u00fc\u015f\u00fc olarak intikal edecektir diye d\u00fc\u015f\u00fcn\u00fcyorum. \u0130n\u015fallah ter\u00f6rle ilgili Ulusal Dayan\u0131\u015fma Karde\u015flik ve Demokrasi Kurulu gayesine ula\u015facakt\u0131r diye d\u00fc\u015f\u00fcn\u00fcyorum. Bundan sonraki s\u00fcre\u00e7te de rapor \u00e7\u0131kt\u0131ktan sonra daima birlikte tart\u0131\u015f\u0131l\u0131r. Bu tart\u0131\u015fmalar sonucunda en olumlu, \u00f6l\u00e7\u00fcl\u00fc, herkesin kabul g\u00f6rece\u011fi bir sonu\u00e7 \u00e7\u0131kar&#8221; dedi.<\/p>\n<p>\u00a0<\/p>\n","protected":false},"excerpt":{"rendered":"<p>AKP Genel Lider Vekili Mustafa Elita\u015f, MHP Genel Ba\u015fkan\u0131 Devlet Bah\u00e7eli&#8217;nin PKK eleba\u015f\u0131 Abdullah \u00d6calan i\u00e7in &#8216;umut hakk\u0131&#8217; s\u00f6zleri ile ilgili, &#8220;Bu bahis komitedeki arkada\u015flar\u0131m\u0131z taraf\u0131ndan bedellendiriliyor. O \u00e7er\u00e7evede de bu hususla ilgili rapora nihayet verildi\u011fi anda rapora da AK Parti&#8217;nin g\u00f6r\u00fc\u015f\u00fc yani b\u00fct\u00fcn partilerin g\u00f6r\u00fc\u015f\u00fc olarak intikal edecektir diye d\u00fc\u015f\u00fcn\u00fcyorum&#8221; dedi.<\/p>\n","protected":false},"author":1,"featured_media":99056,"comment_status":"open","ping_status":"open","sticky":false,"template":"","format":"standard","meta":{"footnotes":""},"categories":[25],"tags":[147,668],"class_list":["post-99055","post","type-post","status-publish","format-standard","has-post-thumbnail","hentry","category-gundem","tag-komisyon","tag-rapor"],"_links":{"self":[{"href":"https:\/\/ikimisli.tr\/index.php\/wp-json\/wp\/v2\/posts\/99055","targetHints":{"allow":["GET"]}}],"collection":[{"href":"https:\/\/ikimisli.tr\/index.php\/wp-json\/wp\/v2\/posts"}],"about":[{"href":"https:\/\/ikimisli.tr\/index.php\/wp-json\/wp\/v2\/types\/post"}],"author":[{"embeddable":true,"href":"https:\/\/ikimisli.tr\/index.php\/wp-json\/wp\/v2\/users\/1"}],"replies":[{"embeddable":true,"href":"https:\/\/ikimisli.tr\/index.php\/wp-json\/wp\/v2\/comments?post=99055"}],"version-history":[{"count":1,"href":"https:\/\/ikimisli.tr\/index.php\/wp-json\/wp\/v2\/posts\/99055\/revisions"}],"predecessor-version":[{"id":99057,"href":"https:\/\/ikimisli.tr\/index.php\/wp-json\/wp\/v2\/posts\/99055\/revisions\/99057"}],"wp:featuredmedia":[{"embeddable":true,"href":"https:\/\/ikimisli.tr\/index.php\/wp-json\/wp\/v2\/media\/99056"}],"wp:attachment":[{"href":"https:\/\/ikimisli.tr\/index.php\/wp-json\/wp\/v2\/media?parent=99055"}],"wp:term":[{"taxonomy":"category","embeddable":true,"href":"https:\/\/ikimisli.tr\/index.php\/wp-json\/wp\/v2\/categories?post=99055"},{"taxonomy":"post_tag","embeddable":true,"href":"https:\/\/ikimisli.tr\/index.php\/wp-json\/wp\/v2\/tags?post=99055"}],"curies":[{"name":"wp","href":"https:\/\/api.w.org\/{rel}","templated":true}]}}