{"id":99090,"date":"2026-02-06T13:00:12","date_gmt":"2026-02-06T13:00:12","guid":{"rendered":"https:\/\/ikimisli.tr\/?p=99090"},"modified":"2026-02-06T13:00:12","modified_gmt":"2026-02-06T13:00:12","slug":"denizde-firtina-alarmi-seferler-iptal-edildi-dalgalar-3-metreyi-asti","status":"publish","type":"post","link":"https:\/\/ikimisli.tr\/index.php\/2026\/02\/06\/denizde-firtina-alarmi-seferler-iptal-edildi-dalgalar-3-metreyi-asti\/","title":{"rendered":"Denizde f\u0131rt\u0131na alarm\u0131: Seferler iptal edildi, dalgalar 3 metreyi a\u015ft\u0131"},"content":{"rendered":"<div>\n<p>Meteoroloji 4\u2019\u00fcnc\u00fc B\u00f6lge M\u00fcd\u00fcrl\u00fc\u011f\u00fc\u2019n\u00fcn Bodrum ile Ka\u015f ortas\u0131ndaki denizlerde f\u0131rt\u0131na ikaz\u0131n\u0131n akabinde, b\u00f6lgede olumsuz hava \u015fartlar\u0131 tesirini g\u00f6stermeye ba\u015flad\u0131. Sabah saatlerinden itibaren \u015fiddetini art\u0131ran f\u0131rt\u0131na, hem g\u00fcnl\u00fck \u00f6mr\u00fc hem de deniz trafi\u011fini olumsuz etkiledi.<\/p>\n<p><b>DALGA UZUNLU\u011eU 3 METREY\u0130 A\u015eTI<\/b><\/p>\n<p>F\u0131rt\u0131nan\u0131n tesiriyle denizde olu\u015fan dev dalgalar, k\u0131y\u0131 \u015feridinde yer yer 3 metreyi a\u015fan y\u00fcksekli\u011fe ula\u015ft\u0131. K\u0131y\u0131ya vuran sular y\u00fcr\u00fcy\u00fc\u015f yollar\u0131na kadar ula\u015f\u0131rken, denizciler limanlarda tedbirlerini art\u0131rd\u0131. R\u00fczgar\u0131n surat\u0131n\u0131n a\u00e7\u0131k denizde daha y\u00fcksek d\u00fczeylere ula\u015ft\u0131\u011f\u0131 bildirildi.<\/p>\n<p><img decoding=\"async\" src=\"https:\/\/ikimisli.tr\/wp-content\/uploads\/2026\/02\/denizde-firtina-alarmi-seferler-iptal-edildi-dalgalar-3-metreyi-asti-0-GOEwaSP5.jpg\"\/><\/p>\n<p><b>FER\u0130BOT SEFERLER\u0130 \u0130PTAL ED\u0130LD\u0130<\/b><\/p>\n<p>Denizdeki a\u011f\u0131r dalgalanma ve f\u0131rt\u0131na riski nedeniyle Bodrum-Dat\u00e7a \u00e7izgisindeki feribot seferleri \u00f6nlem gayeli durduruldu. Mu\u011fla B\u00fcy\u00fck\u015fehir Belediyesi ve ilgili i\u015fletmeler, seferlerin kar\u015f\u0131l\u0131kl\u0131 olarak iptal edildi\u011fini duyurarak vatanda\u015flar\u0131 uyard\u0131.<\/p>\n<p><b>GECE SAATLER\u0130NDE TES\u0130R\u0130N\u0130 Y\u0130T\u0130RECEK<\/b><\/p>\n<p>Hava kestirim raporlar\u0131na nazaran, saatte 80 kilometreyi bulan r\u00fczgar\u0131n gece saatlerinden itibaren surat\u0131n\u0131 d\u00fc\u015f\u00fcrmesi bekleniyor.<\/p>\n<\/p><\/div>\n","protected":false},"excerpt":{"rendered":"<p>Mu\u011fla\u2019n\u0131n Bodrum il\u00e7esinde surat\u0131 saatte 80 kilometreye ula\u015fan f\u0131rt\u0131na nedeniyle deniz ula\u015f\u0131m\u0131 durma noktas\u0131na geldi. Bodrum ile Dat\u00e7a ortas\u0131nda yap\u0131lmas\u0131 planlanan feribot seferleri kar\u015f\u0131l\u0131kl\u0131 olarak iptal edilirken, dev dalgalar k\u0131y\u0131 \u015feridini d\u00f6vd\u00fc.<\/p>\n","protected":false},"author":1,"featured_media":99091,"comment_status":"open","ping_status":"open","sticky":false,"template":"","format":"standard","meta":{"footnotes":""},"categories":[25],"tags":[105],"class_list":["post-99090","post","type-post","status-publish","format-standard","has-post-thumbnail","hentry","category-gundem","tag-deniz"],"_links":{"self":[{"href":"https:\/\/ikimisli.tr\/index.php\/wp-json\/wp\/v2\/posts\/99090","targetHints":{"allow":["GET"]}}],"collection":[{"href":"https:\/\/ikimisli.tr\/index.php\/wp-json\/wp\/v2\/posts"}],"about":[{"href":"https:\/\/ikimisli.tr\/index.php\/wp-json\/wp\/v2\/types\/post"}],"author":[{"embeddable":true,"href":"https:\/\/ikimisli.tr\/index.php\/wp-json\/wp\/v2\/users\/1"}],"replies":[{"embeddable":true,"href":"https:\/\/ikimisli.tr\/index.php\/wp-json\/wp\/v2\/comments?post=99090"}],"version-history":[{"count":1,"href":"https:\/\/ikimisli.tr\/index.php\/wp-json\/wp\/v2\/posts\/99090\/revisions"}],"predecessor-version":[{"id":99093,"href":"https:\/\/ikimisli.tr\/index.php\/wp-json\/wp\/v2\/posts\/99090\/revisions\/99093"}],"wp:featuredmedia":[{"embeddable":true,"href":"https:\/\/ikimisli.tr\/index.php\/wp-json\/wp\/v2\/media\/99091"}],"wp:attachment":[{"href":"https:\/\/ikimisli.tr\/index.php\/wp-json\/wp\/v2\/media?parent=99090"}],"wp:term":[{"taxonomy":"category","embeddable":true,"href":"https:\/\/ikimisli.tr\/index.php\/wp-json\/wp\/v2\/categories?post=99090"},{"taxonomy":"post_tag","embeddable":true,"href":"https:\/\/ikimisli.tr\/index.php\/wp-json\/wp\/v2\/tags?post=99090"}],"curies":[{"name":"wp","href":"https:\/\/api.w.org\/{rel}","templated":true}]}}