{"id":99123,"date":"2026-02-06T15:00:18","date_gmt":"2026-02-06T15:00:18","guid":{"rendered":"https:\/\/ikimisli.tr\/?p=99123"},"modified":"2026-02-06T15:00:18","modified_gmt":"2026-02-06T15:00:18","slug":"uzman-isimden-marmara-icin-7-buyuklugunde-deprem-uyarisi","status":"publish","type":"post","link":"https:\/\/ikimisli.tr\/index.php\/2026\/02\/06\/uzman-isimden-marmara-icin-7-buyuklugunde-deprem-uyarisi\/","title":{"rendered":"Uzman isimden Marmara i\u00e7in &#8216;7 b\u00fcy\u00fckl\u00fc\u011f\u00fcnde deprem&#8217; uyar\u0131s\u0131"},"content":{"rendered":"<p>Deprem neslindeki Marmara&#8217;da muhtemel zelzele i\u00e7in uzmanlardan pe\u015f pe\u015fe kritik ikazlar gelmeye devam ediyor.<\/p>\n<p>Edirne Belediyesi Atat\u00fcrk K\u00fclt\u00fcr Merkezi&#8217;nde d\u00fczenlenen &#8220;T\u00fcrkiye ve Edirne Depremselli\u011fi&#8221; bahisli konferansta konu\u015fan zelzele uzman\u0131 Prof. Dr. Okan T\u00fcys\u00fcz, kritik a\u00e7\u0131klamalarda bulundu.<\/p>\n<p>T\u00fcrkiye&#8217;nin sars\u0131nt\u0131 jenerasyonunda olan bir \u00fclke oldu\u011funa dikkati \u00e7eken sars\u0131nt\u0131 uzman\u0131, Marmara&#8217;da meydana gelen sars\u0131nt\u0131lar\u0131n Osmanl\u0131, Bizans ve Roma periyotlar\u0131na ili\u015fkin tarihi kay\u0131tlarda yer ald\u0131\u011f\u0131n\u0131 anlatt\u0131.<\/p>\n<p>T\u00fcys\u00fcz, &#8220;Ge\u00e7mi\u015fte olmu\u015f mu? Olmu\u015f. Gelecekte olur mu? Gelecekte olaca\u011f\u0131na da kesin diyebiliriz&#8221; dedi.<\/p>\n<p><img decoding=\"async\" src=\"https:\/\/ikimisli.tr\/wp-content\/uploads\/2026\/02\/uzman-isimden-marmara-icin-7-buyuklugunde-deprem-uyarisi-0-SQzrUfid.jpg\"\/><\/p>\n<p><b>\u00c7OK SAYIDA H\u0130SSED\u0130LEN ZELZELE OLDU<\/b><\/p>\n<p>T\u00fcys\u00fcz, \u0130stanbul&#8217;da hissedilen zelzeleler incelendi\u011finde Bizans devrinde 49, Osmanl\u0131 periyodunda ise 52 sars\u0131nt\u0131n\u0131n kay\u0131tlara ge\u00e7ti\u011fini, bunlar\u0131n az ya da \u00e7ok hasar olu\u015fturdu\u011funu kaydetti.<\/p>\n<p>Bilimsel \u00e7al\u0131\u015fmalar\u0131n bu beklentiyi do\u011frulad\u0131\u011f\u0131n\u0131 tabir eden T\u00fcys\u00fcz, &#8220;\u00d6zellikle 7&#8217;nin \u00fczerine \u00e7\u0131kabilecek bir zelzele m\u00fcmk\u00fcnl\u00fc\u011f\u00fc var. Bug\u00fcn kimi arkada\u015flar &#8216;Deprem olmayacak&#8217; deseler de bunlar\u0131n yapt\u0131\u011f\u0131 bu g\u00f6r\u00fc\u015fe altl\u0131k olu\u015fturabilecek rastgele bir bilimsel \u00e7al\u0131\u015fma maalesef bulunmamaktad\u0131r&#8221; diye konu\u015ftu.<\/p>\n<p>Bu sars\u0131nt\u0131lar\u0131n da\u011f\u0131l\u0131m\u0131na bak\u0131ld\u0131\u011f\u0131nda bilhassa Kuzey Anadolu Fay\u0131 \u00fczerinde Ganos segmentinde a\u011f\u0131rla\u015ft\u0131\u011f\u0131n\u0131 vurgulayan T\u00fcys\u00fcz, Marmara&#8217;da bug\u00fcn i\u00e7in \u00f6nemli bir zelzele beklentisi bulundu\u011funu lisana getirdi.<\/p>\n<p><img decoding=\"async\" src=\"https:\/\/ikimisli.tr\/wp-content\/uploads\/2026\/02\/uzman-isimden-marmara-icin-7-buyuklugunde-deprem-uyarisi-1-HWAHCrGG.jpg\"\/><\/p>\n<p><b>&#8216;OLASI EN B\u00dcY\u00dcK 7,2-7,3&#8242; OLAB\u0130L\u0130R&#8217;<\/b><\/p>\n<p>T\u00fcys\u00fcz, 1509 ve 1766 zelzelelerinin meydana geldi\u011fi b\u00f6lgede tekrar bir zelzelenin ya\u015fanaca\u011f\u0131n\u0131 vurgulayarak, &#8220;Olas\u0131 en b\u00fcy\u00fck zelzele 7,2-7,3 b\u00fcy\u00fckl\u00fc\u011f\u00fcnde olabilir. Daha k\u00fc\u00e7\u00fck zelzeleler de ya\u015fanabilir fakat 7 b\u00fcy\u00fckl\u00fc\u011f\u00fcndeki zelzele m\u00fcmk\u00fcnl\u00fc\u011f\u00fc her vakit varl\u0131\u011f\u0131n\u0131 koruyor.&#8221; tabirlerini kulland\u0131.<\/p>\n<p>Depremlere kar\u015f\u0131 \u00f6nlemlerin art\u0131r\u0131lmas\u0131 gerekti\u011fini kaydeden T\u00fcys\u00fcz, T\u00fcrkiye&#8217;de 24 vilayet, 101 il\u00e7e ve 550 k\u00f6y\u00fcn merkezi fay \u00fczerinde yer ald\u0131\u011f\u0131n\u0131 belirtti.<\/p>\n<p>T\u00fcys\u00fcz, muhtemel Marmara zelzelesinde Edirne&#8217;nin de g\u00fcney b\u00f6l\u00fcmlerinin etkilenece\u011fini bildirdi.<\/p>\n<p>Edirne Belediye Ba\u015fkan\u0131 Filiz Gencan da kentte muhtemel zelzelelere y\u00f6nelik ald\u0131klar\u0131 \u00f6nlemleri anlatt\u0131.<\/p>\n<p>Afetlerin hudut tan\u0131mad\u0131\u011f\u0131n\u0131 lisana getiren Gencan, &#8220;Olas\u0131 bir Marmara zelzelesinde Edirne yaln\u0131zca kendini koruyan de\u011fil, b\u00f6lgesine omuz veren, y\u00fck alan bir kent olmak zorundad\u0131r. Edirne&#8217;nin ger\u00e7e\u011fi yaln\u0131zca sars\u0131nt\u0131 de\u011fildir. Ta\u015fk\u0131n, sel, yang\u0131n ve hava olaylar\u0131 \u00fczere risklere kar\u015f\u0131 haz\u0131rl\u0131kl\u0131y\u0131z.&#8221; formunda konu\u015ftu.<\/p>\n<p>Programa, Edirne Baro Ba\u015fkan\u0131 G\u00f6khan Karako\u00e7, Trakya \u00dcniversitesi Rekt\u00f6r Yard\u0131mc\u0131s\u0131 Prof. Dr. Mustafa Tan, AFAD temsilcileri, arama kurtarma g\u00f6n\u00fcll\u00fcleri ve vatanda\u015flar kat\u0131ld\u0131.<\/p>\n","protected":false},"excerpt":{"rendered":"<p>Zelzele uzman\u0131 Prof. Dr. Okan T\u00fcys\u00fcz; m\u00fcmk\u00fcn Marmara&#8217;da sars\u0131nt\u0131s\u0131na ait kritik a\u00e7\u0131klamalarda bulundu. B\u00f6lgede ge\u00e7mi\u015fte b\u00fcy\u00fck zelzelelerin meydana geldi\u011fini an\u0131msatan T\u00fcys\u00fcz, &#8220;\u00d6zellikle 7&#8217;nin \u00fczerine \u00e7\u0131kabilecek bir zelzele m\u00fcmk\u00fcnl\u00fc\u011f\u00fc var&#8221; diye uyard\u0131.<\/p>\n","protected":false},"author":1,"featured_media":99124,"comment_status":"open","ping_status":"open","sticky":false,"template":"","format":"standard","meta":{"footnotes":""},"categories":[25],"tags":[285,1875,1575,10253,9213],"class_list":["post-99123","post","type-post","status-publish","format-standard","has-post-thumbnail","hentry","category-gundem","tag-deprem","tag-edirne","tag-marmara","tag-olasi","tag-tuysuz"],"_links":{"self":[{"href":"https:\/\/ikimisli.tr\/index.php\/wp-json\/wp\/v2\/posts\/99123","targetHints":{"allow":["GET"]}}],"collection":[{"href":"https:\/\/ikimisli.tr\/index.php\/wp-json\/wp\/v2\/posts"}],"about":[{"href":"https:\/\/ikimisli.tr\/index.php\/wp-json\/wp\/v2\/types\/post"}],"author":[{"embeddable":true,"href":"https:\/\/ikimisli.tr\/index.php\/wp-json\/wp\/v2\/users\/1"}],"replies":[{"embeddable":true,"href":"https:\/\/ikimisli.tr\/index.php\/wp-json\/wp\/v2\/comments?post=99123"}],"version-history":[{"count":1,"href":"https:\/\/ikimisli.tr\/index.php\/wp-json\/wp\/v2\/posts\/99123\/revisions"}],"predecessor-version":[{"id":99127,"href":"https:\/\/ikimisli.tr\/index.php\/wp-json\/wp\/v2\/posts\/99123\/revisions\/99127"}],"wp:featuredmedia":[{"embeddable":true,"href":"https:\/\/ikimisli.tr\/index.php\/wp-json\/wp\/v2\/media\/99124"}],"wp:attachment":[{"href":"https:\/\/ikimisli.tr\/index.php\/wp-json\/wp\/v2\/media?parent=99123"}],"wp:term":[{"taxonomy":"category","embeddable":true,"href":"https:\/\/ikimisli.tr\/index.php\/wp-json\/wp\/v2\/categories?post=99123"},{"taxonomy":"post_tag","embeddable":true,"href":"https:\/\/ikimisli.tr\/index.php\/wp-json\/wp\/v2\/tags?post=99123"}],"curies":[{"name":"wp","href":"https:\/\/api.w.org\/{rel}","templated":true}]}}