{"id":99162,"date":"2026-02-06T17:12:33","date_gmt":"2026-02-06T17:12:33","guid":{"rendered":"https:\/\/ikimisli.tr\/?p=99162"},"modified":"2026-02-06T17:12:33","modified_gmt":"2026-02-06T17:12:33","slug":"ege-bolgesi-saganak-yagisa-teslim-deniz-karayla-birlesti","status":"publish","type":"post","link":"https:\/\/ikimisli.tr\/index.php\/2026\/02\/06\/ege-bolgesi-saganak-yagisa-teslim-deniz-karayla-birlesti\/","title":{"rendered":"Ege B\u00f6lgesi sa\u011fanak ya\u011f\u0131\u015fa teslim: Deniz, karayla birle\u015fti"},"content":{"rendered":"<p>Meteoroloji Genel M\u00fcd\u00fcrl\u00fc\u011f\u00fc&#8217;n\u00fcn (MGM) ikazlar\u0131n\u0131n akabinde \u0130zmir ve \u00c7anakkale&#8217;de sa\u011fanak ya\u011f\u0131\u015f, Ayd\u0131n ve Mu\u011fla&#8217;da da f\u0131rt\u0131na tesirli oldu.<\/p>\n<p>\u0130zmir&#8217;de sar\u0131 kodlu sa\u011fanak s\u00fcrerken en a\u011f\u0131r ya\u011f\u0131\u015f \u00c7e\u015fme, Karaburun ve Urla&#8217;da \u00f6l\u00e7\u00fcld\u00fc.<\/p>\n<p>Urla Orman Sahas\u0131\u2019nda metrekareye 58,8 kilogram, Seferihisar\u2019da 44,4 kilogram, Karaburun\u2019da 38,5 kilogram, \u00c7e\u015fme\u2019de 33,4 kilogram, Bergama \u0130ncecikler Orman Sahas\u0131\u2019nda 30,1 kilogram, Menderes G\u00fcm\u00fcld\u00fcr\u2019de 29,4 kilogram, Narl\u0131dere\u2019de 28,5 kilogram, Dikili\u2019de 26,9 kilogram, G\u00fczelbah\u00e7e\u2019de 26,8 kilogram ya\u011f\u0131\u015f kaydedilirken, Urla merkezde 35,6 kilogram ya\u011f\u0131\u015f \u00f6l\u00e7\u00fcld\u00fc.<\/p>\n<p><img decoding=\"async\" src=\"https:\/\/ikimisli.tr\/wp-content\/uploads\/2026\/02\/ege-bolgesi-saganak-yagisa-teslim-deniz-karayla-birlesti-0-nyC8Tddu.jpg\"\/><\/p>\n<p>Konak il\u00e7esindeki birtak\u0131m caddelerde sa\u011fanak nedeniyle su birikintileri olu\u015ftu.<\/p>\n<p>Alsancak Kordon b\u00f6lgesinde ve Cumhuriyet Bulvar\u0131 ile irtibatl\u0131 caddelerde olu\u015fan su birikintileri, \u015fof\u00f6rleri ve yayalar\u0131 olumsuz etkiledi.<\/p>\n<p>Sa\u011fanak nedeniyle kent genelinde kimi caddelerde trafik yo\u011funlu\u011fu olu\u015ftu.<\/p>\n<p>Konak il\u00e7esinde bulunan Hisar Mescidi \u00f6n\u00fcndeki an\u0131t \u00e7\u0131nar a\u011fac\u0131 \u015fimdi belirlenemeyen nedenle kimi i\u015f yerlerinin \u00fczerine devrildi.\u00a0\u0130\u015f yerlerinde hasar olu\u015ftu.<\/p>\n<p><img decoding=\"async\" src=\"https:\/\/ikimisli.tr\/wp-content\/uploads\/2026\/02\/ege-bolgesi-saganak-yagisa-teslim-deniz-karayla-birlesti-1-bKt5q2IC.jpg\"\/><\/p>\n<p>Menderes il\u00e7esinde sa\u011fanak, G\u00fcm\u00fcld\u00fcr, De\u011firmendere, \u00c7am\u00f6n\u00fc, K\u00fcner ve Monopol\u00fc mahallelerinde tesirli oldu.<\/p>\n<p><img decoding=\"async\" src=\"https:\/\/ikimisli.tr\/wp-content\/uploads\/2026\/02\/ege-bolgesi-saganak-yagisa-teslim-deniz-karayla-birlesti-2-YwTelUP8.jpg\"\/><\/p>\n<p>Baz\u0131 i\u015f yeri ve konutlar ile cadde ve sokaklar\u0131 su bast\u0131.<\/p>\n<p><strong>Ayd\u0131n<\/strong><\/p>\n<p>Ku\u015fadas\u0131&#8217;na ba\u011fl\u0131 Davutlar ve G\u00fczel\u00e7aml\u0131 mahallelerinde tesirli olan f\u0131rt\u0131na nedeniyle birtak\u0131m konutlar\u0131n \u00e7at\u0131lar\u0131 u\u00e7tu.<\/p>\n<p><img decoding=\"async\" src=\"https:\/\/ikimisli.tr\/wp-content\/uploads\/2026\/02\/ege-bolgesi-saganak-yagisa-teslim-deniz-karayla-birlesti-3-BtEwJq38.jpg\"\/><\/p>\n<p>Didim&#8217;de de f\u0131rt\u0131na, k\u0131y\u0131da ve birtak\u0131m mahallelerde tesirini g\u00f6sterdi. Kuvvetli r\u00fczgar nedeniyle k\u0131y\u0131larda y\u00fcksek dalgalar olu\u015ftu.<\/p>\n<p>Dalga sular\u0131, Alt\u0131nkum K\u0131y\u0131s\u0131&#8217;nda bir kafeye kadar ula\u015ft\u0131.<\/p>\n<p>Akyenik\u00f6y Mahallesi&#8217;nde de f\u0131rt\u0131na, bir konutun \u00e7at\u0131s\u0131n\u0131 u\u00e7urdu.<\/p>\n<p><img decoding=\"async\" src=\"https:\/\/ikimisli.tr\/wp-content\/uploads\/2026\/02\/ege-bolgesi-saganak-yagisa-teslim-deniz-karayla-birlesti-4-MOIxg29v.jpg\"\/><\/p>\n<p>AFAD ile belediye gruplar\u0131, b\u00f6lgede inceleme ba\u015flatt\u0131.<\/p>\n<p><strong>Mu\u011fla<\/strong><\/p>\n<p>Bodrum&#8217;da sabah saatlerinden itibaren saatteki surat\u0131 80 kilometreye ula\u015fan f\u0131rt\u0131na nedeniyle Bodrum-Dat\u00e7a ortas\u0131ndaki feribot seferleri kar\u015f\u0131l\u0131kl\u0131 olarak iptal edildi.<\/p>\n<p><img decoding=\"async\" src=\"https:\/\/ikimisli.tr\/wp-content\/uploads\/2026\/02\/ege-bolgesi-saganak-yagisa-teslim-deniz-karayla-birlesti-5-KbwRbSy7.jpg\"\/><\/p>\n<p>Kumbah\u00e7e Mahallesi&#8217;nde k\u0131y\u0131daki kimi i\u015fletmeler dalgalardan olumsuz etkilendi\u200b\u200b\u200b\u200b\u200b\u200b\u200b. K\u0131y\u0131daki kimi iskeleler de ziyan g\u00f6rd\u00fc.<\/p>\n<p>Kent sakinleri f\u0131rt\u0131na nedeniyle kapal\u0131 yerlerde vakit ge\u00e7irmeyi tercih etti.<\/p>\n<p>F\u0131rt\u0131nan\u0131n gece saatlerinde tesirini yitirmesi bekleniyor.<\/p>\n<p>Marmaris&#8217;te de Meteoroloji yetkililerinden al\u0131nan bilgiye nazaran, g\u00fcney ve g\u00fcneydo\u011fu istikametlerinden esen r\u00fczgar\u0131n surat\u0131 saatte 45 kilometre olarak \u00f6l\u00e7\u00fcld\u00fc.<\/p>\n<p>Kuvvetli r\u00fczgar nedeniyle k\u0131y\u0131larda y\u00fcksek dalgalar olu\u015ftu, k\u0131y\u0131lardaki i\u015fletmelerin tenteleri ve \u015femsiyeleri devrildi.<\/p>\n<p><strong>\u00c7anakkale<\/strong><\/p>\n<p>Meteoroloji Genel M\u00fcd\u00fcrl\u00fc\u011f\u00fc taraf\u0131ndan \u00c7anakkale i\u00e7in yap\u0131lan &#8216;sar\u0131&#8217; kodlu ikaz\u0131n akabinde kentte tesirli olan sa\u011fanak hayat\u0131 olumsuz etkiledi.<\/p>\n<p><img decoding=\"async\" src=\"https:\/\/ikimisli.tr\/wp-content\/uploads\/2026\/02\/ege-bolgesi-saganak-yagisa-teslim-deniz-karayla-birlesti-6-rcKmH4AR.jpg\"\/><\/p>\n<p>Ayvac\u0131k il\u00e7esinde sa\u011fanak nedeniyle tar\u0131m topraklar\u0131 sular alt\u0131nda kal\u0131rken, Ayvac\u0131k&#8217;\u0131n 3 nolu giri\u015f yolu trafi\u011fe kapand\u0131.<\/p>\n<p>S\u00fcr\u00fcc\u00fcler su birikintileri nedeniyle trafikte ilerlemekte zahmet \u00e7ekti. Babadere-Tuzla ortas\u0131 menfezin ta\u015fmas\u0131 sonucu ara\u00e7lar yolda kald\u0131.<\/p>\n<p><img decoding=\"async\" src=\"https:\/\/ikimisli.tr\/wp-content\/uploads\/2026\/02\/ege-bolgesi-saganak-yagisa-teslim-deniz-karayla-birlesti-7-nuJyZxhV.jpg\"\/><\/p>\n<p>Ayr\u0131ca Ayvac\u0131k il\u00e7esi K\u00fc\u00e7\u00fck\u00e7etmi k\u00f6y\u00fcnde sa\u011fanak nedeniyle bir yolda \u00e7\u00f6kme ya\u015fand\u0131.<\/p>\n<p>\u00c7\u00f6ken yolun etraf\u0131na g\u00fcvenlik \u015feridi \u00e7ekildi.<\/p>\n","protected":false},"excerpt":{"rendered":"<p>Meteoroloji&#8217;nin Ege B\u00f6lgesi&#8217;ne y\u00f6nelik sar\u0131 kodlu ihtarlar\u0131n\u0131n akabinde \u0130zmir ba\u015fta olmak \u00fczere; \u00c7anakkale, Ayd\u0131n ve Mu\u011fla&#8217;da sa\u011fanak ve f\u0131rt\u0131na tesirli oldu. \u0130zmir&#8217;in \u00c7e\u015fme il\u00e7esinde cadde ve sokaklar g\u00f6le d\u00f6nerken denizle kara birle\u015fti.<\/p>\n","protected":false},"author":1,"featured_media":99163,"comment_status":"open","ping_status":"open","sticky":false,"template":"","format":"standard","meta":{"footnotes":""},"categories":[25],"tags":[2472,436,5206,1392,8899],"class_list":["post-99162","post","type-post","status-publish","format-standard","has-post-thumbnail","hentry","category-gundem","tag-bazi","tag-firtina","tag-ilcesi","tag-kilogram","tag-saganak"],"_links":{"self":[{"href":"https:\/\/ikimisli.tr\/index.php\/wp-json\/wp\/v2\/posts\/99162","targetHints":{"allow":["GET"]}}],"collection":[{"href":"https:\/\/ikimisli.tr\/index.php\/wp-json\/wp\/v2\/posts"}],"about":[{"href":"https:\/\/ikimisli.tr\/index.php\/wp-json\/wp\/v2\/types\/post"}],"author":[{"embeddable":true,"href":"https:\/\/ikimisli.tr\/index.php\/wp-json\/wp\/v2\/users\/1"}],"replies":[{"embeddable":true,"href":"https:\/\/ikimisli.tr\/index.php\/wp-json\/wp\/v2\/comments?post=99162"}],"version-history":[{"count":1,"href":"https:\/\/ikimisli.tr\/index.php\/wp-json\/wp\/v2\/posts\/99162\/revisions"}],"predecessor-version":[{"id":99172,"href":"https:\/\/ikimisli.tr\/index.php\/wp-json\/wp\/v2\/posts\/99162\/revisions\/99172"}],"wp:featuredmedia":[{"embeddable":true,"href":"https:\/\/ikimisli.tr\/index.php\/wp-json\/wp\/v2\/media\/99163"}],"wp:attachment":[{"href":"https:\/\/ikimisli.tr\/index.php\/wp-json\/wp\/v2\/media?parent=99162"}],"wp:term":[{"taxonomy":"category","embeddable":true,"href":"https:\/\/ikimisli.tr\/index.php\/wp-json\/wp\/v2\/categories?post=99162"},{"taxonomy":"post_tag","embeddable":true,"href":"https:\/\/ikimisli.tr\/index.php\/wp-json\/wp\/v2\/tags?post=99162"}],"curies":[{"name":"wp","href":"https:\/\/api.w.org\/{rel}","templated":true}]}}