{"id":99235,"date":"2026-02-06T21:24:12","date_gmt":"2026-02-06T21:24:12","guid":{"rendered":"https:\/\/ikimisli.tr\/?p=99235"},"modified":"2026-02-06T21:24:12","modified_gmt":"2026-02-06T21:24:12","slug":"360-bin-kisi-hala-konteynerde","status":"publish","type":"post","link":"https:\/\/ikimisli.tr\/index.php\/2026\/02\/06\/360-bin-kisi-hala-konteynerde\/","title":{"rendered":"360 bin ki\u015fi h\u00e2l\u00e2 konteynerde"},"content":{"rendered":"<p>T\u00fcrkiye6 \u015eubat 2023\u2019te asr\u0131n felaketini ya\u015fad\u0131. Kahramanmara\u015f merkezli zelzeleler, 11 kenti vurdu, 53 bin 697 ki\u015fi hayat\u0131n\u0131 kaybetti, 107 bin 213 ki\u015fi de yaraland\u0131.<\/p>\n<p>14 milyonun \u00fczerinde vatanda\u015f\u0131 etkileyen felaketin \u00fczerinden 3 y\u0131l ge\u00e7ti lakin yaralar h\u00e2l\u00e2 sar\u0131lamad\u0131. Cumhurba\u015fkanl\u0131\u011f\u0131 Strateji Ba\u015fkanl\u0131\u011f\u0131 raporuna nazaran 26 Ocak 2026 tarihi prestiji ile hala 360 bin ki\u015fi 126 bin konteynerde kal\u0131yor. Depremzedeler, \u00fc\u00e7\u00fcnc\u00fc y\u0131llar\u0131n\u0131 da mesken hasreti ile konteynerlerde ge\u00e7iriyor.<\/p>\n<p><img decoding=\"async\" src=\"https:\/\/ikimisli.tr\/wp-content\/uploads\/2026\/02\/360-bin-kisi-h-l-konteynerde-0-KDRxkC5M.jpg\"\/><\/p>\n<p>Hatay\u2019da zelzelede \u00f6lenleri anma merasimleri sessiz y\u00fcr\u00fcy\u00fc\u015fle ba\u015flad\u0131.<\/p>\n<p><strong>SORUNLAR DA\u011e G\u0130B\u0130<\/strong><\/p>\n<p>\u015eubat 2025\u2019te zelzelenin 2. y\u0131l\u0131nda 649 bin ki\u015fi konteynerlerde kal\u0131yordu. Ortadan bir y\u0131l ge\u00e7ti durum fazla de\u011fi\u015fmedi. Yaln\u0131zca Hatay\u2019da 112 bin ki\u015fi konteynerlerde ya\u015famaya devam ediyor. B\u00f6lgede pak suya, s\u0131hhat ve e\u011fitim hizmetine ula\u015fmakta zahmet \u00e7ekiliyor.<\/p>\n<p>Hatay\u2019da 133 bin 685 konut, 12 bin 868 k\u00f6y konutu ve 7 bin 202 i\u015fyeriyle toplam 153 bin 755 ba\u011f\u0131ms\u0131z k\u0131s\u0131m ka\u011f\u0131t \u00fczerinde tamamland\u0131. Lakin depremzedeler eksikler nedeniyle konutlara yerle\u015femedi. Altyap\u0131, \u00fcstyap\u0131, peyzaj, toplumsal donat\u0131, ula\u015f\u0131m ve g\u00fcvenlik meseleleri da var.<\/p>\n<p><strong>DEPREM DE\u011e\u0130L \u00c7\u00dcR\u00dcK B\u0130NA<\/strong><\/p>\n<p>17 A\u011fustos 1999\u2019daki 7.4\u2019l\u00fck\u00a0 Marmara Zelzelesinde de 19 bin ki\u015fi \u00f6ld\u00fc. Halbuki 1999-2024 ortas\u0131nda Japonya-Tayvan-\u015eili-Azerbaycan-\u00d6zbekistan\u2019da ya\u015fanan 7.7 ile 9.1 \u015fiddetindeki sars\u0131nt\u0131larda meyyit say\u0131s\u0131 700\u2019\u00fc ge\u00e7medi. 2003\u2019te Japonya\u2019da 8.3 b\u00fcy\u00fckl\u00fc\u011f\u00fcndeki sars\u0131nt\u0131da bir ki\u015fi bile \u00f6lmedi. Bu da \u2018\u2019Deprem de\u011fil \u00e7\u00fcr\u00fck bina \u00f6ld\u00fcr\u00fcr\u2019\u2019 kelam\u0131n\u0131 bir defa daha do\u011frulad\u0131.<\/p>\n<p><img decoding=\"async\" src=\"https:\/\/ikimisli.tr\/wp-content\/uploads\/2026\/02\/360-bin-kisi-h-l-konteynerde-1-ch5CXwJG.jpg\"\/><\/p>\n<p><b><span>\u00d6lenler mezarda sorumlu d\u0131\u015far\u0131da<\/span><\/b><\/p>\n<p>Depremden sonra ba\u015flayan yarg\u0131lamalar a\u011f\u0131r aksak ilerliyor. B\u00f6lgede \u201c\u00d6lenler mezarda, sorumlular d\u0131\u015far\u0131da\u201d yorumu yap\u0131l\u0131yor. Bir\u00e7ok vilayette y\u0131k\u0131lan binalar ve \u00f6l\u00fcmlere kar\u015f\u0131n kamu vazifelileri i\u00e7in yarg\u0131lama m\u00fcsaadesi verilmedi. M\u00fcteahhitler tutukland\u0131 lakin birinci duru\u015fmada tahliye edildi. KKTC\u2019li sportmen \u00e7ocuklar\u0131n can verdi\u011fi Ad\u0131yaman\u2019daki \u0130sias Otel facias\u0131nda verilen hafif mahpus cezalar\u0131 isyan ettirdi. Birtak\u0131m m\u00fcteahhitlere de \u2018\u0130yi hal indirimi\u2019 uyguland\u0131.<\/p>\n<p><img decoding=\"async\" src=\"https:\/\/ikimisli.tr\/wp-content\/uploads\/2026\/02\/360-bin-kisi-h-l-konteynerde-2-QByNSArD.jpg\"\/><\/p>\n<p>E\u015fi kolu bacaklar\u0131 enkazda kalan kad\u0131n\u00a0<\/p>\n<p><b><span>E\u011fitim sorun yuma\u011f\u0131<\/span><\/b><\/p>\n<p>Deprem b\u00f6lgelerinde konteynerlerde \u00fc\u00e7\u00fcnc\u00fc k\u0131\u015f ya\u015fan\u0131yor; e\u011fitim ve s\u0131hhatte aksamalar devam ediyor. \u00c7ocuklar \u0131s\u0131nma sorunu ya\u015fayan, kalabal\u0131k konteyner s\u0131n\u0131flarda okuyor. Yaln\u0131zca Hatay\u2019da 80 bin \u00f6\u011frenci konteyner okullarda e\u011fitim g\u00f6r\u00fcyor. Okullar yetersiz oldu\u011fu i\u00e7in ikili \u00f6\u011fretime ge\u00e7ildi. Hijyen sorunu var, velilerden pakl\u0131k i\u00e7in \u2018ba\u011f\u0131\u015f\u2019 isteniyor. Ad\u0131yaman\u2019da 13 bin 800 \u00f6\u011frenci ta\u015f\u0131mal\u0131 e\u011fitime devam ediyor; \u00f6\u011frencilerin y\u00fczde 62\u2019si beslenme dayana\u011f\u0131 alam\u0131yor. Malatya\u2019da 2 bin 200 derslik planland\u0131 fakat 857\u2019si yap\u0131ld\u0131. Kahramanmara\u015f\u2019ta hala 365 okul kullan\u0131lamaz halde bulunuyor.<\/p>\n<p><img decoding=\"async\" src=\"https:\/\/ikimisli.tr\/wp-content\/uploads\/2026\/02\/360-bin-kisi-h-l-konteynerde-3-bOKqfbBg.jpg\"\/><\/p>\n<p><b><span>Toplanan 182 milyar TL sars\u0131nt\u0131 vergisi nerede?<\/span><\/b><\/p>\n<p>1999 \u201cB\u00fcy\u00fck Marmara Depremi\u2019\u2019 sonras\u0131 26 Kas\u0131m 1999\u2019da Resmi Gazete\u2019de yay\u0131mlanan 4481 say\u0131l\u0131 Kanun ile \u201c\u00d6zel Ba\u011flant\u0131 Vergisi\u201d ismi alt\u0131nda sars\u0131nt\u0131ya haz\u0131rl\u0131k vergisi al\u0131nmaya ba\u015fland\u0131. S\u00fcreksiz olan bu vergi 2000 y\u0131l\u0131 sonunda kald\u0131r\u0131lmad\u0131 ve 23 Kas\u0131m 2000\u2019de TBMM\u2019de kabul edilen 4605 say\u0131l\u0131 kanun ile kal\u0131c\u0131 hale getirildi. \u00c7eyrek y\u00fczy\u0131ld\u0131r vatanda\u015ftan \u201cSizi sa\u011flam binalara kavu\u015fturaca\u011f\u0131z\u201d diye para al\u0131nd\u0131. 2000-2025 y\u0131l\u0131 sonuna kadar 182 milyar 37 milyon TL topland\u0131.<\/p>\n","protected":false},"excerpt":{"rendered":"<p>Merkez \u00fcss\u00fc Kahramanmara\u015f olan iki sars\u0131nt\u0131da 53 bin 697 ki\u015fi hayat\u0131n\u0131 kaybetti, 107 bin ki\u015fi yaraland\u0131. Milyonlarca insan evsiz kald\u0131. Sars\u0131nt\u0131n\u0131n \u00fczerinden \u00fc\u00e7 tam y\u0131l ge\u00e7mesine kar\u015f\u0131n yaralar sar\u0131lamad\u0131. Ac\u0131lar\u0131 h\u00e2l\u00e2 taze depremzedeler kuvvetli \u015fartlarda ya\u015f\u0131yor.<\/p>\n","protected":false},"author":1,"featured_media":99236,"comment_status":"open","ping_status":"open","sticky":false,"template":"","format":"standard","meta":{"footnotes":""},"categories":[25],"tags":[2852,6386,285,4641,698],"class_list":["post-99235","post","type-post","status-publish","format-standard","has-post-thumbnail","hentry","category-gundem","tag-2852","tag-6386","tag-deprem","tag-konteyner","tag-sorun"],"_links":{"self":[{"href":"https:\/\/ikimisli.tr\/index.php\/wp-json\/wp\/v2\/posts\/99235","targetHints":{"allow":["GET"]}}],"collection":[{"href":"https:\/\/ikimisli.tr\/index.php\/wp-json\/wp\/v2\/posts"}],"about":[{"href":"https:\/\/ikimisli.tr\/index.php\/wp-json\/wp\/v2\/types\/post"}],"author":[{"embeddable":true,"href":"https:\/\/ikimisli.tr\/index.php\/wp-json\/wp\/v2\/users\/1"}],"replies":[{"embeddable":true,"href":"https:\/\/ikimisli.tr\/index.php\/wp-json\/wp\/v2\/comments?post=99235"}],"version-history":[{"count":1,"href":"https:\/\/ikimisli.tr\/index.php\/wp-json\/wp\/v2\/posts\/99235\/revisions"}],"predecessor-version":[{"id":99241,"href":"https:\/\/ikimisli.tr\/index.php\/wp-json\/wp\/v2\/posts\/99235\/revisions\/99241"}],"wp:featuredmedia":[{"embeddable":true,"href":"https:\/\/ikimisli.tr\/index.php\/wp-json\/wp\/v2\/media\/99236"}],"wp:attachment":[{"href":"https:\/\/ikimisli.tr\/index.php\/wp-json\/wp\/v2\/media?parent=99235"}],"wp:term":[{"taxonomy":"category","embeddable":true,"href":"https:\/\/ikimisli.tr\/index.php\/wp-json\/wp\/v2\/categories?post=99235"},{"taxonomy":"post_tag","embeddable":true,"href":"https:\/\/ikimisli.tr\/index.php\/wp-json\/wp\/v2\/tags?post=99235"}],"curies":[{"name":"wp","href":"https:\/\/api.w.org\/{rel}","templated":true}]}}