{"id":99252,"date":"2026-02-06T22:12:08","date_gmt":"2026-02-06T22:12:08","guid":{"rendered":"https:\/\/ikimisli.tr\/?p=99252"},"modified":"2026-02-06T22:12:08","modified_gmt":"2026-02-06T22:12:08","slug":"ataturkten-esirgediler-ranta-actilar","status":"publish","type":"post","link":"https:\/\/ikimisli.tr\/index.php\/2026\/02\/06\/ataturkten-esirgediler-ranta-actilar\/","title":{"rendered":"Atat\u00fcrk\u2019ten esirgediler ranta a\u00e7t\u0131lar"},"content":{"rendered":"<p>Ulu\u00a0\u00d6nder Mustafa Kemal Atat\u00fcrk\u2019\u00fcn g\u00fc\u00e7 kaidelerde kurdu\u011fu Cumhuriyet\u2019in yap\u0131tlar\u0131n\u0131 mirasyedi \u00fczere yok k\u0131ymetine satan iktidar art\u0131k de \u0130stanbul \u015eile\u2019de Atat\u00fcrk Orman\u0131\u2019n\u0131n \u00e7abucak yan\u0131ndaki ormanl\u0131k alan\u0131 sat\u0131\u015fa \u00e7\u0131kard\u0131. Hazine ve Maliye Bakanl\u0131\u011f\u0131\u2019na ba\u011fl\u0131 \u00d6zelle\u015ftirme Y\u00f6netimi Ba\u015fkanl\u0131\u011f\u0131 (\u00d6\u0130B) taraf\u0131ndan sat\u0131\u015f ilan\u0131 verilen 20 bin 800 metrekarelik k\u0131ymet bi\u00e7ilmez alan tapu kay\u0131tlar\u0131nda \u2018tarla\u2019 olarak g\u00f6r\u00fcn\u00fcyor. Lakin \u00fczeri orman a\u011fa\u00e7lar\u0131yla kapl\u0131 alan Atat\u00fcrk Orman\u0131\u2019ndan 1997 y\u0131l\u0131nda 2b uygulamas\u0131yla kopar\u0131lm\u0131\u015f, \u00fczerine rastgele bir yap\u0131 dikilmedi\u011fi i\u00e7in de \u00f6ylece kalm\u0131\u015ft\u0131.<\/p>\n<p><strong>BAKANLIK NEREDE?<\/strong><\/p>\n<p>Hazine\u2019nin fiilen orman vasf\u0131 ta\u015f\u0131yan alan\u0131 Atat\u00fcrk Orman\u0131\u2019n\u0131n i\u00e7ine almak yerine hara\u00e7 mezat sat\u0131\u015fa \u00e7\u0131karmas\u0131 ormanc\u0131lar\u0131n b\u00fcy\u00fck yans\u0131s\u0131n\u0131 \u00e7ekti. Orman m\u00fchendisleri, \u201cO alan Atat\u00fcrk Orman\u0131\u2019n\u0131 m\u00fcdafaa a\u00e7\u0131s\u0131ndan kritik k\u0131ymete sahip bir yer. Tar\u0131m ve Orman Bakanl\u0131\u011f\u0131 \u015fimdiye kadar bu alan\u0131 Atat\u00fcrk Orman\u0131\u2019na katmak i\u00e7in harekete ge\u00e7meliydi. Ge\u00e7 kal\u0131nm\u0131\u015f de\u011fil. Art\u0131k de talep edilip arsa sat\u0131\u015f listesinden \u00e7\u0131kar\u0131labilir. Buras\u0131 o denli kolay vazge\u00e7ilebilecek bir alan de\u011fil. O orman ranta a\u00e7\u0131l\u0131rsa Atat\u00fcrk Orman\u0131 da tehlikeye girer\u201d uya- <br \/>r\u0131s\u0131nda bulundular.<\/p>\n<p><strong>500 M\u0130LYON L\u0130RA \u0130\u00c7\u0130N<\/strong><\/p>\n<p>Sat\u0131\u015fa \u00e7\u0131kar\u0131lan \u2018tarla\u2019 vas\u0131fl\u0131 orman alan\u0131 \u015eile\u2019nin en pahal\u0131 b\u00f6lgeleri ortas\u0131nda yer al\u0131yor. Hazine yerinin \u00e7abucak yanda 7 villal\u0131, havuzlu l\u00fcks bir site yer al\u0131yor. B\u00f6lgede konut imarl\u0131 yerler metrekaresi 25 bin liradan sat\u0131l\u0131yor. A\u00e7\u0131k art\u0131rmayla ihaleye \u00e7\u0131kar\u0131lan alan\u0131n 500 milyon lira civar\u0131nda bir paraya sat\u0131labilece\u011fi, fakat imar de\u011fi\u015fikli\u011fiyle alan\u0131n daha k\u0131ymetli hale getirilebilece\u011fi belirtiliyor.<\/p>\n<p><img decoding=\"async\" src=\"https:\/\/ikimisli.tr\/wp-content\/uploads\/2026\/02\/ataturkten-esirgediler-ranta-actilar-0-1KdB9hK6.jpg\"\/><\/p>\n<p><b><span>7 KENTTE TOPLAM 124.2 B\u0130N KUPON ARSA<\/span><\/b><\/p>\n<p>\u00d6zelle\u015ftirme Y\u00f6netimi Ba\u015fkanl\u0131\u011f\u0131, \u015eile\u2019deki fiili orman alan\u0131yla birlikte 7 kentteki toplam 124 bin 210 metrekare kamu arsa ve topra\u011f\u0131n\u0131 sat\u0131\u015fa \u00e7\u0131kard\u0131. Toplam 110 milyon lira s\u00fcreksiz teminat bedeliyle sat\u0131\u015fa \u00e7\u0131kar\u0131lan arsa ve topraklar \u0130stanbul, Ankara, Antalya, Mu\u011fla (Bodrum), Nev\u015fehir, Konya ve \u015eanl\u0131urfa\u2019da bulunuyor. Bodrum G\u00f6k\u00e7ebel\u2019de sat\u0131lacak arsa birbirine yak\u0131n 4 ba\u015fka parselden olu\u015fuyor. Sat\u0131lacak emlak\u0131n 11 bin 835 metrekaresi Antalya\u2019n\u0131n turistik Manavgat il\u00e7esinde yer al\u0131yor. Konya\u2019daki 35 bin 402 metrekare arsa ile Ankara, Nev\u015fehir ve \u015eanl\u0131urfa\u2019daki emlak da bu ay\u0131n sonuna kadar sat\u0131lm\u0131\u015f olacak.<\/p>\n","protected":false},"excerpt":{"rendered":"<p>\u0130stanbul \u015eile\u2019de Atat\u00fcrk Orman\u0131\u2019n\u0131n \u00e7abucak taban\u0131ndaki 21 d\u00f6n\u00fcml\u00fck arazi rant i\u00e7in sat\u0131\u015fa \u00e7\u0131kar\u0131ld\u0131. Hazine ve Maliye Bakanl\u0131\u011f\u0131\u2019n\u0131n araziyi \u00f6zelle\u015ftirme at\u0131l\u0131m\u0131na Tar\u0131m ve Orman Bakanl\u0131\u011f\u0131 ise tepki vermeyerek sessiz kald\u0131.<\/p>\n","protected":false},"author":1,"featured_media":99253,"comment_status":"open","ping_status":"open","sticky":false,"template":"","format":"standard","meta":{"footnotes":""},"categories":[24],"tags":[1703,289,10262,1927,505],"class_list":["post-99252","post","type-post","status-publish","format-standard","has-post-thumbnail","hentry","category-ekonomi","tag-alani","tag-arsa","tag-ataturk-ormani","tag-metrekare","tag-orman"],"_links":{"self":[{"href":"https:\/\/ikimisli.tr\/index.php\/wp-json\/wp\/v2\/posts\/99252","targetHints":{"allow":["GET"]}}],"collection":[{"href":"https:\/\/ikimisli.tr\/index.php\/wp-json\/wp\/v2\/posts"}],"about":[{"href":"https:\/\/ikimisli.tr\/index.php\/wp-json\/wp\/v2\/types\/post"}],"author":[{"embeddable":true,"href":"https:\/\/ikimisli.tr\/index.php\/wp-json\/wp\/v2\/users\/1"}],"replies":[{"embeddable":true,"href":"https:\/\/ikimisli.tr\/index.php\/wp-json\/wp\/v2\/comments?post=99252"}],"version-history":[{"count":1,"href":"https:\/\/ikimisli.tr\/index.php\/wp-json\/wp\/v2\/posts\/99252\/revisions"}],"predecessor-version":[{"id":99255,"href":"https:\/\/ikimisli.tr\/index.php\/wp-json\/wp\/v2\/posts\/99252\/revisions\/99255"}],"wp:featuredmedia":[{"embeddable":true,"href":"https:\/\/ikimisli.tr\/index.php\/wp-json\/wp\/v2\/media\/99253"}],"wp:attachment":[{"href":"https:\/\/ikimisli.tr\/index.php\/wp-json\/wp\/v2\/media?parent=99252"}],"wp:term":[{"taxonomy":"category","embeddable":true,"href":"https:\/\/ikimisli.tr\/index.php\/wp-json\/wp\/v2\/categories?post=99252"},{"taxonomy":"post_tag","embeddable":true,"href":"https:\/\/ikimisli.tr\/index.php\/wp-json\/wp\/v2\/tags?post=99252"}],"curies":[{"name":"wp","href":"https:\/\/api.w.org\/{rel}","templated":true}]}}