{"id":99296,"date":"2026-02-07T00:36:10","date_gmt":"2026-02-07T00:36:10","guid":{"rendered":"https:\/\/ikimisli.tr\/?p=99296"},"modified":"2026-02-07T00:36:10","modified_gmt":"2026-02-07T00:36:10","slug":"saraydan-cok-konusulacak-ocalan-cikisi","status":"publish","type":"post","link":"https:\/\/ikimisli.tr\/index.php\/2026\/02\/07\/saraydan-cok-konusulacak-ocalan-cikisi\/","title":{"rendered":"Saray&#8217;dan \u00e7ok konu\u015fulacak \u00d6calan \u00e7\u0131k\u0131\u015f\u0131!"},"content":{"rendered":"<p>\u2018Umut hakk\u0131\u2019na ait Saray\u2019dan birinci a\u00e7\u0131klama geldi. U\u00e7um, MHP Genel Lider Yard\u0131mc\u0131s\u0131 Feti Y\u0131ld\u0131z&#8217;\u0131n a\u00e7\u0131klamalar\u0131na dayanak verdi. &#8216;Umut hakk\u0131&#8217;n\u0131n ter\u00f6ristba\u015f\u0131 Abdullah \u00d6calan&#8217;\u0131 kapsad\u0131\u011f\u0131n\u0131 s\u00f6yledi.<\/p>\n<p>U\u00e7um, Evet, umut hakk\u0131 Feti beyin etrafl\u0131ca a\u00e7\u0131klad\u0131\u011f\u0131 \u00fczere \u015fahsa has yahut \u00d6calan\u2019a y\u00f6nelik bir tahliye imkan\u0131 de\u011fildir. Umut hakk\u0131 genel olarak da direkt tahliye imkan\u0131 de\u011fildir. Umut hakk\u0131 \u00f6m\u00fcr uzunlu\u011fu cezaevinde kalacak halde karar kurulmu\u015f herkese kuralla sal\u0131verme imkan\u0131n\u0131n yanl\u0131\u015fs\u0131z tabirle umudunun verilmesidir.&#8221; dedi.<\/p>\n<p>U\u00e7um \u015fu s\u00f6zleri kulland\u0131:\u00a0<\/p>\n<p>Yani belirtildi\u011fi \u00fczere umut hakk\u0131 kuralla sal\u0131verme umududur. Bu imkan \u015fu anda kapsam d\u0131\u015f\u0131nda olan mahkumlara de tan\u0131nd\u0131\u011f\u0131nda tekrar kaideyle sal\u0131vermenin as\u0131llar\u0131 uygulanacakt\u0131r. En ge\u00e7 alt\u0131 ayda bir k\u0131ymetlendirme yapacak Y\u00f6netim ve M\u00fc\u015fahede \u015euras\u0131n\u0131n yahut itiraz halinde \u0130nfaz Hakimli\u011finin karar\u0131na nazaran s\u00fcre\u00e7 yap\u0131lacakt\u0131r. Otomatik bir uygulama olmayacakt\u0131r.<\/p>\n<p>Umut hakk\u0131 kapsam\u0131na giren mahkumlar ise \u015funlard\u0131r:<\/p>\n<p>A\u011f\u0131rla\u015ft\u0131r\u0131lm\u0131\u015f m\u00fcebbet mahpus cezas\u0131n\u0131 a\u015fik\u00e2r hatalardan alanlar,<\/p>\n<p>ge\u00e7mi\u015fte vefat cezalar\u0131 m\u00fcebbet a\u011f\u0131r mahpus cezas\u0131na yahut a\u011f\u0131rla\u015ft\u0131r\u0131lm\u0131\u015f m\u00fcebbet mahpus cezas\u0131na d\u00f6n\u00fc\u015ft\u00fcr\u00fclen ter\u00f6r su\u00e7lular\u0131 ve ter\u00f6r hatal\u0131s\u0131 olarak a\u011f\u0131rla\u015ft\u0131r\u0131lm\u0131\u015f m\u00fcebbet cezas\u0131 alanlar. Bu mahkumlar\u0131n kapsam\u0131na \u00d6calan da girmektedir. S\u0131k\u0131nt\u0131 bundan ibarettir.<\/p>\n","protected":false},"excerpt":{"rendered":"<p>Cumhurba\u015fkan\u0131 ve AKP Genel Ba\u015fkan\u0131 Recep Tayyip Erdo\u011fan&#8217;\u0131n ba\u015fdan\u0131\u015fman\u0131 Mehmet U\u00e7um ter\u00f6rist ba\u015f\u0131 Abdullah \u00d6calan&#8217;a y\u00f6nelik &#8216;umut hakk\u0131&#8217; tart\u0131\u015fmalar\u0131na de\u011findi.<\/p>\n","protected":false},"author":1,"featured_media":99297,"comment_status":"open","ping_status":"open","sticky":false,"template":"","format":"standard","meta":{"footnotes":""},"categories":[25],"tags":[10243],"class_list":["post-99296","post","type-post","status-publish","format-standard","has-post-thumbnail","hentry","category-gundem","tag-umut-hakki"],"_links":{"self":[{"href":"https:\/\/ikimisli.tr\/index.php\/wp-json\/wp\/v2\/posts\/99296","targetHints":{"allow":["GET"]}}],"collection":[{"href":"https:\/\/ikimisli.tr\/index.php\/wp-json\/wp\/v2\/posts"}],"about":[{"href":"https:\/\/ikimisli.tr\/index.php\/wp-json\/wp\/v2\/types\/post"}],"author":[{"embeddable":true,"href":"https:\/\/ikimisli.tr\/index.php\/wp-json\/wp\/v2\/users\/1"}],"replies":[{"embeddable":true,"href":"https:\/\/ikimisli.tr\/index.php\/wp-json\/wp\/v2\/comments?post=99296"}],"version-history":[{"count":1,"href":"https:\/\/ikimisli.tr\/index.php\/wp-json\/wp\/v2\/posts\/99296\/revisions"}],"predecessor-version":[{"id":99298,"href":"https:\/\/ikimisli.tr\/index.php\/wp-json\/wp\/v2\/posts\/99296\/revisions\/99298"}],"wp:featuredmedia":[{"embeddable":true,"href":"https:\/\/ikimisli.tr\/index.php\/wp-json\/wp\/v2\/media\/99297"}],"wp:attachment":[{"href":"https:\/\/ikimisli.tr\/index.php\/wp-json\/wp\/v2\/media?parent=99296"}],"wp:term":[{"taxonomy":"category","embeddable":true,"href":"https:\/\/ikimisli.tr\/index.php\/wp-json\/wp\/v2\/categories?post=99296"},{"taxonomy":"post_tag","embeddable":true,"href":"https:\/\/ikimisli.tr\/index.php\/wp-json\/wp\/v2\/tags?post=99296"}],"curies":[{"name":"wp","href":"https:\/\/api.w.org\/{rel}","templated":true}]}}